{"id":100761,"date":"2020-10-04T09:40:00","date_gmt":"2020-10-04T13:40:00","guid":{"rendered":"https:\/\/linitiative.ca\/International\/coup-denvoi-le-28-novembre-pour-la-ligue-1-et-le-21-decembre-pour-la-ligue-2\/"},"modified":"2020-10-04T09:40:00","modified_gmt":"2020-10-04T13:40:00","slug":"coup-denvoi-le-28-novembre-pour-la-ligue-1-et-le-21-decembre-pour-la-ligue-2","status":"publish","type":"post","link":"https:\/\/linitiative.ca\/International\/coup-denvoi-le-28-novembre-pour-la-ligue-1-et-le-21-decembre-pour-la-ligue-2\/","title":{"rendered":"Coup d&rsquo;envoi le 28 novembre pour la Ligue 1 et le 21 d\u00e9cembre pour la Ligue 2"},"content":{"rendered":"<div id=\"originalText\" readability=\"44\">\n<p>Le coup d&rsquo;envoi du championnat de Ligue 1 de football (exercice 2020-2021), initialement pr\u00e9vu pour le 20 novembre, a \u00e9t\u00e9 report\u00e9 au 28 du m\u00eame mois, a-t-on appris dimanche aupr\u00e8s du bureau f\u00e9d\u00e9ral de la F\u00e9d\u00e9ration alg\u00e9rienne (FAF), a r\u00e9percut\u00e9 l\u2019APS.<\/p>\n<p>Concernant le championnat de Ligue 2, le bureau f\u00e9d\u00e9ral, actuellement en r\u00e9union ordinaire, a fix\u00e9 la date du 21 d\u00e9cembre pour le d\u00e9but de l&rsquo;exercice 2020-2021.<\/p>\n<p class=\"c6\"><strong>R\u00e9daction Web<\/strong><\/p>\n<\/div>\n<div id=\"text_core\" readability=\"44\">\n<p>Le coup d&rsquo;envoi du championnat de Ligue 1 de football (exercice 2020-2021), initialement pr\u00e9vu pour le 20 novembre, a \u00e9t\u00e9 report\u00e9 au 28 du m\u00eame mois, a-t-on appris dimanche aupr\u00e8s du bureau f\u00e9d\u00e9ral de la F\u00e9d\u00e9ration alg\u00e9rienne (FAF), a r\u00e9percut\u00e9 l\u2019APS.<\/p>\n<p>Concernant le championnat de Ligue 2, le bureau f\u00e9d\u00e9ral, actuellement en r\u00e9union ordinaire, a fix\u00e9 la date du 21 d\u00e9cembre pour le d\u00e9but de l&rsquo;exercice 2020-2021.<\/p>\n<p class=\"c6\"><strong>R\u00e9daction Web<\/strong><\/p>\n<\/div>\n<p>Auteur:<br \/>\n<a href=\"https:\/\/www.liberte-algerie.com\/actualite\/coup-denvoi-le-28-novembre-pour-la-ligue-1-et-le-21-decembre-pour-la-ligue-2-346678\">Cliquez ici pour lire l&rsquo;article depuis sa source.<\/a><\/p>\n","protected":false},"excerpt":{"rendered":"<p>Le coup d&rsquo;envoi du championnat de Ligue 1 de football (exercice 2020-2021), initialement pr\u00e9vu pour le 20 novembre, a \u00e9t\u00e9 report\u00e9 au 28 du m\u00eame mois, a-t-on appris dimanche aupr\u00e8s du bureau f\u00e9d\u00e9ral de la F\u00e9d\u00e9ration alg\u00e9rienne (FAF), a r\u00e9percut\u00e9 l\u2019APS. Concernant le championnat de Ligue 2, le bureau f\u00e9d\u00e9ral, actuellement en r\u00e9union ordinaire, a [&hellip;]<\/p>\n","protected":false},"author":1742,"featured_media":0,"comment_status":"closed","ping_status":"closed","sticky":false,"template":"","format":"standard","meta":{"fifu_image_url":"","fifu_image_alt":"","footnotes":""},"categories":[73,53],"tags":[],"class_list":["post-100761","post","type-post","status-publish","format-standard","hentry","category-actualite","category-algerie"],"_links":{"self":[{"href":"https:\/\/linitiative.ca\/International\/wp-json\/wp\/v2\/posts\/100761","targetHints":{"allow":["GET"]}}],"collection":[{"href":"https:\/\/linitiative.ca\/International\/wp-json\/wp\/v2\/posts"}],"about":[{"href":"https:\/\/linitiative.ca\/International\/wp-json\/wp\/v2\/types\/post"}],"author":[{"embeddable":true,"href":"https:\/\/linitiative.ca\/International\/wp-json\/wp\/v2\/users\/1742"}],"replies":[{"embeddable":true,"href":"https:\/\/linitiative.ca\/International\/wp-json\/wp\/v2\/comments?post=100761"}],"version-history":[{"count":0,"href":"https:\/\/linitiative.ca\/International\/wp-json\/wp\/v2\/posts\/100761\/revisions"}],"wp:attachment":[{"href":"https:\/\/linitiative.ca\/International\/wp-json\/wp\/v2\/media?parent=100761"}],"wp:term":[{"taxonomy":"category","embeddable":true,"href":"https:\/\/linitiative.ca\/International\/wp-json\/wp\/v2\/categories?post=100761"},{"taxonomy":"post_tag","embeddable":true,"href":"https:\/\/linitiative.ca\/International\/wp-json\/wp\/v2\/tags?post=100761"}],"curies":[{"name":"wp","href":"https:\/\/api.w.org\/{rel}","templated":true}]}}