{"id":100775,"date":"2020-10-04T14:53:28","date_gmt":"2020-10-04T18:53:28","guid":{"rendered":"https:\/\/linitiative.ca\/International\/article-1067944\/"},"modified":"2020-10-04T14:53:28","modified_gmt":"2020-10-04T18:53:28","slug":"article-1067944","status":"publish","type":"post","link":"https:\/\/linitiative.ca\/International\/article-1067944\/","title":{"rendered":"Article 1067944"},"content":{"rendered":"<div class=\"author\" readability=\"5.6949152542373\"> Par <a href=\"\/content\/ahlam-nazih\"> Ahlam NAZIH<\/a> <a href=\"\/node\/\"> <\/a> | Edition N\u00b0:5856 Le 02\/10\/2020 | Partager <\/div>\n<div class=\"body\">\n<div class=\"field field-name-body field-type-text-with-summary field-label-hidden\">\n<div class=\"field-items\" readability=\"8.5\">\n<div class=\"field-item even\" property=\"content:encoded\" readability=\"12\">\n<p class=\"rtejustify\">Le Japon offre des bourses aux jeunes fonctionnaires ou salari\u00e9s du priv\u00e9 souhaitant s\u2019inscrire en master ou effectuer un stage au Japon, dans le cadre de l\u2019initiative \u00abAfrican Business Education\u00bb. La bourse propos\u00e9e couvre les frais de transport, d\u2019h\u00e9bergement et de s\u00e9jour. Une exemption totale des frais d\u2019inscription aux universit\u00e9s japonaises est \u00e9galement accord\u00e9e. Les candidatures peuvent \u00eatre d\u00e9pos\u00e9es (ou envoy\u00e9es par voie postale) au bureau de l\u2019Agence japonaise de coop\u00e9ration internationale (JICA) \u00e0 Rabat jusqu\u2019au 15 octobre.<br \/><em>\u00a0A.Na\u00a0 <\/em><\/p>\n<\/div>\n<\/div>\n<\/div>\n<\/div>\n<div class=\"eco-conseil\">\n<div class=\"view view-eco-conseil-16 view-id-eco_conseil_16 view-display-id-cookies view-dom-id-4d4be73fde9e1c07dacad6b05d8341ae\">\n<div class=\"view-content\">\n<div id=\"views-bootstrap-grid-1\" class=\"views-bootstrap-grid-plugin-style\">\n<div class=\"row\">\n<div class=\" col-xs-12 col-lg-4\">\n<div class=\"row\">\n<div class=\"col col-xs-12 col-lg-12\">\n<div class=\"field-content\"><a href=\"\/article\/1067943-nouveau-dg-chez-euler-hermes-acmar\"><img loading=\"lazy\" decoding=\"async\" class=\"img-responsive\" typeof=\"foaf:Image\" src=\"https:\/\/www.leconomiste.com\/sites\/default\/files\/eco7\/public\/styles\/800x400\/public\/default_images\/default_une.jpg?itok=4jZlgnIZ\" width=\"660\" height=\"330\" alt=\"\"\/><\/a><\/div>\n<\/div>\n<div class=\" title_suite_2 col col-xs-12 col-lg-12\"> <a href=\"\/article\/1067943-nouveau-dg-chez-euler-hermes-acmar\"\/><span class=\"field-content\">Nouveau DG chez Euler Hermes Acmar<\/span><\/div>\n<\/div>\n<\/div>\n<div class=\" col-xs-12 col-lg-4\">\n<div class=\"row\">\n<div class=\"col col-xs-12 col-lg-12\">\n<div class=\"field-content\"><a href=\"\/article\/1067942-les-financements-verts-arrivent\"><img loading=\"lazy\" decoding=\"async\" class=\"img-responsive\" typeof=\"foaf:Image\" src=\"https:\/\/www.leconomiste.com\/sites\/default\/files\/eco7\/public\/styles\/800x400\/public\/default_images\/default_une.jpg?itok=4jZlgnIZ\" width=\"660\" height=\"330\" alt=\"\"\/><\/a><\/div>\n<\/div>\n<div class=\" title_suite_2 col col-xs-12 col-lg-12\"> <a href=\"\/article\/1067942-les-financements-verts-arrivent\"\/><span class=\"field-content\">Les financements verts arrivent <\/span><\/div>\n<\/div>\n<\/div>\n<div class=\" col-xs-12 col-lg-4\">\n<div class=\"row\">\n<div class=\"col col-xs-12 col-lg-12\">\n<div class=\"field-content\"><a href=\"\/article\/1067941-digitalisation-industrielle-l-ocp-cree-une-filiale-dediee\"><img loading=\"lazy\" decoding=\"async\" class=\"img-responsive\" typeof=\"foaf:Image\" src=\"https:\/\/www.leconomiste.com\/sites\/default\/files\/eco7\/public\/styles\/800x400\/public\/default_images\/default_une.jpg?itok=4jZlgnIZ\" width=\"660\" height=\"330\" alt=\"\"\/><\/a><\/div>\n<\/div>\n<div class=\" title_suite_2 col col-xs-12 col-lg-12\"> <a href=\"\/article\/1067941-digitalisation-industrielle-l-ocp-cree-une-filiale-dediee\"\/><span class=\"field-content\">Digitalisation industrielle: L\u2019OCP cr\u00e9e une filiale d\u00e9di\u00e9e<\/span><\/div>\n<\/div>\n<\/div>\n<\/div>\n<\/div>\n<\/div>\n<\/div>\n<\/div>\n<p>Auteur: hlafriqi<br \/>\n<a href=\"https:\/\/www.leconomiste.com\/article\/1067944-des-bourses-japonaises-pour-les-fonctionnaires-et-salaries\">Cliquez ici pour lire l&rsquo;article depuis sa source.<\/a><\/p>\n","protected":false},"excerpt":{"rendered":"<p>Par Ahlam NAZIH | Edition N\u00b0:5856 Le 02\/10\/2020 | Partager Le Japon offre des bourses aux jeunes fonctionnaires ou salari\u00e9s du priv\u00e9 souhaitant s\u2019inscrire en master ou effectuer un stage au Japon, dans le cadre de l\u2019initiative \u00abAfrican Business Education\u00bb. La bourse propos\u00e9e couvre les frais de transport, d\u2019h\u00e9bergement et de s\u00e9jour. Une exemption totale [&hellip;]<\/p>\n","protected":false},"author":1763,"featured_media":0,"comment_status":"closed","ping_status":"closed","sticky":false,"template":"","format":"standard","meta":{"fifu_image_url":"","fifu_image_alt":"","footnotes":""},"categories":[78,54],"tags":[],"class_list":["post-100775","post","type-post","status-publish","format-standard","hentry","category-economie","category-maroc"],"_links":{"self":[{"href":"https:\/\/linitiative.ca\/International\/wp-json\/wp\/v2\/posts\/100775","targetHints":{"allow":["GET"]}}],"collection":[{"href":"https:\/\/linitiative.ca\/International\/wp-json\/wp\/v2\/posts"}],"about":[{"href":"https:\/\/linitiative.ca\/International\/wp-json\/wp\/v2\/types\/post"}],"author":[{"embeddable":true,"href":"https:\/\/linitiative.ca\/International\/wp-json\/wp\/v2\/users\/1763"}],"replies":[{"embeddable":true,"href":"https:\/\/linitiative.ca\/International\/wp-json\/wp\/v2\/comments?post=100775"}],"version-history":[{"count":0,"href":"https:\/\/linitiative.ca\/International\/wp-json\/wp\/v2\/posts\/100775\/revisions"}],"wp:attachment":[{"href":"https:\/\/linitiative.ca\/International\/wp-json\/wp\/v2\/media?parent=100775"}],"wp:term":[{"taxonomy":"category","embeddable":true,"href":"https:\/\/linitiative.ca\/International\/wp-json\/wp\/v2\/categories?post=100775"},{"taxonomy":"post_tag","embeddable":true,"href":"https:\/\/linitiative.ca\/International\/wp-json\/wp\/v2\/tags?post=100775"}],"curies":[{"name":"wp","href":"https:\/\/api.w.org\/{rel}","templated":true}]}}