{"id":100776,"date":"2020-10-04T10:23:28","date_gmt":"2020-10-04T14:23:28","guid":{"rendered":"https:\/\/linitiative.ca\/International\/un-complexe-dinferiorite-a-loeuvre\/"},"modified":"2020-10-04T10:23:28","modified_gmt":"2020-10-04T14:23:28","slug":"un-complexe-dinferiorite-a-loeuvre","status":"publish","type":"post","link":"https:\/\/linitiative.ca\/International\/un-complexe-dinferiorite-a-loeuvre\/","title":{"rendered":"Un complexe d\u2019inf\u00e9riorit\u00e9 \u00e0 l\u2019\u0153uvre"},"content":{"rendered":"<p class=\"p1 c4\"><span class=\"c3\"><span class=\"s1 c2\"><strong>LE TEMPS \u2013 Salah BEN HAMADI<\/strong><\/span><\/span><\/p>\n<p class=\"p1 c4\">\u00a0<\/p>\n<p class=\"p1 c5\"><span class=\"c3\"><strong>Interrog\u00e9 sur les raisons de la passivit\u00e9 des scientifiques et m\u00e9decins tunisiens dans la course mondiale pour la d\u00e9couverte de nouveaux moyens m\u00e9dicaux contre coronavirus, un universitaire tunisien l\u2019a attribu\u00e9e \u00e0 un complexe d\u2019inf\u00e9riorit\u00e9 cons\u00e9cutif au peu d\u2019importance accord\u00e9e \u00e0 la science en g\u00e9n\u00e9ral dans notre pays. En effet, a-t-il dit, on ne pense pas de la m\u00eame fa\u00e7on dans un palais et dans une chaumi\u00e8re, comme disent les marxistes.<\/strong><\/span><\/p>\n<p class=\"p1 c6\"><span class=\"c3\">C\u2019est que plusieurs Tunisiens motiv\u00e9s nous ont dit constater avec amertume que la Tunisie devient un simple pays consommateur de ce que produisent les autres, notamment les pays occidentaux.<\/span><\/p>\n<p class=\"p1 c6\"><span class=\"c3\">\u00ab Avec des parodies de laboratoires, un financement risible et des d\u00e9cideurs se pr\u00e9occupant de tout sauf de science, comment voulez-vous que nos scientifiques puissent concevoir, d\u00e9couvrir et produire quoi que ce soit, a soulign\u00e9 notre interlocuteur.<\/span><\/p>\n<p class=\"p1 c6\"><span class=\"c3\">Mais, le plus triste est qu\u2019il s\u2019agit d\u2019un recul et non pas d\u2019une situation intrins\u00e8que h\u00e9rit\u00e9e.<\/span><\/p>\n<p class=\"p1 c6\"><span class=\"c3\">La science et la recherche scientifique avaient b\u00e9n\u00e9fici\u00e9, un certain temps, d\u2019un int\u00e9r\u00eat majeur dans notre pays, au point que l\u2019enveloppe budg\u00e9taire allou\u00e9e \u00e0 ce secteur avait atteint, un jour, 1,5% du PIB, parall\u00e8lement \u00e0 la r\u00e9alisation d\u2019un r\u00e9seau \u00e9toff\u00e9 de technop\u00f4les sp\u00e9cialis\u00e9es dans les diverses r\u00e9gions, et ce dans le sillage de la politique de priorit\u00e9 absolue pr\u00eat\u00e9e \u00e0 l\u2019\u00e9ducation et \u00e0 l\u2019enseignement d\u00e8s l\u2019ind\u00e9pendance. Le quart du budget annuel de l\u2019Etat \u00e9tait allou\u00e9 \u00e0 l\u2019enseignement durant des d\u00e9cennies. Reste que c\u2019\u00e9tait l\u2019Etat qui finan\u00e7ait et animait presqu\u2019exclusivement ce projet de promotion de la place de la science en Tunisie. Aussi, le projet a subi le sort qu\u2019a subi l\u2019Etat apr\u00e8s la r\u00e9volution de janvier 2011.<\/span><\/p>\n<p class=\"p2 c7\"><span class=\"c3\"><strong>Rel\u00e8ve<\/strong><\/span><\/p>\n<p class=\"p1 c6\"><span class=\"c3\">Comment assurer aujourd\u2019hui la rel\u00e8ve dans la situation actuelle du pays pour le moins \u00ab floue\u00bb?<\/span><\/p>\n<p class=\"p1 c6\"><span class=\"c3\">C\u2019est tr\u00e8s facile, a estim\u00e9 notre interlocuteur, du moment que l\u2019esprit d\u2019investissement est toujours actif. Il suffit de montrer aux gens et de les persuader que la science peut faire gagner de l\u2019argent et m\u00eame beaucoup d\u2019argent comme l\u2019a montr\u00e9 l\u2019ancien philosophe grec Thal\u00e8s de Milet \u00e0 ses concitoyens sceptiques, en faisant des sp\u00e9culations heureuses sur le cours de l\u2019huile d\u2019olive gr\u00e2ce \u00e0 quelques pr\u00e9visions m\u00e9t\u00e9orologiques r\u00e9ussies qu\u2019il fit sur la base de calculs scientifiques.<\/span><\/p>\n<p class=\"p1 c5\">\u00a0<\/p>\n<p class=\"p3 c8\"><span class=\"c3\"><strong>S.B.H.<\/strong><\/span><\/p>\n<p>Auteur: letemps1<br \/>\n<a href=\"http:\/\/www.letemps.com.tn\/article\/117389\/un-complexe-d%E2%80%99inf%C3%A9riorit%C3%A9-%C3%A0-l%E2%80%99%C5%93uvre\">Cliquez ici pour lire l&rsquo;article depuis sa source.<\/a><\/p>\n","protected":false},"excerpt":{"rendered":"<p>LE TEMPS \u2013 Salah BEN HAMADI \u00a0 Interrog\u00e9 sur les raisons de la passivit\u00e9 des scientifiques et m\u00e9decins tunisiens dans la course mondiale pour la d\u00e9couverte de nouveaux moyens m\u00e9dicaux contre coronavirus, un universitaire tunisien l\u2019a attribu\u00e9e \u00e0 un complexe d\u2019inf\u00e9riorit\u00e9 cons\u00e9cutif au peu d\u2019importance accord\u00e9e \u00e0 la science en g\u00e9n\u00e9ral dans notre pays. En [&hellip;]<\/p>\n","protected":false},"author":1773,"featured_media":0,"comment_status":"closed","ping_status":"closed","sticky":false,"template":"","format":"standard","meta":{"fifu_image_url":"","fifu_image_alt":"","footnotes":""},"categories":[73,55],"tags":[],"class_list":["post-100776","post","type-post","status-publish","format-standard","hentry","category-actualite","category-tunisie"],"_links":{"self":[{"href":"https:\/\/linitiative.ca\/International\/wp-json\/wp\/v2\/posts\/100776","targetHints":{"allow":["GET"]}}],"collection":[{"href":"https:\/\/linitiative.ca\/International\/wp-json\/wp\/v2\/posts"}],"about":[{"href":"https:\/\/linitiative.ca\/International\/wp-json\/wp\/v2\/types\/post"}],"author":[{"embeddable":true,"href":"https:\/\/linitiative.ca\/International\/wp-json\/wp\/v2\/users\/1773"}],"replies":[{"embeddable":true,"href":"https:\/\/linitiative.ca\/International\/wp-json\/wp\/v2\/comments?post=100776"}],"version-history":[{"count":0,"href":"https:\/\/linitiative.ca\/International\/wp-json\/wp\/v2\/posts\/100776\/revisions"}],"wp:attachment":[{"href":"https:\/\/linitiative.ca\/International\/wp-json\/wp\/v2\/media?parent=100776"}],"wp:term":[{"taxonomy":"category","embeddable":true,"href":"https:\/\/linitiative.ca\/International\/wp-json\/wp\/v2\/categories?post=100776"},{"taxonomy":"post_tag","embeddable":true,"href":"https:\/\/linitiative.ca\/International\/wp-json\/wp\/v2\/tags?post=100776"}],"curies":[{"name":"wp","href":"https:\/\/api.w.org\/{rel}","templated":true}]}}