{"id":100779,"date":"2020-10-04T10:24:01","date_gmt":"2020-10-04T14:24:01","guid":{"rendered":"https:\/\/linitiative.ca\/International\/deglet-nour-a-37-dinars-a-la-production-au-maximum\/"},"modified":"2020-10-04T10:24:01","modified_gmt":"2020-10-04T14:24:01","slug":"deglet-nour-a-37-dinars-a-la-production-au-maximum","status":"publish","type":"post","link":"https:\/\/linitiative.ca\/International\/deglet-nour-a-37-dinars-a-la-production-au-maximum\/","title":{"rendered":"Deglet Nour \u00e0 3,7 dinars \u00e0 la production au maximum"},"content":{"rendered":"<p class=\"p1 c4\"><span class=\"c3\"><span class=\"s1 c2\"><strong>LE TEMPS \u2013 TAP<\/strong><\/span><\/span><\/p>\n<p class=\"p2 c5\"><span class=\"c3\"><strong>Le groupement interprofessionnel des dattes a annonc\u00e9 qu&rsquo;un accord a \u00e9t\u00e9 conclu sur les prix de r\u00e9f\u00e9rence de vente des dattes \u00e0 la production pour la saison 2020\/2021. Ainsi le prix de Deglet Nour qualit\u00e9 Chamroukh est fix\u00e9 \u00e0 3,7 dinars \/kg, \u00e0 condition que le taux de vrac ne d\u00e9passe pas 10%. Le prix de Deglet Nour en branches est fix\u00e9 \u00e0 3,100 dinars par kilogramme \u00e0 condition que le taux d&rsquo;infestation par les vers des dattes ne d\u00e9passe pas 5% pour cette vari\u00e9t\u00e9.<\/strong><\/span><\/p>\n<p class=\"p1 c6\"><span class=\"c3\">Dans un communiqu\u00e9, le Groupement interprofessionnel des dattes souligne qu\u2019un accord a \u00e9t\u00e9 conclu \u00e0 l&rsquo;issue d&rsquo;une r\u00e9union tenue, jeudi entre l&rsquo;UTAP, l&rsquo;UTICA et des repr\u00e9sentants de la Chambre nationale syndicale des exportateurs de fruits, l\u00e9gumes et dattes<\/span><\/p>\n<p class=\"p1 c6\"><span class=\"c3\">Le minist\u00e8re du Commerce et du d\u00e9veloppement des exportations a annonc\u00e9 \u00e9galement, sur sa page Facebook qu&rsquo;il va annoncer lundi, 5 octobre 2020, les mesures en mati\u00e8re de commercialisation des dattes \u00e0 l&rsquo;int\u00e9rieur du pays et \u00e0 l\u2019export.<\/span><\/p>\n<p class=\"p1 c6\"><span class=\"c3\">Ainsi, le ministre du Commerce et du d\u00e9veloppement des exportations, Mohamed Boussa\u00efd a examin\u00e9, lors d&rsquo;une s\u00e9ance de travail tenue vendredi, avec le pr\u00e9sident de l&rsquo;UTAP et le pr\u00e9sident de la Chambre nationale des grandes surfaces ainsi que du PDG du CEPEX, les diff\u00e9rents m\u00e9canismes permettant de commercialiser les dattes aux plans national et international<\/span><\/p>\n<p class=\"p1 c6\"><span class=\"c3\">L&rsquo;accent a \u00e9t\u00e9 mis sur l&rsquo;imp\u00e9ratif de vendre sur le march\u00e9 local, \u00e0 des prix qui tiennent compte tant du pouvoir d&rsquo;achat du consommateur tunisien que des marges b\u00e9n\u00e9ficiaires des vendeurs.<\/span><\/p>\n<p class=\"p1 c6\"><span class=\"c3\">Le ministre a soulign\u00e9 \u00e9galement que la consommation des dattes, un fruit tr\u00e8s b\u00e9n\u00e9fique pour la sant\u00e9, peut s&rsquo;introduire, dans les habitudes de consommation du Tunisien, tout au long de l&rsquo;ann\u00e9e et non pas occasionnellement, durant le mois de Ramadan.<\/span><\/p>\n<p class=\"p1 c6\"><span class=\"c3\">S&rsquo;agissant de l&rsquo;exportation, ils ont soulign\u00e9 l&rsquo;imp\u00e9ratif de pr\u00e9server la pr\u00e9sence de ce produit tunisien sur les march\u00e9s traditionnels, tels que la France et les Etats Unis d&rsquo;Am\u00e9rique (USA), de renforcer l&rsquo;acc\u00e8s aux march\u00e9s asiatiques et de d\u00e9velopper les exportations sur l&rsquo;Afrique.<\/span><\/p>\n<p class=\"p1 c6\"><span class=\"c3\">Une r\u00e9colte importante des dattes de pr\u00e8s de 335 mille tonnes sera enregistr\u00e9e durant la saison 2020-2021, en d\u00e9pit des difficult\u00e9s en termes de baisse des prix et de l&rsquo;exportation, d&rsquo;apr\u00e8s le DG du Groupement interprofessionnel des dattes Samir Ben Slimane<\/span><\/p>\n<p class=\"p1 c6\"><span class=\"c3\">D&rsquo;apr\u00e8s lui, la nouvelle saison va enregistrer des difficult\u00e9s conjoncturelles \u00e0 cause d&rsquo;une deuxi\u00e8me vague de la pand\u00e9mie de COVID-19 qui aura un impact sur l&rsquo;exportation<\/span><\/p>\n<p class=\"p2 c5\">\u00a0<\/p>\n<p class=\"p1 c6\"><span class=\"c3\">Un accord a \u00e9galement \u00e9t\u00e9 trouv\u00e9, sur l&rsquo;augmentation de la capacit\u00e9 de stockage des dattes, d&rsquo;apr\u00e8s le pr\u00e9sident de l&rsquo;UTAP, Abdelmajid Zarr qui s&rsquo;est r\u00e9uni jeudi avec le Chef du Gouvernement Hichem M\u00e9chichi.<\/span><\/p>\n<p>Auteur: letemps1<br \/>\n<a href=\"http:\/\/www.letemps.com.tn\/article\/117391\/deglet-nour-%C3%A0-37-dinars-%C3%A0-la-production-au-maximum\">Cliquez ici pour lire l&rsquo;article depuis sa source.<\/a><\/p>\n","protected":false},"excerpt":{"rendered":"<p>LE TEMPS \u2013 TAP Le groupement interprofessionnel des dattes a annonc\u00e9 qu&rsquo;un accord a \u00e9t\u00e9 conclu sur les prix de r\u00e9f\u00e9rence de vente des dattes \u00e0 la production pour la saison 2020\/2021. Ainsi le prix de Deglet Nour qualit\u00e9 Chamroukh est fix\u00e9 \u00e0 3,7 dinars \/kg, \u00e0 condition que le taux de vrac ne d\u00e9passe [&hellip;]<\/p>\n","protected":false},"author":1773,"featured_media":0,"comment_status":"closed","ping_status":"closed","sticky":false,"template":"","format":"standard","meta":{"fifu_image_url":"","fifu_image_alt":"","footnotes":""},"categories":[73,55],"tags":[],"class_list":["post-100779","post","type-post","status-publish","format-standard","hentry","category-actualite","category-tunisie"],"_links":{"self":[{"href":"https:\/\/linitiative.ca\/International\/wp-json\/wp\/v2\/posts\/100779","targetHints":{"allow":["GET"]}}],"collection":[{"href":"https:\/\/linitiative.ca\/International\/wp-json\/wp\/v2\/posts"}],"about":[{"href":"https:\/\/linitiative.ca\/International\/wp-json\/wp\/v2\/types\/post"}],"author":[{"embeddable":true,"href":"https:\/\/linitiative.ca\/International\/wp-json\/wp\/v2\/users\/1773"}],"replies":[{"embeddable":true,"href":"https:\/\/linitiative.ca\/International\/wp-json\/wp\/v2\/comments?post=100779"}],"version-history":[{"count":0,"href":"https:\/\/linitiative.ca\/International\/wp-json\/wp\/v2\/posts\/100779\/revisions"}],"wp:attachment":[{"href":"https:\/\/linitiative.ca\/International\/wp-json\/wp\/v2\/media?parent=100779"}],"wp:term":[{"taxonomy":"category","embeddable":true,"href":"https:\/\/linitiative.ca\/International\/wp-json\/wp\/v2\/categories?post=100779"},{"taxonomy":"post_tag","embeddable":true,"href":"https:\/\/linitiative.ca\/International\/wp-json\/wp\/v2\/tags?post=100779"}],"curies":[{"name":"wp","href":"https:\/\/api.w.org\/{rel}","templated":true}]}}