{"id":100780,"date":"2020-10-04T10:25:01","date_gmt":"2020-10-04T14:25:01","guid":{"rendered":"https:\/\/linitiative.ca\/International\/briseurs-de-competences\/"},"modified":"2020-10-04T10:25:01","modified_gmt":"2020-10-04T14:25:01","slug":"briseurs-de-competences","status":"publish","type":"post","link":"https:\/\/linitiative.ca\/International\/briseurs-de-competences\/","title":{"rendered":"Briseurs de comp\u00e9tences"},"content":{"rendered":"<p class=\"p1 c5\"><span class=\"c4\"><span class=\"c2\">C<\/span><span class=\"c3\">\u2019est un massacre qui est en train d\u2019\u00eatre commis, depuis la R\u00e9volution. Un massacre de comp\u00e9tences et de patriotes qui sont sacrifi\u00e9s, victimes des vis\u00e9es politiciennes et des int\u00e9r\u00eats \u00e9triqu\u00e9s, sans aucune consid\u00e9ration pour les comp\u00e9tences qui ont accept\u00e9 de bon gr\u00e9 de laisser des emplois pour lesquels ils per\u00e7oivent des salaires faramineux, afin d\u2019occuper des postes de ministres, en vue de servir leur pays.<\/span><\/span><\/p>\n<p class=\"p3 c6\"><span class=\"c4\"><span class=\"c2\">Onze gouvernements, depuis cette maudite r\u00e9volution qui a aval\u00e9 environ cents comp\u00e9tences qui ont accept\u00e9 de supporter le poids d\u2019une mission impossible, celle de remettre, en principe, le pays sur les rails du d\u00e9veloppement et du bien-\u00eatre pour tous les citoyens. Pourtant, si on voit la moyenne de dur\u00e9e de vie de chaque gouvernement, on peut voir qu\u2019il n\u2019a dur\u00e9 moins d\u2019une ann\u00e9e, certes avec des chances in\u00e9gales.<\/span><\/span><\/p>\n<p class=\"p3 c6\"><span class=\"c4\"><span class=\"c2\">Des ministres malmen\u00e9s et train\u00e9s dans la boue, \u00e0 l\u2019Assembl\u00e9e des repr\u00e9sentants du peuple (ARP), par des moins que rien et des ignares, avilis et bouscul\u00e9s dans leurs derniers retranchements par les syndicats et guett\u00e9s dans les coins par les corrompus, les contrebandiers et les r\u00e9seaux de blanchiment d\u2019argent ont r\u00e9sist\u00e9. Mais, avec la chute des gouvernements, ils s\u2019\u00e9taient trouv\u00e9s d\u00e9sarm\u00e9s, alors que leur seul objectif \u00e9taient de servir le pays, dans leur majorit\u00e9 et quelle que soit leur appartenance.<\/span><\/span><\/p>\n<p class=\"p3 c6\"><span class=\"c4\"><span class=\"c2\">Etre un ministre, en ces temps de m\u00e9diocrit\u00e9, n\u2019est pas une sin\u00e9cure. Il suffit de se r\u00e9f\u00e9rer, simplement, \u00e0 quelques exemples \u00e9difiants, pour s\u2019en rendre compte. L\u2019exemple de Mohamed Abbou d\u2019Attayar qui avait eu la chance \u2013si on peut parler de chance, ici- d\u2019\u00eatre ministre, \u00e0 deux reprises, est bien \u00e9difiant. La premi\u00e8re fois, sous la Tro\u00efka, il avait \u00e9t\u00e9 oblig\u00e9 de d\u00e9missionner. La deuxi\u00e8me fois, dans le gouvernement de Youssef Chahed, il avait \u00e9t\u00e9 train\u00e9 dans des magouilles malsaines, au point qu\u2019il avait d\u00e9cid\u00e9 de quitter la vie politique.<\/span><\/span><\/p>\n<p class=\"p3 c6\"><span class=\"c4\"><span class=\"c2\">Par ailleurs, et nonobstant leur appartenance \u00e0 Ennahdha, certains ministres de ce mouvement islamiste ont \u00e9t\u00e9 entrain\u00e9 dans la dynamique du d\u00e9veloppement du pays. Dans un mouvement de vengeance pour les accusations de conflit d\u2019int\u00e9r\u00eats, L\u2019ancien chef du gouvernement, Ely\u00e8s Fakhfakh, a cru bon de les d\u00e9mettre, juste avant son d\u00e9part, alors qu\u2019il n\u2019avait aucun droit de le faire, \u00e9tant charg\u00e9, uniquement, de g\u00e9rer les affaires courantes\u2026 Et le pire est qu\u2019on a accept\u00e9 cela comme un fait accompli.<\/span><\/span><\/p>\n<p class=\"p3 c6\"><span class=\"c4\"><span class=\"c2\">Cons\u00e9quence : dor\u00e9navant, on risque de n\u2019avoir comme candidats ministrables que des opportunistes et des moins que rien, parce que toutes les comp\u00e9tences auront peur de servir le pays\u2026 et c\u2019est notre honte, en tant que Tunisiens !<\/span><\/span><\/p>\n<p class=\"p4 c7\"><span class=\"c4\"><span class=\"c2\"><strong>F.S.<\/strong><\/span><\/span><\/p>\n<p>Auteur: letemps1<br \/>\n<a href=\"http:\/\/www.letemps.com.tn\/article\/117393\/briseurs-de-comp%C3%A9tences\">Cliquez ici pour lire l&rsquo;article depuis sa source.<\/a><\/p>\n","protected":false},"excerpt":{"rendered":"<p>C\u2019est un massacre qui est en train d\u2019\u00eatre commis, depuis la R\u00e9volution. Un massacre de comp\u00e9tences et de patriotes qui sont sacrifi\u00e9s, victimes des vis\u00e9es politiciennes et des int\u00e9r\u00eats \u00e9triqu\u00e9s, sans aucune consid\u00e9ration pour les comp\u00e9tences qui ont accept\u00e9 de bon gr\u00e9 de laisser des emplois pour lesquels ils per\u00e7oivent des salaires faramineux, afin d\u2019occuper [&hellip;]<\/p>\n","protected":false},"author":1773,"featured_media":0,"comment_status":"closed","ping_status":"closed","sticky":false,"template":"","format":"standard","meta":{"fifu_image_url":"","fifu_image_alt":"","footnotes":""},"categories":[73,55],"tags":[],"class_list":["post-100780","post","type-post","status-publish","format-standard","hentry","category-actualite","category-tunisie"],"_links":{"self":[{"href":"https:\/\/linitiative.ca\/International\/wp-json\/wp\/v2\/posts\/100780","targetHints":{"allow":["GET"]}}],"collection":[{"href":"https:\/\/linitiative.ca\/International\/wp-json\/wp\/v2\/posts"}],"about":[{"href":"https:\/\/linitiative.ca\/International\/wp-json\/wp\/v2\/types\/post"}],"author":[{"embeddable":true,"href":"https:\/\/linitiative.ca\/International\/wp-json\/wp\/v2\/users\/1773"}],"replies":[{"embeddable":true,"href":"https:\/\/linitiative.ca\/International\/wp-json\/wp\/v2\/comments?post=100780"}],"version-history":[{"count":0,"href":"https:\/\/linitiative.ca\/International\/wp-json\/wp\/v2\/posts\/100780\/revisions"}],"wp:attachment":[{"href":"https:\/\/linitiative.ca\/International\/wp-json\/wp\/v2\/media?parent=100780"}],"wp:term":[{"taxonomy":"category","embeddable":true,"href":"https:\/\/linitiative.ca\/International\/wp-json\/wp\/v2\/categories?post=100780"},{"taxonomy":"post_tag","embeddable":true,"href":"https:\/\/linitiative.ca\/International\/wp-json\/wp\/v2\/tags?post=100780"}],"curies":[{"name":"wp","href":"https:\/\/api.w.org\/{rel}","templated":true}]}}