{"id":100805,"date":"2020-10-04T17:05:35","date_gmt":"2020-10-04T21:05:35","guid":{"rendered":"https:\/\/linitiative.ca\/International\/anouar-berrada-nous-ne-pensons-meme-plus-a-la-saison-hiver-2020-2021-mais-a-sauver-la-saison-dhiver-2021-2022\/"},"modified":"2020-10-04T17:05:35","modified_gmt":"2020-10-04T21:05:35","slug":"anouar-berrada-nous-ne-pensons-meme-plus-a-la-saison-hiver-2020-2021-mais-a-sauver-la-saison-dhiver-2021-2022","status":"publish","type":"post","link":"https:\/\/linitiative.ca\/International\/anouar-berrada-nous-ne-pensons-meme-plus-a-la-saison-hiver-2020-2021-mais-a-sauver-la-saison-dhiver-2021-2022\/","title":{"rendered":"Anouar Berrada : \u00ab\u00a0nous ne pensons m\u00eame plus \u00e0 la saison hiver 2020\/2021 mais \u00e0 sauver la saison d\u2019hiver 2021\/2022 !\u00a0\u00bb"},"content":{"rendered":"<p><strong>3 questions \u00e0 Anouar Berrada, administrateur Directeur G\u00e9n\u00e9ral du groupe H\u00f4tel El Minzah Tanger et Grand H\u00f4tel Villa de France.<\/strong><\/p>\n<div class=\"c10\"\/>\n<p><strong>Challenge : croyez-vous qu\u2019il est encore possible de sauver la saison de l\u2019hiver 2020\/21 pour le secteur touristique au Maroc ?\u00a0<\/strong><\/p>\n<p><strong>Anouar Berrada<\/strong> : aujourd\u2019hui nous ne pensons m\u00eame plus \u00e0 la saison hiver 2020\/2021 mais \u00e0 sauver la saison d\u2019hiver 2021\/2022 car elle nous semble tr\u00e8s compromise. Tout ce que nous avions b\u00e2ti pour cette saison d\u2019hiver comme pour l\u2019\u00e9t\u00e9 2020 s\u2019est effondr\u00e9. Nous devons absolument reprendre un semblant d\u2019activit\u00e9 normale afin de redonner confiance aux Tours Op\u00e9rateurs et aux sp\u00e9cialistes du MICE afin qu\u2019ils puissent programmer le Maroc pour l\u2019an prochain. Et avec les restrictions impos\u00e9es actuellement au niveau des d\u00e9placements nationaux et au niveau des loisirs sur les diff\u00e9rentes villes du Maroc, il me semble que cela rel\u00e8vera du miracle si nous accueillons des touristes cette fin d\u2019ann\u00e9e.<br \/>De plus, tant qu\u2019il sera impossible d\u2019accueillir des congr\u00e8s et des s\u00e9minaires, la saison ne pourra en aucun cas \u00eatre sauv\u00e9e.<\/p>\n<p><strong>Lire aussi | <a href=\"https:\/\/www.challenge.ma\/maroc-la-gestion-du-covid-19-ou-le-dilemme-de-la-decennie-159430\/\">Maroc : la gestion du Covid ou le dilemme de la d\u00e9cennie<\/a><\/strong><\/p>\n<p><strong>Challenge : avez vous l\u2019impression qu\u2019on a sacrifi\u00e9 le secteur de l\u2019h\u00f4tellerie\u00a0et de la restauration pour des raisons sanitaires ? Si oui, l\u2019aurait-on fait \u00e0 tort ou \u00e0 raison ?<\/strong><\/p>\n<p><strong>A.B<\/strong> : le secteur de l\u2019h\u00f4tellerie et de la restauration a effectivement \u00e9t\u00e9 sacrifi\u00e9 car il a \u00e9t\u00e9 trait\u00e9 non pas en priorit\u00e9 comme il aurait du l\u2019\u00eatre, mais en dernier lieu comme s\u2019il \u00e9tait insignifiant pour notre pays, et je trouve cela tr\u00e8s regrettable. Et le traitement qui lui a \u00e9t\u00e9 r\u00e9serv\u00e9 laisse vraiment \u00e0 d\u00e9sirer. Comment pouvez vous demander aux op\u00e9rateurs nationaux de faire la promotion du tourisme interne et en m\u00eame temps isoler les connexions entre les diff\u00e9rentes villes et des fois avec des d\u00e9cisions prises avec une c\u00e9l\u00e9rit\u00e9 remarquable digne d\u2019un record devant \u00eatre enregistr\u00e9 au Guinness? Mais de l\u00e0 \u00e0 vous dire si cela a \u00e9t\u00e9 fait \u00e0 tort ou \u00e0 raison je ne me permettrai pas de juger la justesse des actions mais je juge plut\u00f4t la mani\u00e8re avec laquelle cela a \u00e9t\u00e9 fait.<\/p>\n<p><strong>Challenge : la crise du Covid19 risque-t-elle de rebattre les cartes entre les pays touristiques du continent africain et du pourtour m\u00e9diterran\u00e9en ? Le Maroc pourrait il en sortir vainqueur et \u00e0 quel horizon ?<\/strong><\/p>\n<p><strong>A.B<\/strong> : il est certain que cette crise redistribuera la donne car donner l\u2019occasion \u00e0 des TO et autres organisateurs de voyages d\u2019essayer d\u2019autres destinations qui auront su s\u2019ouvrir au tourisme avant nous, et ils lieront des liens affectifs avec elles. Nous devons absolument tr\u00e8s vite r\u00e9agir et profiter de cette crise pour remettre \u00e0 niveau notre offre de service et profiter des mesures sanitaires impos\u00e9es actuellement pour en faire b\u00e9n\u00e9ficier notre secteur sur le tr\u00e8s long terme.<\/p>\n<p><strong>Lire aussi | <a href=\"https:\/\/www.challenge.ma\/tetouan-nouveau-service-durgences-159495\/\">T\u00e9touan : nouveau service d\u2019urgences<\/a><\/strong><\/p>\n<p>Auteur: Salim Mansouri<br \/>\n<a href=\"https:\/\/www.challenge.ma\/anouar-berrada-nous-ne-pensons-meme-plus-a-la-saison-hiver-2020-2021-mais-a-sauver-la-saison-dhiver-2021-2022-159640\/\">Cliquez ici pour lire l&rsquo;article depuis sa source.<\/a><\/p>\n","protected":false},"excerpt":{"rendered":"<p>3 questions \u00e0 Anouar Berrada, administrateur Directeur G\u00e9n\u00e9ral du groupe H\u00f4tel El Minzah Tanger et Grand H\u00f4tel Villa de France. Challenge : croyez-vous qu\u2019il est encore possible de sauver la saison de l\u2019hiver 2020\/21 pour le secteur touristique au Maroc ?\u00a0 Anouar Berrada : aujourd\u2019hui nous ne pensons m\u00eame plus \u00e0 la saison hiver 2020\/2021 [&hellip;]<\/p>\n","protected":false},"author":1787,"featured_media":0,"comment_status":"closed","ping_status":"closed","sticky":false,"template":"","format":"standard","meta":{"fifu_image_url":"","fifu_image_alt":"","footnotes":""},"categories":[78,54],"tags":[],"class_list":["post-100805","post","type-post","status-publish","format-standard","hentry","category-economie","category-maroc"],"_links":{"self":[{"href":"https:\/\/linitiative.ca\/International\/wp-json\/wp\/v2\/posts\/100805","targetHints":{"allow":["GET"]}}],"collection":[{"href":"https:\/\/linitiative.ca\/International\/wp-json\/wp\/v2\/posts"}],"about":[{"href":"https:\/\/linitiative.ca\/International\/wp-json\/wp\/v2\/types\/post"}],"author":[{"embeddable":true,"href":"https:\/\/linitiative.ca\/International\/wp-json\/wp\/v2\/users\/1787"}],"replies":[{"embeddable":true,"href":"https:\/\/linitiative.ca\/International\/wp-json\/wp\/v2\/comments?post=100805"}],"version-history":[{"count":0,"href":"https:\/\/linitiative.ca\/International\/wp-json\/wp\/v2\/posts\/100805\/revisions"}],"wp:attachment":[{"href":"https:\/\/linitiative.ca\/International\/wp-json\/wp\/v2\/media?parent=100805"}],"wp:term":[{"taxonomy":"category","embeddable":true,"href":"https:\/\/linitiative.ca\/International\/wp-json\/wp\/v2\/categories?post=100805"},{"taxonomy":"post_tag","embeddable":true,"href":"https:\/\/linitiative.ca\/International\/wp-json\/wp\/v2\/tags?post=100805"}],"curies":[{"name":"wp","href":"https:\/\/api.w.org\/{rel}","templated":true}]}}