{"id":100808,"date":"2020-10-04T15:11:58","date_gmt":"2020-10-04T19:11:58","guid":{"rendered":"https:\/\/linitiative.ca\/International\/tunisie-mal-briefe-mechichi-a-ete-a-cote-de-la-plaque\/"},"modified":"2020-10-04T15:11:58","modified_gmt":"2020-10-04T19:11:58","slug":"tunisie-mal-briefe-mechichi-a-ete-a-cote-de-la-plaque","status":"publish","type":"post","link":"https:\/\/linitiative.ca\/International\/tunisie-mal-briefe-mechichi-a-ete-a-cote-de-la-plaque\/","title":{"rendered":"Tunisie \u2013 Mal brief\u00e9, Mechichi a \u00e9t\u00e9 \u00e0 c\u00f4t\u00e9 de la plaque"},"content":{"rendered":"<div class=\"post-cont-in left relative\">\n<div id=\"post-info-wrap\" class=\"left relative post-info-out\">\n<div class=\"post-info-img left relative\"><img loading=\"lazy\" decoding=\"async\" alt=\"\" src=\"https:\/\/secure.gravatar.com\/avatar\/96253f4a657b482a18e837c1252096c2?s=50&amp;d=mm&amp;r=g\" srcset=\"https:\/\/secure.gravatar.com\/avatar\/96253f4a657b482a18e837c1252096c2?s=100&amp;d=mm&amp;r=g 2x\" class=\"avatar avatar-50 photo\" height=\"50\" width=\"50\"\/><\/div>\n<div class=\"post-info-in\">\n<div class=\"post-info-right left relative post-info-name left relative\"><span itemprop=\"author\" itemscope=\"\" itemtype=\"https:\/\/schema.org\/Person\"><span class=\"post-info-text\">Par<\/span> <span class=\"author-name vcard fn author\" itemprop=\"name\"><a href=\"https:\/\/www.tunisienumerique.com\/author\/saber\/\" title=\"Articles par Saber .\" rel=\"author\">Saber .<\/a><\/span><\/span> <span class=\"post-date updated\"><time class=\"post-date updated\" itemprop=\"datePublished\" datetime=\"2020-10-04\">\u00a0| Il y a 2 heures<\/time><\/span><\/div>\n<div class=\"left relative\"><button id=\"listenButton1\" class=\"responsivevoice-button\" type=\"button\" value=\"Play\" title=\"&#xC9;coutez l'article\"><span>\ud83d\udd0a \u00c9coutez l&rsquo;article<\/span><\/button> <\/div>\n<\/div>\n<\/div>\n<p>Pour son premier message vid\u00e9o adress\u00e9 \u00e0 la Nation, on ne peut que d\u00e9plorer que le chef du gouvernement, Hichem Mechichi ait \u00e9t\u00e9 \u00e0 c\u00f4t\u00e9 de la plaque, sur le fond de la question.<\/p>\n<div class=\"code-block code-block-1 c4\"><ins class=\"adsbygoogle c3\" data-ad-layout=\"in-article\" data-ad-format=\"fluid\" data-ad-client=\"ca-pub-2102118777505746\" data-ad-slot=\"7301775417\"\/> <\/div>\n<p>En effet, autant il a \u00e9t\u00e9 bien d\u00e9cisif sur la forme de son allocution, en rupture avec les discours fleuves de ses pr\u00e9d\u00e9cesseurs et avec les retards de retransmission qui s\u2019\u00e9tiraient chaque fois un peu plus, en utilisant le langage que les tunisiens aiment entendre, d\u2019une mani\u00e8re calme et ferme, sans trop tomber dans l\u2019alarmisme\u2026 Ce qui pr\u00e9sume d\u2019un bon travail de son \u00e9quipe de communication, autant, Mechichi a \u00e9t\u00e9 d\u00e9cevant et tr\u00e8s en de\u00e7\u00e0 des attentes des gens, concernant le contenu de son allocution.<\/p>\n<p>A la place de mesures d\u00e9cisives et bien ajust\u00e9es \u00e0 la situation, Mechichi a eu le tort de se fier \u00e0 des conseillers en sant\u00e9, probablement, trop impliqu\u00e9s dans la lutte contre la Covid, au point qu\u2019il ne leur est plus possible de d\u00e9nigrer ce qui a \u00e9t\u00e9 fait et de proposer ce qu\u2019il y avait, r\u00e9ellement, lieu de faire dans l\u2019imm\u00e9diat.<\/p>\n<p>Ces conseillers n\u2019ont pas os\u00e9 lui dire qu\u2019ils \u00e9taient d\u00e9faillants en mati\u00e8re de d\u00e9pistage de la Covid, qu\u2019ils n\u2019ont pas r\u00e9pondu \u00e0 la majorit\u00e9 des appels des citoyens sous pr\u00e9texte que leurs num\u00e9ros d\u2019appels \u00e9taient surcharg\u00e9s, et qu\u2019ils n\u2019avaient pas pr\u00e9vu la quantit\u00e9 suffisante de tests\u2026 De fa\u00e7on \u00e0 ce que la mortalit\u00e9 a \u00e9t\u00e9 particuli\u00e8rement \u00e9lev\u00e9e, ainsi que la pr\u00e9pond\u00e9rance des cas compliqu\u00e9s, ce qui laisse deviner qu\u2019il y avait un s\u00e9rieux probl\u00e8me de prise en charge ad\u00e9quate et \u00e0 temps des malades, et que nombr d\u2019entre eux ont \u00e9t\u00e9 pris en charge trop tard, parfois, m\u00eame, dans l\u2019indiff\u00e9rence des \u00e9quipes du minist\u00e8re de la Sant\u00e9, trop prises \u00e0 f\u00eater ce qu\u2019ils avaient pris pour leur victoire contre la maladie.<\/p>\n<p>D\u2019ailleurs, on imagine ais\u00e9ment, que ces m\u00eames conseillers ne lui ont pas r\u00e9v\u00e9l\u00e9 qu\u2019il y avait un manque important en lits de r\u00e9animation et que cela ne cadrait pas avec les dons en nature et en esp\u00e8ces per\u00e7us par eux.<\/p>\n<p>Donc, Mechichi ne pouvait pas deviner tout seul que les vraies solutions \u00e0 la situation catastrophique qui s\u00e9vit dans le pays, que les gens attendaient de lui \u00e9taient\u00a0:<\/p>\n<p>En amont du probl\u00e8me, il aurait d\u00fb d\u00e9cider de parfaire les d\u00e9pistages des cas et de renforcer les tests virologiques et ne pas se contenter de contourner le probl\u00e8me en d\u00e9cr\u00e9tant que les tests ne sont d\u2019aucune utilit\u00e9.<\/p>\n<p>En aval du probl\u00e8me, il aurait d\u00fb d\u00e9cid\u00e9 d\u2019am\u00e9liorer la prise en charge des patients, en leur fournissant la logistique de soins ad\u00e9quats et non des solutions de rafistolage. Car on ne peut nullement pallier \u00e0 un manque en lits de r\u00e9animation, en en installant des dizaines n\u2019importe o\u00f9, voire m\u00eame, sous des chapiteaux, en n\u2019ayant pas le personnel qu\u2019il faut pour les faire fonctionner. Donc, la seule solution, pour sauver les dizaines de gens qui meurent chaque jour \u00e0 d\u00e9faut de places de r\u00e9animation, aurait \u00e9t\u00e9 celle de r\u00e9quisitionner les services de r\u00e9animation des cliniques priv\u00e9es, avec leur personnel.<\/p>\n<p>Concernant l\u2019instauration des protocoles sanitaires et le respect des r\u00e8gles de distanciation sociale, il aurait d\u00fb \u00e9viter de devenir la ris\u00e9e de tout le monde en mena\u00e7ant de s\u00e9vir \u00ab avec toute fermet\u00e9 \u00bb contre ceux qui ne respecteront pas ces protocoles, sachant que dans certains cas, comme celui des \u00e9tablissements scolaires et universitaires, ils sont IMPOSSIBLES de mettre en \u0153uvre.<\/p>\n<p>Quant \u00e0 la r\u00e9vision de l\u2019horaire du travail, il aurait d\u00fb demander \u00e0 ce qu\u2019on ne fasse pas marrer les gens en instaurant deux plages horaires avec un chevauchement de deux heures, vers midi, c\u2019est comme si le virus est, \u00e0 cette heure l\u00e0, en pause d\u00e9jeuner.<\/p>\n<p>Concernant le confinement cibl\u00e9, il aurait d\u00fb penser \u00e0 dispenser du travail, tous les sujets fragiles, comme les personnes \u00e2g\u00e9es, les malades chroniques, les femmes enceintes\u2026 et \u00e0 les maintenir en confinement chez eux, puisqu\u2019ils repr\u00e9sentent la plus grande frange des d\u00e9c\u00e8s par la Covid.<\/p>\n<p>Quand on se fait conseiller par des gens qui sont, d\u00e9j\u00e0, impliqu\u00e9s dans la prise en charge du dossier, on ne pouvait s\u2019attendre \u00e0 mieux !<\/p>\n<div class=\"swp_social_panel swp_horizontal_panel swp_flat_fresh swp_default_full_color swp_individual_full_color swp_other_full_color scale-100 scale-\" data-min-width=\"1100\" data-float-color=\"#ffffff\" data-float=\"bottom\" data-float-mobile=\"bottom\" data-transition=\"slide\">\n<div class=\"nc_tweetContainer swp_share_button total_shares total_sharesalt\"><span class=\"swp_count\">34 <span class=\"swp_label\">Partages<\/span><\/span><\/div>\n<\/div>\n<p><strong>Que se passe-t-il en Tunisie?<\/strong><br \/>Nous expliquons sur notre <a href=\"https:\/\/www.youtube.com\/channel\/UCRzypVq0B_yBad5eGrwBx0Q?sub_confirmation=1\" target=\"_blank\" rel=\"noopener noreferrer\">cha\u00eene YouTube<\/a> . <a href=\"https:\/\/www.youtube.com\/channel\/UCRzypVq0B_yBad5eGrwBx0Q?sub_confirmation=1\" target=\"_blank\" rel=\"noopener noreferrer\">Abonnez-vous!<\/a><\/p>\n<div class=\"mvp-org-wrap mvp-org-logo\" itemprop=\"publisher\" itemscope=\"\" itemtype=\"https:\/\/schema.org\/Organization\"><img decoding=\"async\" src=\"https:\/\/www.tunisienumerique.com\/wp-content\/uploads\/2017\/02\/logo_tunisie_numerique.png\"\/><\/div>\n<div class=\"mvp-related-posts left relative\">\n<h4 class=\"post-header\"><span class=\"post-header\">Lire aussi<\/span><\/h4>\n<\/div>\n<div id=\"article-ad\"><ins class=\"adsbygoogle c5\" data-ad-client=\"ca-pub-2102118777505746\" data-ad-slot=\"6513972734\" data-ad-format=\"auto\" data-full-width-responsive=\"true\"\/> <\/div>\n<\/div>\n<div id=\"post-sidebar-wrap\"><ins class=\"adsbygoogle c5\" data-ad-client=\"ca-pub-2102118777505746\" data-ad-slot=\"6168283410\" data-ad-format=\"auto\" data-full-width-responsive=\"true\"\/> <\/div>\n<p>Auteur: Saber .<br \/>\n<a href=\"https:\/\/www.tunisienumerique.com\/tunisie-mal-briefe-mechichi-a-ete-a-cote-de-la-plaque\/\">Cliquez ici pour lire l&rsquo;article depuis sa source.<\/a><\/p>\n","protected":false},"excerpt":{"rendered":"<p>Par Saber . \u00a0| Il y a 2 heures \ud83d\udd0a \u00c9coutez l&rsquo;article Pour son premier message vid\u00e9o adress\u00e9 \u00e0 la Nation, on ne peut que d\u00e9plorer que le chef du gouvernement, Hichem Mechichi ait \u00e9t\u00e9 \u00e0 c\u00f4t\u00e9 de la plaque, sur le fond de la question. En effet, autant il a \u00e9t\u00e9 bien d\u00e9cisif sur [&hellip;]<\/p>\n","protected":false},"author":1789,"featured_media":0,"comment_status":"closed","ping_status":"closed","sticky":false,"template":"","format":"standard","meta":{"fifu_image_url":"","fifu_image_alt":"","footnotes":""},"categories":[73,55],"tags":[],"class_list":["post-100808","post","type-post","status-publish","format-standard","hentry","category-actualite","category-tunisie"],"_links":{"self":[{"href":"https:\/\/linitiative.ca\/International\/wp-json\/wp\/v2\/posts\/100808","targetHints":{"allow":["GET"]}}],"collection":[{"href":"https:\/\/linitiative.ca\/International\/wp-json\/wp\/v2\/posts"}],"about":[{"href":"https:\/\/linitiative.ca\/International\/wp-json\/wp\/v2\/types\/post"}],"author":[{"embeddable":true,"href":"https:\/\/linitiative.ca\/International\/wp-json\/wp\/v2\/users\/1789"}],"replies":[{"embeddable":true,"href":"https:\/\/linitiative.ca\/International\/wp-json\/wp\/v2\/comments?post=100808"}],"version-history":[{"count":0,"href":"https:\/\/linitiative.ca\/International\/wp-json\/wp\/v2\/posts\/100808\/revisions"}],"wp:attachment":[{"href":"https:\/\/linitiative.ca\/International\/wp-json\/wp\/v2\/media?parent=100808"}],"wp:term":[{"taxonomy":"category","embeddable":true,"href":"https:\/\/linitiative.ca\/International\/wp-json\/wp\/v2\/categories?post=100808"},{"taxonomy":"post_tag","embeddable":true,"href":"https:\/\/linitiative.ca\/International\/wp-json\/wp\/v2\/tags?post=100808"}],"curies":[{"name":"wp","href":"https:\/\/api.w.org\/{rel}","templated":true}]}}