{"id":100812,"date":"2020-10-04T14:27:09","date_gmt":"2020-10-04T18:27:09","guid":{"rendered":"https:\/\/linitiative.ca\/International\/renoncement-de-assimi-goita-aux-super-pouvoirs\/"},"modified":"2020-10-04T14:27:09","modified_gmt":"2020-10-04T18:27:09","slug":"renoncement-de-assimi-goita-aux-super-pouvoirs","status":"publish","type":"post","link":"https:\/\/linitiative.ca\/International\/renoncement-de-assimi-goita-aux-super-pouvoirs\/","title":{"rendered":"RENONCEMENT DE ASSIMI GOITA AUX SUPER POUVOIRS  \u00a0"},"content":{"rendered":"<div class=\"stream-item stream-item-above-post-content\">\n<p><noscript><\/p>\n<p><a href=\"\/\/www3.smartadserver.com\/ac?jump=1&amp;nwid=2136&amp;siteid=240610&amp;pgname=rg&amp;fmtid=49046&amp;visit=m&amp;tmstp=[timestamp]&amp;out=nonrich\" target=\"_blank\" rel=\"noopener noreferrer\"><img decoding=\"async\" src=\"http:\/\/www3.smartadserver.com\/ac?out=nonrich&amp;nwid=2136&amp;siteid=240610&amp;pgname=rg&amp;fmtid=49046&amp;visit=m&amp;tmstp=[timestamp]\" border=\"0\" alt=\"\"\/><\/a><\/p>\n<p><\/noscript><\/div>\n<p class=\"c3\"><em>Alors qu\u2019il est annonc\u00e9 pour bient\u00f4t un nouveau sommet des Chefs d\u2019Etat de la Communaut\u00e9 Economique des Etats de l\u2019Afrique de l\u2019Ouest (CEDEAO) destin\u00e9 \u00e0 r\u00e9\u00e9valuer la situation au Mali, les autorit\u00e9s maliennes tentent de faire bouger les lignes pour ne pas rater ce nouvel examen de passage et obtenir la lev\u00e9e des sanctions \u00e9conomiques et diplomatiques qui menacent d\u2019asphyxier le pays. L\u2019on sait que parmi les casus belli avec l\u2019organisation communautaire, il y avait la question de la vice-pr\u00e9sidence de la Transition qui semblait, \u00e0 bien des \u00e9gards, un costume taill\u00e9 sur mesure pour le chef de la junte. Mais, Assimi Go\u00efta a finalement l\u00e2ch\u00e9 du lest en renon\u00e7ant aux super pouvoirs qu\u2019il s\u2019\u00e9tait arrog\u00e9s dont celui de remplacer le pr\u00e9sident de la transition, pour finalement cantonner sa sph\u00e8re de comp\u00e9tence \u00e0 la d\u00e9fense et \u00e0 la s\u00e9curit\u00e9. Pour sa part, le Premier ministre Moctar Ouan\u00e9, de son c\u00f4t\u00e9, mettrait beaucoup de rigueur dans son casting pour trouver et mettre les hommes qu\u2019il faut \u00e0 la place qu\u2019il faut. Il se dit aussi qu\u2019il ne cavale pas en la mati\u00e8re en solitaire mais qu\u2019il \u00e9volue en tandem avec tous les acteurs de la sc\u00e8ne politique malienne. Il aurait, de ce fait, consult\u00e9 officiellement le Mouvement du 5 Juin et la Coordination des Mouvements de l\u2019Azawad (CMA). C\u2019est donc un gouvernement d\u2019union nationale qui serait en gestation.<\/em> <em>L\u2019un dans l\u2019autre donc, le Mali fait de bons petits pas dans la bonne direction. Mais tout laisse croire qu\u2019il en faut plus pour fl\u00e9chir la CEDEAO qui reste droite dans ses bottes. Cela dit, m\u00eame si l\u2019accouchement du nouveau gouvernement tarde \u00e0 venir, l\u2019on peut d\u00e9j\u00e0 se f\u00e9liciter du souci que les Maliens ont de ne mettre dans l\u2019attelage de la Transition que des hommes qui ont une certaine probit\u00e9 morale. N\u2019e\u00fbt \u00e9t\u00e9 le mode de d\u00e9signation du pr\u00e9sident de la transition, personne ne conteste le choix de Bah N\u2019Daw qui jouit d\u2019une tr\u00e8s bonne r\u00e9putation. Il en est de m\u00eame pour Moctar Ouane.<\/em><\/p>\n<p class=\"c3\"><em>\u00a0<\/em><\/p>\n<p class=\"c4\"><strong><em>Les fleurs de la r\u00e9volte malienne sont pleines de promesses<\/em><\/strong><\/p>\n<p class=\"c4\"><strong><em>\u00a0<\/em><\/strong><\/p>\n<p class=\"c3\"><em>\u00a0Et quand on sait que l\u2019une des causes qui ont fait descendre les Maliens dans la rue pour exiger du pr\u00e9sident Ibrahim Boubacar Keita (IBK) qu\u2019il abdique, c\u2019est la mauvaise gouvernance, on peut dire que les signaux sont positifs. Et c\u2019est d\u00e9j\u00e0 cela de gagn\u00e9.\u00a0 L\u2019autre motif de satisfaction est la recherche du consensus qu\u2019affichent les nouvelles autorit\u00e9s maliennes. On pourrait y lire les premiers pas vers la r\u00e9conciliation nationale dans un pays qui est de fait en partition et dont les \u00be sont occup\u00e9s par des groupes arm\u00e9s. On peut donc dire que les fleurs de la r\u00e9volte malienne sont pleines de promesses.<\/em> <em>Toutefois, il reste \u00e0 acc\u00e9l\u00e9rer le processus. Quand bien m\u00eame il faut prendre le temps de bien faire, il n\u2019en demeure pas moins que les sanctions de la CEDEAO sont en train de tuer \u00e0 petit feu le peuple malien. C\u2019est dire s\u2019il faut se h\u00e2ter de donner les bons gages \u00e0 l\u2019organisation communautaire afin qu\u2019elle desserre son \u00e9treinte mortelle. L\u2019autre raison d\u2019aller vite, c\u2019est l\u2019urgence et le caract\u00e8re titanesque des t\u00e2ches qui attendent le gouvernement de la Transition. Il faudra, en effet, r\u00e9soudre tr\u00e8s rapidement l\u2019\u00e9quation de l\u2019ins\u00e9curit\u00e9 et pr\u00e9parer des \u00e9lections s\u00e9curis\u00e9es, libres, transparentes et accept\u00e9es de tous.\u00a0<\/em> <em>Cela dit, pour mettre toutes les chances de leur c\u00f4t\u00e9, de voir lever les sanctions de la CEDEAO, les autorit\u00e9s maliennes devraient aussi examiner les autres exigences de l\u2019instance communautaire, notamment la dissolution de la junte et l\u2019\u00e9largissement des prisonniers \u00e0 d\u00e9faut de les pr\u00e9senter devant les juges. Ce n\u2019est plus la mer \u00e0 boire, au regard de l\u2019\u00e9volution de la situation qui tend vers la normalisation de la vie nationale.<\/em><\/p>\n<p class=\"c3\"><em>\u00a0<\/em><\/p>\n<p class=\"c4\"><strong><em>Saho<\/em><\/strong><\/p>\n<p class=\"c3\"><em>\u00a0<\/em><\/p>\n<p>Auteur: Le Pays<br \/>\n<a href=\"http:\/\/lepays.bf\/renoncement-de-assimi-goita-aux-super-pouvoirs\/\">Cliquez ici pour lire l&rsquo;article depuis sa source.<\/a><\/p>\n","protected":false},"excerpt":{"rendered":"<p>Alors qu\u2019il est annonc\u00e9 pour bient\u00f4t un nouveau sommet des Chefs d\u2019Etat de la Communaut\u00e9 Economique des Etats de l\u2019Afrique de l\u2019Ouest (CEDEAO) destin\u00e9 \u00e0 r\u00e9\u00e9valuer la situation au Mali, les autorit\u00e9s maliennes tentent de faire bouger les lignes pour ne pas rater ce nouvel examen de passage et obtenir la lev\u00e9e des sanctions \u00e9conomiques [&hellip;]<\/p>\n","protected":false},"author":1813,"featured_media":0,"comment_status":"closed","ping_status":"closed","sticky":false,"template":"","format":"standard","meta":{"fifu_image_url":"","fifu_image_alt":"","footnotes":""},"categories":[73,81],"tags":[],"class_list":["post-100812","post","type-post","status-publish","format-standard","hentry","category-actualite","category-burkina-faso"],"_links":{"self":[{"href":"https:\/\/linitiative.ca\/International\/wp-json\/wp\/v2\/posts\/100812","targetHints":{"allow":["GET"]}}],"collection":[{"href":"https:\/\/linitiative.ca\/International\/wp-json\/wp\/v2\/posts"}],"about":[{"href":"https:\/\/linitiative.ca\/International\/wp-json\/wp\/v2\/types\/post"}],"author":[{"embeddable":true,"href":"https:\/\/linitiative.ca\/International\/wp-json\/wp\/v2\/users\/1813"}],"replies":[{"embeddable":true,"href":"https:\/\/linitiative.ca\/International\/wp-json\/wp\/v2\/comments?post=100812"}],"version-history":[{"count":0,"href":"https:\/\/linitiative.ca\/International\/wp-json\/wp\/v2\/posts\/100812\/revisions"}],"wp:attachment":[{"href":"https:\/\/linitiative.ca\/International\/wp-json\/wp\/v2\/media?parent=100812"}],"wp:term":[{"taxonomy":"category","embeddable":true,"href":"https:\/\/linitiative.ca\/International\/wp-json\/wp\/v2\/categories?post=100812"},{"taxonomy":"post_tag","embeddable":true,"href":"https:\/\/linitiative.ca\/International\/wp-json\/wp\/v2\/tags?post=100812"}],"curies":[{"name":"wp","href":"https:\/\/api.w.org\/{rel}","templated":true}]}}