{"id":100813,"date":"2020-10-04T14:29:54","date_gmt":"2020-10-04T18:29:54","guid":{"rendered":"https:\/\/linitiative.ca\/International\/signature-dun-accord-de-paix-au-soudan\/"},"modified":"2020-10-04T14:29:54","modified_gmt":"2020-10-04T18:29:54","slug":"signature-dun-accord-de-paix-au-soudan","status":"publish","type":"post","link":"https:\/\/linitiative.ca\/International\/signature-dun-accord-de-paix-au-soudan\/","title":{"rendered":"SIGNATURE D\u2019UN ACCORD DE PAIX AU SOUDAN"},"content":{"rendered":"<div class=\"stream-item stream-item-above-post-content\">\n<p><noscript><\/p>\n<p><a href=\"\/\/www3.smartadserver.com\/ac?jump=1&amp;nwid=2136&amp;siteid=240610&amp;pgname=rg&amp;fmtid=49046&amp;visit=m&amp;tmstp=[timestamp]&amp;out=nonrich\" target=\"_blank\" rel=\"noopener noreferrer\"><img decoding=\"async\" src=\"http:\/\/www3.smartadserver.com\/ac?out=nonrich&amp;nwid=2136&amp;siteid=240610&amp;pgname=rg&amp;fmtid=49046&amp;visit=m&amp;tmstp=[timestamp]\" border=\"0\" alt=\"\"\/><\/a><\/p>\n<p><\/noscript><\/div>\n<p class=\"c3\"><em>Apr\u00e8s un an d\u2019\u00e2pres n\u00e9gociations, les nouvelles autorit\u00e9s civilo-militaires du Soudan et une alliance constitu\u00e9e de cinq groupes arm\u00e9s et de quatre mouvements politiques ont sign\u00e9, samedi dernier, \u00e0 Juba, la capitale du voisin du Sud, un accord de paix cens\u00e9 clore le chapitre sanglant de plusieurs d\u00e9cennies de d\u00e9chirements ayant entra\u00een\u00e9 des milliers de morts et de d\u00e9plac\u00e9s. Certes, pendant le long r\u00e8gne de l\u2019ancien pr\u00e9sident soudanais, Omar El B\u00e9chir, des pourparlers de paix et des cessez-le-feu avaient \u00e9t\u00e9 men\u00e9s et sign\u00e9s entre le gouvernement et des chefs rebelles du Darfour comme Mini Minawi et Khalil Ibrahim, mais ils n\u2019ont jamais tenu dans la dur\u00e9e \u00e0 cause de la duperie, de la duplicit\u00e9 et de la d\u00e9sinvolture des diff\u00e9rents acteurs. Cette fois-ci, les choses semblent \u00eatre bien parties pour la fin des crises r\u00e9p\u00e9titives et des violences end\u00e9miques dans les trois Etats rebelles du pays que sont le Darfour, le Kordofan du Sud et le Nil bleu. Car, contrairement aux pr\u00e9c\u00e9dents accords tous torpill\u00e9s les uns apr\u00e8s les autres, celui sign\u00e9 le 3 octobre dernier \u00e0 Juba, int\u00e8gre tous les probl\u00e8mes qui ont toujours suscit\u00e9 des r\u00e9voltes et des coups de sang dans ce pays grand comme six fois et demi le Burkina, en sanctuarisant la diversit\u00e9 ethnique, raciale, culturelle, linguistique et religieuse, en instituant une r\u00e9partition \u00e9quitable du pouvoir et des richesses, et en optant pour la justice transitionnelle pour r\u00e9concilier les fr\u00e8res ennemis. Concr\u00e8tement, la libert\u00e9 de culte sera d\u00e9sormais garantie aux adeptes des religions locales longtemps marginalis\u00e9s et m\u00eame pers\u00e9cut\u00e9s par leurs compatriotes de confession musulmane, un cessez-le-feu total sera instaur\u00e9 sur tous les fronts, et les combattants rebelles, int\u00e9gr\u00e9s aux forces de d\u00e9fense et de s\u00e9curit\u00e9, apr\u00e8s avoir b\u00e9n\u00e9fici\u00e9 d\u2019une amnistie totale. En outre, l\u2019accord pr\u00e9voit le retour des millions de Soudanais r\u00e9fugi\u00e9s dans les pays limitrophes ou dans des camps de fortune au Soudan m\u00eame, avec des soutiens multiformes pour les aider \u00e0 se fixer et \u00e0 se prendre en charge dans leurs villages d\u2019origine.<\/em><\/p>\n<p class=\"c3\"><em>\u00a0<\/em><\/p>\n<p class=\"c4\"><strong><em>Il suffira d\u2019une petite \u00e9tincelle et les choses repartiront encore en vrille<\/em><\/strong><\/p>\n<p class=\"c4\"><strong><em>\u00a0<\/em><\/strong><\/p>\n<p class=\"c3\"><em>Tout cela est bien beau et aurait pu \u00eatre c\u00e9l\u00e9br\u00e9 avec un optimisme d\u00e9bordant s\u2019il ne s\u2019\u00e9tait pas agi du Soudan o\u00f9 la guerre fait d\u00e9sormais partie des us et coutumes, et o\u00f9 les comptes \u00e0 solder sont si nombreux et si complexes qu\u2019on ne peut s\u2019emp\u00eacher de lire le contenu de ce nouveau protocole de paix avec les yeux incr\u00e9dules de Saint Thomas. Car, une chose est par exemple de faciliter le retour au bercail des exil\u00e9s, une autre, plus difficile, est de remettre \u00e0 ces derniers les terres et les champs qui \u00e9taient les leurs avant leur exil, et injustement occup\u00e9s par de nouveaux propri\u00e9taires qui ne vont probablement pas se laisser conter fleurette. \u00a0Rien qu\u2019au mois de juillet dernier, des affrontements entre nomades de tribus arabes et s\u00e9dentaires agriculteurs noirs, ont fait plusieurs dizaines de cadavres suite au retour de ces derniers dans leur patelin d\u2019origine apr\u00e8s une quinzaine d\u2019ann\u00e9es d\u2019absence. Il est vrai que dans le nouvel accord, il est pr\u00e9vu que l\u2019arm\u00e9e reconstitu\u00e9e se d\u00e9ploie illico presto pour pr\u00e9venir ou circonscrire de tels incidents, mais encore faut-il qu\u2019il y ait une entente cordiale entre les membres des unit\u00e9s mixtes, qui pourraient continuer \u00e0 se regarder en chiens de fa\u00efence apr\u00e8s des ann\u00e9es de guerre fratricide.\u00a0 Si on ajoute \u00e0 toutes ces incertitudes, l\u2019absence remarqu\u00e9e \u00e0 la signature de l\u2019accord, de deux importants groupes rebelles, le Mouvement de lib\u00e9ration du Soudan d\u2019Abdul Wahid Al-Nour et le Mouvement populaire de lib\u00e9ration du Soudan-Nord d\u2019Abdel Aziz Al-Hilu,\u00a0 il y a de quoi pousser un d\u00e9sesp\u00e9rant \u00ab\u00a0wait and see\u00a0\u00bb car, il suffira d\u2019une petite \u00e9tincelle et les choses repartiront encore en vrille, comme ce fut le cas au lendemain des pr\u00e9c\u00e9dents accords d\u2019Abuja en 2006 et de Doha en 2010. Heureusement que la donne et le contexte ne sont plus les m\u00eames, car l\u2019ancien pr\u00e9sident soudanais, Omar El B\u00e9chir, adepte des campagnes militaires punitives et d\u00e9vastatrices, a \u00e9t\u00e9 chass\u00e9 du pouvoir et remplac\u00e9 par des hommes beaucoup plus enclins \u00e0 la n\u00e9gociation et apparamment sensibles aux malheurs de leurs compatriotes. L\u2019accord de paix de Juba est donc, \u00e0 ce jour, le principal dividende de la r\u00e9volution de 2019 qui a permis aux Soudanais de se d\u00e9barrasser d\u2019un puissant dictateur, et m\u00eame si le plus dur reste \u00e0 venir, il est important de souligner que jamais dans l\u2019histoire du Soudan, on n\u2019a \u00e9t\u00e9 sur une aussi bonne trajectoire de la paix gr\u00e2ce bien s\u00fbr \u00e0 la bonne volont\u00e9 des protagonistes, mais aussi \u00e0 l\u2019entregent de la communaut\u00e9 internationale et du gouvernement du Soudan du Sud, h\u00f4te de la c\u00e9r\u00e9monie. C\u2019est, en tout \u00e9tat de cause, une tr\u00e8s bonne nouvelle pour ce pays plusieurs fois victime des morsures de l\u2019histoire, et pour tous les pays riverains du Nil qui en ont assez des vagues de turbulences chez leur voisin et des r\u00e9fugi\u00e9s qu\u2019elles charrient r\u00e9guli\u00e8rement chez eux avec toutes les difficult\u00e9s et les risques s\u00e9curitaires qui en d\u00e9coulent.<\/em><\/p>\n<p class=\"c3\"><em>\u00a0<\/em><\/p>\n<p class=\"c4\"><strong><em>Hamadou Gadiaga<\/em><\/strong><\/p>\n<p>Auteur: Le Pays<br \/>\n<a href=\"http:\/\/lepays.bf\/signature-dun-accord-de-paix-au-soudan\/\">Cliquez ici pour lire l&rsquo;article depuis sa source.<\/a><\/p>\n","protected":false},"excerpt":{"rendered":"<p>Apr\u00e8s un an d\u2019\u00e2pres n\u00e9gociations, les nouvelles autorit\u00e9s civilo-militaires du Soudan et une alliance constitu\u00e9e de cinq groupes arm\u00e9s et de quatre mouvements politiques ont sign\u00e9, samedi dernier, \u00e0 Juba, la capitale du voisin du Sud, un accord de paix cens\u00e9 clore le chapitre sanglant de plusieurs d\u00e9cennies de d\u00e9chirements ayant entra\u00een\u00e9 des milliers de [&hellip;]<\/p>\n","protected":false},"author":1813,"featured_media":0,"comment_status":"closed","ping_status":"closed","sticky":false,"template":"","format":"standard","meta":{"fifu_image_url":"","fifu_image_alt":"","footnotes":""},"categories":[73,81],"tags":[],"class_list":["post-100813","post","type-post","status-publish","format-standard","hentry","category-actualite","category-burkina-faso"],"_links":{"self":[{"href":"https:\/\/linitiative.ca\/International\/wp-json\/wp\/v2\/posts\/100813","targetHints":{"allow":["GET"]}}],"collection":[{"href":"https:\/\/linitiative.ca\/International\/wp-json\/wp\/v2\/posts"}],"about":[{"href":"https:\/\/linitiative.ca\/International\/wp-json\/wp\/v2\/types\/post"}],"author":[{"embeddable":true,"href":"https:\/\/linitiative.ca\/International\/wp-json\/wp\/v2\/users\/1813"}],"replies":[{"embeddable":true,"href":"https:\/\/linitiative.ca\/International\/wp-json\/wp\/v2\/comments?post=100813"}],"version-history":[{"count":0,"href":"https:\/\/linitiative.ca\/International\/wp-json\/wp\/v2\/posts\/100813\/revisions"}],"wp:attachment":[{"href":"https:\/\/linitiative.ca\/International\/wp-json\/wp\/v2\/media?parent=100813"}],"wp:term":[{"taxonomy":"category","embeddable":true,"href":"https:\/\/linitiative.ca\/International\/wp-json\/wp\/v2\/categories?post=100813"},{"taxonomy":"post_tag","embeddable":true,"href":"https:\/\/linitiative.ca\/International\/wp-json\/wp\/v2\/tags?post=100813"}],"curies":[{"name":"wp","href":"https:\/\/api.w.org\/{rel}","templated":true}]}}