{"id":100814,"date":"2020-10-04T14:42:11","date_gmt":"2020-10-04T18:42:11","guid":{"rendered":"https:\/\/linitiative.ca\/International\/aston-villa-le-nouveau-projet-tres-interessant-de-bertrand-traore\/"},"modified":"2020-10-04T14:42:11","modified_gmt":"2020-10-04T18:42:11","slug":"aston-villa-le-nouveau-projet-tres-interessant-de-bertrand-traore","status":"publish","type":"post","link":"https:\/\/linitiative.ca\/International\/aston-villa-le-nouveau-projet-tres-interessant-de-bertrand-traore\/","title":{"rendered":"Aston Villa :Le nouveau projet tr\u00e8s int\u00e9ressant de Bertrand Traor\u00e9"},"content":{"rendered":"<div class=\"stream-item stream-item-above-post-content\">\n<p><noscript><\/p>\n<p><a href=\"\/\/www3.smartadserver.com\/ac?jump=1&amp;nwid=2136&amp;siteid=240610&amp;pgname=rg&amp;fmtid=49046&amp;visit=m&amp;tmstp=[timestamp]&amp;out=nonrich\" target=\"_blank\" rel=\"noopener noreferrer\"><img decoding=\"async\" src=\"http:\/\/www3.smartadserver.com\/ac?out=nonrich&amp;nwid=2136&amp;siteid=240610&amp;pgname=rg&amp;fmtid=49046&amp;visit=m&amp;tmstp=[timestamp]\" border=\"0\" alt=\"\"\/><\/a><\/p>\n<p><\/noscript><\/div>\n<p class=\"c3\"><strong>Bertrand Traor\u00e9 devrait faire ses d\u00e9buts avec Aston Villa lundi prochain, lors de la 3\u00e8me journ\u00e9e de Premier League. L\u2019international burkinab\u00e9, arriv\u00e9 il y a quelques jours en provenance de l\u2019OL, pourrait \u00eatre disponible pour affronter Fulham\u2026<\/strong><\/p>\n<p class=\"c3\">Aston Villa nourrit de grandes ambitions pour cette nouvelle saison. Le club de Birmingham, mont\u00e9 en Premier League depuis la saison pass\u00e9e, esp\u00e8re bien rester, une nouvelle ann\u00e9e dans l\u2019\u00e9lite. Pour se faire, le club anglais n\u2019a pas r\u00e9sign\u00e9 sur les moyens puisqu\u2019il a enregistr\u00e9 4 arriv\u00e9es, <a href=\"https:\/\/minute.bf\/football-bertrand-traore-a-aston-villa-cest-fait\/\">dont celle de Bertrand Traor\u00e9 ce dimanche<\/a>. Les Villans ont d\u2019abord cass\u00e9 leur tirelire pour Emiliano Martinez (28 ans), qui \u00e9tait la doublure de Bernd Leno au poste de gardien de but. Le portier argentin, qui a co\u00fbt\u00e9 18 millions d\u2019euros, arrive cette fois pour \u00eatre titulaire chez les Bordeaux-et-Bleu. Matty Cash, de son c\u00f4t\u00e9, a fait le voyage de Nottingham Forest d\u00e9but septembre contre 15,75 millions d\u2019euros, lui qui est \u00e2g\u00e9 de 23 ans. Autre recrue de poids : Ollie Watkins, directement en provenance de Brentford. L\u2019ailier, qui a fait les beaux jours du club de Championship l\u2019an dernier, est arriv\u00e9 en Premier League contre 30,80 millions d\u2019euros. L\u2019an pass\u00e9, Watkins a inscrit 25 buts et d\u00e9livr\u00e9 3 passes d\u00e9cisives en 46 matchs de division 2 ! En plus d\u2019\u00eatre performant, l\u2019ailier n\u00e9 \u00e0 Torbay poss\u00e8de la nationalit\u00e9 anglaise et est donc tr\u00e8s pris\u00e9 sur le mercato de la Premier League.<\/p>\n<p class=\"c3\">Enfin, Aston Villa s\u2019est offert Bertrand Traor\u00e9 ces derniers jours. En qu\u00eate d\u2019un nouvel ailier pour renforcer son secteur offensif, les Villans ont saisi l\u2019opportunit\u00e9 concernant l\u2019ancien de Chelsea, aussi pass\u00e9 par l\u2019Ajax Amsterdam. En fin de cycle \u00e0 Lyon, le Burkinab\u00e9 de 25 ans a co\u00fbt\u00e9 18 millions d\u2019euros aux dirigeants. Un nouvel investissement massif qui va devoir rapidement faire ses preuves, lui qui n\u2019a jamais r\u00e9ellement eu sa chance \u00e0 Chelsea. \u00c0 Lyon, le bilan de Traor\u00e9 est assez mitig\u00e9 avec 33 buts et 17 passes d\u00e9cisives en 126 matchs, toutes comp\u00e9titions confondues. Il doit donc franchir le cap \u00e0 Aston Villa, celui qu\u2019il n\u2019a pas r\u00e9ussi \u00e0 passer du c\u00f4t\u00e9 de Lyon\u2026<\/p>\n<p class=\"c3\">Pour le moment, les Villans r\u00e9ussissent des d\u00e9buts parfaits en Premier League puisqu\u2019ils comptabilisent 6 points en deux journ\u00e9es. Tr\u00e8s solide d\u00e9fensivement (0 but encaiss\u00e9), les Lions ont battu Manchester United lors de la premi\u00e8re journ\u00e9e et Sheffield lors de la suivante sur le m\u00eame score : 1-0. Il faudra donc bonifier ces deux excellents r\u00e9sultats lundi prochain en d\u00e9placement \u00e0 Fulham. Malgr\u00e9 le voyage \u00e0 Craven Cottage, les co\u00e9quipiers de Bertrand Traor\u00e9 <a href=\"https:\/\/sports.bwin.be\/fr\/sports\/football-4\/paris-sportifs\/angleterre-14\/premier-league-46\">partent l\u00e9g\u00e8rement favori selon les c\u00f4tes du match<\/a>. Une troisi\u00e8me victoire en autant de matchs permettrait aux hommes de Dean Smith d\u2019avoir l\u2019esprit plus l\u00e9ger pour le d\u00e9placement, la semaine suivante, \u00e0 Wolverhampton, l\u2019un des pr\u00e9tendants \u00e0 la Coupe d\u2019Europe. R\u00e9ponse dans les tous prochains jours pour Aston Villa, qui pourrait changer rapidement ses objectifs pour la saison : assurer le maintien et viser, pourquoi pas, la premi\u00e8re partie du classement.<\/p>\n<p>Auteur: Le Pays<br \/>\n<a href=\"http:\/\/lepays.bf\/aston-villa-le-nouveau-projet-tres-interessant-de-bertrand-traore\/\">Cliquez ici pour lire l&rsquo;article depuis sa source.<\/a><\/p>\n","protected":false},"excerpt":{"rendered":"<p>Bertrand Traor\u00e9 devrait faire ses d\u00e9buts avec Aston Villa lundi prochain, lors de la 3\u00e8me journ\u00e9e de Premier League. L\u2019international burkinab\u00e9, arriv\u00e9 il y a quelques jours en provenance de l\u2019OL, pourrait \u00eatre disponible pour affronter Fulham\u2026 Aston Villa nourrit de grandes ambitions pour cette nouvelle saison. Le club de Birmingham, mont\u00e9 en Premier League [&hellip;]<\/p>\n","protected":false},"author":1813,"featured_media":0,"comment_status":"closed","ping_status":"closed","sticky":false,"template":"","format":"standard","meta":{"fifu_image_url":"","fifu_image_alt":"","footnotes":""},"categories":[73,81],"tags":[],"class_list":["post-100814","post","type-post","status-publish","format-standard","hentry","category-actualite","category-burkina-faso"],"_links":{"self":[{"href":"https:\/\/linitiative.ca\/International\/wp-json\/wp\/v2\/posts\/100814","targetHints":{"allow":["GET"]}}],"collection":[{"href":"https:\/\/linitiative.ca\/International\/wp-json\/wp\/v2\/posts"}],"about":[{"href":"https:\/\/linitiative.ca\/International\/wp-json\/wp\/v2\/types\/post"}],"author":[{"embeddable":true,"href":"https:\/\/linitiative.ca\/International\/wp-json\/wp\/v2\/users\/1813"}],"replies":[{"embeddable":true,"href":"https:\/\/linitiative.ca\/International\/wp-json\/wp\/v2\/comments?post=100814"}],"version-history":[{"count":0,"href":"https:\/\/linitiative.ca\/International\/wp-json\/wp\/v2\/posts\/100814\/revisions"}],"wp:attachment":[{"href":"https:\/\/linitiative.ca\/International\/wp-json\/wp\/v2\/media?parent=100814"}],"wp:term":[{"taxonomy":"category","embeddable":true,"href":"https:\/\/linitiative.ca\/International\/wp-json\/wp\/v2\/categories?post=100814"},{"taxonomy":"post_tag","embeddable":true,"href":"https:\/\/linitiative.ca\/International\/wp-json\/wp\/v2\/tags?post=100814"}],"curies":[{"name":"wp","href":"https:\/\/api.w.org\/{rel}","templated":true}]}}