{"id":100816,"date":"2020-10-04T17:41:02","date_gmt":"2020-10-04T21:41:02","guid":{"rendered":"https:\/\/linitiative.ca\/International\/projet-de-developpement-des-connexions-a-lelectricite-la-phase-pilote-lancee-a-koudougou\/"},"modified":"2020-10-04T17:41:02","modified_gmt":"2020-10-04T21:41:02","slug":"projet-de-developpement-des-connexions-a-lelectricite-la-phase-pilote-lancee-a-koudougou","status":"publish","type":"post","link":"https:\/\/linitiative.ca\/International\/projet-de-developpement-des-connexions-a-lelectricite-la-phase-pilote-lancee-a-koudougou\/","title":{"rendered":"Projet de d\u00e9veloppement des connexions \u00e0 l\u2019\u00e9lectricit\u00e9: la phase pilote lanc\u00e9e \u00e0 Koudougou"},"content":{"rendered":"<div class=\"td-post-featured-image\"><a href=\"https:\/\/www.sidwaya.info\/wp-content\/uploads\/2020\/10\/electricite05.jpg\" data-caption=\"\"><img loading=\"lazy\" decoding=\"async\" width=\"696\" height=\"464\" class=\"entry-thumb td-modal-image\" src=\"https:\/\/www.sidwaya.info\/wp-content\/uploads\/2020\/10\/electricite05-696x464.jpg\" srcset=\"https:\/\/www.sidwaya.info\/wp-content\/uploads\/2020\/10\/electricite05-696x464.jpg 696w, https:\/\/www.sidwaya.info\/wp-content\/uploads\/2020\/10\/electricite05-300x200.jpg 300w, https:\/\/www.sidwaya.info\/wp-content\/uploads\/2020\/10\/electricite05-768x512.jpg 768w, https:\/\/www.sidwaya.info\/wp-content\/uploads\/2020\/10\/electricite05-630x420.jpg 630w, https:\/\/www.sidwaya.info\/wp-content\/uploads\/2020\/10\/electricite05.jpg 787w\" sizes=\"auto, (max-width: 696px) 100vw, 696px\" alt=\"\" title=\"electricite05\"\/><\/a><\/div>\n<p><strong>Le ministre de l\u2019Energie, Bachir Isma\u00ebl Ou\u00e9draogo, a pr\u00e9sid\u00e9, le jeudi 1er octobre 2020, \u00e0 Koudougou, dans la r\u00e9gion du Centre-Ouest, la c\u00e9r\u00e9monie de lancement de la phase-pilote du Projet de d\u00e9veloppement des connexions \u00e0 l\u2019\u00e9lectricit\u00e9 (PDCEL).<\/strong><\/p>\n<p>Les populations de la r\u00e9gion du Centre-Ouest sont d\u00e9sormais b\u00e9n\u00e9ficiaires du Projet de d\u00e9veloppement des connexions \u00e0 l\u2019\u00e9lectricit\u00e9 (PDCEL). Sa phase-pilote a \u00e9t\u00e9 officiellement lanc\u00e9e, le jeudi 1er octobre 2020, \u00e0 Koudougou, par le ministre de l\u2019Energie, Bachir Isma\u00ebl Ou\u00e9draogo. Avec \u00ab\u00a0seulement\u00a0\u00bb, 3\u00a0000 F CFA contre 200\u00a0000 F CFA voire 300\u00a0000 F CFA, auparavant, a-t-il expliqu\u00e9, les clients de la Soci\u00e9t\u00e9 nationale burkinab\u00e8 d\u2019\u00e9lectricit\u00e9 (SONABEL) peuvent maintenant disposer d\u2019un compteur pr\u00e9pay\u00e9 \u00ab\u00a0Cash Power\u00a0\u00bb. Par cette offre, il a indiqu\u00e9 que le gouvernement a convaincu les plus sceptiques qui se rendent dor\u00e9navant compte de la vision du pr\u00e9sident du Faso de rendre accessible l\u2019\u00e9nergie \u00e0 tous. \u00ab\u00a0Des projets comme PDCEL vont permettre \u00e0 la majorit\u00e9 des Burkinab\u00e8 d\u2019avoir acc\u00e8s \u00e0 l\u2019\u00e9nergie\u00a0\u00bb, a affirm\u00e9 le ministre Ou\u00e9draogo. L\u2019av\u00e8nement de l\u2019\u00e9nergie solaire au Burkina Faso coupl\u00e9 \u00e0 la mise en \u0153uvre du PDCEL, a-t-il rassur\u00e9, va \u00eatre le fer de lance de l\u2019acc\u00e8s universel \u00e0 l\u2019\u00e9nergie. A entendre Bachir Isma\u00ebl Ou\u00e9draogo, cette initiative est une premi\u00e8re dans la sous-r\u00e9gion ouest-africaine qui a permis au pays des Hommes int\u00e8gres d\u2019\u00eatre l\u2019un des rares pays \u00e0 pratiquer une telle politique \u00e9nerg\u00e9tique. Tout en f\u00e9licitant la SONABEL dans sa dynamique d\u2019offrir l\u2019\u00e9lectricit\u00e9 aux m\u00e9nages, il a appel\u00e9 les populations \u00e0 honorer leur facture. Le directeur g\u00e9n\u00e9ral de la SONABEL, Baba Ahmed Coulibaly, a pr\u00e9cis\u00e9 que les 3\u00a0000 F CFA sont une avance avec le reste \u00e0 payer sur cinq ans \u00e0 partir des factures mensuelles.<\/p>\n<p>6 000 b\u00e9n\u00e9ficiaires \u00e0 Koudougou<\/p>\n<div class=\"td-a-rec td-a-rec-id-content_inline tdi_30_502 td_block_template_1\"><img loading=\"lazy\" decoding=\"async\" class=\"aligncenter size-full wp-image-21314\" src=\"https:\/\/www.sidwaya.info\/wp-content\/uploads\/2020\/04\/Bandeau-Covid-19-Sidwaya-1.jpg\" alt=\"\" width=\"790\" height=\"98\"\/><\/div>\n<p>\u00ab\u00a0Nous envisageons environ 6\u00a0000 clients \u00e0 Koudougou qui doivent avoir acc\u00e8s \u00e0 l\u2019\u00e9nergie \u00e9lectrique\u00a0\u00bb, a-t-il confi\u00e9. A son avis, le PDCEL dans sa phase-pilote qui vise \u00e0 raccorder 50\u00a0000 nouveaux foyers vient mettre fin au mythe du service inaccessible coll\u00e9 \u00e0 l\u2019\u00e9lectricit\u00e9. A la faveur du projet, il est pr\u00e9vu, aux dires de Baba Ahmed Coulibaly, la construction, dans la cit\u00e9 du cavalier rouge, de 16 km de ligne basse tension, de 2 km de ligne moyenne tension et 3 postes de transformation. Quant au maire de la commune de Koudougou, Maurice Moctar Zongo, il s\u2019est r\u00e9joui du fait que le PDCEL va assouplir les proc\u00e9dures de raccordement des habitants au r\u00e9seau de la SONABEL. Pour lui, c\u2019est l\u2019une des voies pour renforcer l\u2019\u00e9conomie locale et am\u00e9liorer le bien-\u00eatre des b\u00e9n\u00e9ficiaires. Il a renouvel\u00e9 la reconnaissance de la cit\u00e9 au gouvernement pour le lancement le 10 septembre 2020, de la centrale solaire de 20 MW \u00e0 Koudougou. Le ministre de l\u2019Energie, apr\u00e8s la c\u00e9r\u00e9monie officielle de lancement du PDCEL, a visit\u00e9 un poste de transformation de la SONABEL \u00e0 Koudougou qui va importer l\u2019\u00e9lectricit\u00e9 depuis la capitale. Le PDCEL, d\u2019un co\u00fbt estim\u00e9 \u00e0 12 milliards F CFA, concerne Tenkodogo, Bobo-Dioulasso, Koudougou, Kaya, Ouahigouya et Ouagadougou. Ses phases II (2021-2025) et III (2026-2030) visent la connexion d\u2019au moins 250\u00a0000 nouveaux clients chaque ann\u00e9e.<\/p>\n<p>Boukary BONKOUNGOU<\/p>\n<div class=\"td-a-rec td-a-rec-id-content_bottom tdi_31_20d td_block_template_1\"><img loading=\"lazy\" decoding=\"async\" class=\"aligncenter size-full wp-image-22415\" src=\"https:\/\/www.sidwaya.info\/wp-content\/uploads\/2020\/05\/Bandeau-paiement-mobile-site.png\" alt=\"\" width=\"728\" height=\"90\"\/><\/div>\n<p>Auteur: BM. Sidwaya<br \/>\n<a href=\"https:\/\/www.sidwaya.info\/blog\/2020\/10\/04\/projet-de-developpement-des-connexions-a-lelectricite-la-phase-pilote-lancee-a-koudougou\/\">Cliquez ici pour lire l&rsquo;article depuis sa source.<\/a><\/p>\n","protected":false},"excerpt":{"rendered":"<p>Le ministre de l\u2019Energie, Bachir Isma\u00ebl Ou\u00e9draogo, a pr\u00e9sid\u00e9, le jeudi 1er octobre 2020, \u00e0 Koudougou, dans la r\u00e9gion du Centre-Ouest, la c\u00e9r\u00e9monie de lancement de la phase-pilote du Projet de d\u00e9veloppement des connexions \u00e0 l\u2019\u00e9lectricit\u00e9 (PDCEL). Les populations de la r\u00e9gion du Centre-Ouest sont d\u00e9sormais b\u00e9n\u00e9ficiaires du Projet de d\u00e9veloppement des connexions \u00e0 l\u2019\u00e9lectricit\u00e9 [&hellip;]<\/p>\n","protected":false},"author":1816,"featured_media":100817,"comment_status":"closed","ping_status":"closed","sticky":false,"template":"","format":"standard","meta":{"fifu_image_url":"","fifu_image_alt":"","footnotes":""},"categories":[73,81],"tags":[],"class_list":["post-100816","post","type-post","status-publish","format-standard","has-post-thumbnail","hentry","category-actualite","category-burkina-faso"],"_links":{"self":[{"href":"https:\/\/linitiative.ca\/International\/wp-json\/wp\/v2\/posts\/100816","targetHints":{"allow":["GET"]}}],"collection":[{"href":"https:\/\/linitiative.ca\/International\/wp-json\/wp\/v2\/posts"}],"about":[{"href":"https:\/\/linitiative.ca\/International\/wp-json\/wp\/v2\/types\/post"}],"author":[{"embeddable":true,"href":"https:\/\/linitiative.ca\/International\/wp-json\/wp\/v2\/users\/1816"}],"replies":[{"embeddable":true,"href":"https:\/\/linitiative.ca\/International\/wp-json\/wp\/v2\/comments?post=100816"}],"version-history":[{"count":0,"href":"https:\/\/linitiative.ca\/International\/wp-json\/wp\/v2\/posts\/100816\/revisions"}],"wp:featuredmedia":[{"embeddable":true,"href":"https:\/\/linitiative.ca\/International\/wp-json\/"}],"wp:attachment":[{"href":"https:\/\/linitiative.ca\/International\/wp-json\/wp\/v2\/media?parent=100816"}],"wp:term":[{"taxonomy":"category","embeddable":true,"href":"https:\/\/linitiative.ca\/International\/wp-json\/wp\/v2\/categories?post=100816"},{"taxonomy":"post_tag","embeddable":true,"href":"https:\/\/linitiative.ca\/International\/wp-json\/wp\/v2\/tags?post=100816"}],"curies":[{"name":"wp","href":"https:\/\/api.w.org\/{rel}","templated":true}]}}