{"id":100818,"date":"2020-10-04T09:18:02","date_gmt":"2020-10-04T13:18:02","guid":{"rendered":"https:\/\/linitiative.ca\/International\/maroc-les-parties-libyennes-esperent-parvenir-a-un-consensus-global\/"},"modified":"2020-10-04T09:18:02","modified_gmt":"2020-10-04T13:18:02","slug":"maroc-les-parties-libyennes-esperent-parvenir-a-un-consensus-global","status":"publish","type":"post","link":"https:\/\/linitiative.ca\/International\/maroc-les-parties-libyennes-esperent-parvenir-a-un-consensus-global\/","title":{"rendered":"Maroc : Les parties libyennes esp\u00e8rent parvenir \u00e0 un \u00ab consensus global \u00bb"},"content":{"rendered":"<div readability=\"32\">\n<p>Publi\u00e9 le 04.10.2020 \u00e0 14h18 par APA News<\/p>\n<\/div>\n<div readability=\"64\">\n<p>Les d\u00e9l\u00e9gations du Haut Conseil d\u2019\u00c9tat libyen et de la Chambre des Repr\u00e9sentants, qui prennent part au deuxi\u00e8me round du dialogue inter-libyen, ont annonc\u00e9, samedi soir \u00e0 Bouznika, que leurs rencontres se poursuivront afin de parvenir \u00e0 un \u00ab consensus global \u00bb concernant le choix des occupants des postes de souverainet\u00e9.Cette rencontre \u00ab s\u2019est d\u00e9roul\u00e9e dans un climat d\u2019entente et de consensus autour des crit\u00e8res devant \u00eatre pris en compte pour choisir les occupants des postes de souverainet\u00e9, conform\u00e9ment \u00e0 l\u2019article 15 de l\u2019accord politique libyen conclu \u00e0 Skhirat \u00bb, a d\u00e9clar\u00e9 M. Driss Omran, de la Chambre des Repr\u00e9sentants libyenne, dans un briefing \u00e0 l\u2019issue de ce round.<\/p>\n<p>Les deux d\u00e9l\u00e9gations \u00e9taient parvenues, lors du premier round des s\u00e9ances du dialogue inter-libyen \u00e0 Bouznika (6-10 septembre 2020), \u00e0 \u00ab d\u2019importantes ententes sur les m\u00e9canismes \u00e0 prendre en consid\u00e9ration dans le choix des occupants de ces postes \u00bb, a-t-il soulign\u00e9.<\/p>\n<p>Les rencontres, a ajout\u00e9 M. Omran, \u00ab se poursuivront afin de parvenir \u00e0 un consensus global concernant toutes les mesures relatives \u00e0 l\u2019article 15 de l\u2019accord politique libyen \u00bb conclu \u00e0 Skhirat.<\/p>\n<p>Par ailleurs, la d\u00e9l\u00e9gation du Haut Conseil d\u2019\u00c9tat libyen est pr\u00e9sid\u00e9e, lors de ce round, par M. Fawzi Al-Agab, tandis que celle de la Chambre des Repr\u00e9sentants libyenne est pr\u00e9sid\u00e9e par M. Youssef El Akkouri.<\/p>\n<\/div>\n<p>Auteur: APA News<br \/>\n<a href=\"https:\/\/www.journalducameroun.com\/maroc-les-parties-libyennes-esperent-parvenir-a-un-consensus-global\/\">Cliquez ici pour lire l&rsquo;article depuis sa source.<\/a><\/p>\n","protected":false},"excerpt":{"rendered":"<p>Publi\u00e9 le 04.10.2020 \u00e0 14h18 par APA News Les d\u00e9l\u00e9gations du Haut Conseil d\u2019\u00c9tat libyen et de la Chambre des Repr\u00e9sentants, qui prennent part au deuxi\u00e8me round du dialogue inter-libyen, ont annonc\u00e9, samedi soir \u00e0 Bouznika, que leurs rencontres se poursuivront afin de parvenir \u00e0 un \u00ab consensus global \u00bb concernant le choix des occupants [&hellip;]<\/p>\n","protected":false},"author":1965,"featured_media":0,"comment_status":"closed","ping_status":"closed","sticky":false,"template":"","format":"standard","meta":{"fifu_image_url":"","fifu_image_alt":"","footnotes":""},"categories":[73,82],"tags":[],"class_list":["post-100818","post","type-post","status-publish","format-standard","hentry","category-actualite","category-cameroun"],"_links":{"self":[{"href":"https:\/\/linitiative.ca\/International\/wp-json\/wp\/v2\/posts\/100818","targetHints":{"allow":["GET"]}}],"collection":[{"href":"https:\/\/linitiative.ca\/International\/wp-json\/wp\/v2\/posts"}],"about":[{"href":"https:\/\/linitiative.ca\/International\/wp-json\/wp\/v2\/types\/post"}],"author":[{"embeddable":true,"href":"https:\/\/linitiative.ca\/International\/wp-json\/wp\/v2\/users\/1965"}],"replies":[{"embeddable":true,"href":"https:\/\/linitiative.ca\/International\/wp-json\/wp\/v2\/comments?post=100818"}],"version-history":[{"count":0,"href":"https:\/\/linitiative.ca\/International\/wp-json\/wp\/v2\/posts\/100818\/revisions"}],"wp:attachment":[{"href":"https:\/\/linitiative.ca\/International\/wp-json\/wp\/v2\/media?parent=100818"}],"wp:term":[{"taxonomy":"category","embeddable":true,"href":"https:\/\/linitiative.ca\/International\/wp-json\/wp\/v2\/categories?post=100818"},{"taxonomy":"post_tag","embeddable":true,"href":"https:\/\/linitiative.ca\/International\/wp-json\/wp\/v2\/tags?post=100818"}],"curies":[{"name":"wp","href":"https:\/\/api.w.org\/{rel}","templated":true}]}}