{"id":100820,"date":"2020-10-04T14:18:02","date_gmt":"2020-10-04T18:18:02","guid":{"rendered":"https:\/\/linitiative.ca\/International\/presidentielle-ivoirienne-investi-kkb-se-dit-candidat-pour-servir-la-paix\/"},"modified":"2020-10-04T14:18:02","modified_gmt":"2020-10-04T18:18:02","slug":"presidentielle-ivoirienne-investi-kkb-se-dit-candidat-pour-servir-la-paix","status":"publish","type":"post","link":"https:\/\/linitiative.ca\/International\/presidentielle-ivoirienne-investi-kkb-se-dit-candidat-pour-servir-la-paix\/","title":{"rendered":"Pr\u00e9sidentielle ivoirienne: investi, KKB se dit \u00ab\u00a0candidat pour servir la paix\u00a0\u00bb"},"content":{"rendered":"<p>Kouadio Konan Bertin dit \u00ab\u00a0KKB\u00a0\u00bb, candidat ind\u00e9pendant \u00e0 l\u2019\u00e9lection pr\u00e9sidentielle ivoirienne du 31 octobre 2020, a d\u00e9clar\u00e9 dimanche s\u2019\u00eatre pr\u00e9sent\u00e9 \u00e0 ce scrutin \u00ab\u00a0pour servir la paix\u00a0\u00bb dans son pays, lors d\u2019une c\u00e9r\u00e9monie d\u2019investiture au palais de la culture de Treichville, cit\u00e9 situ\u00e9e dans le Sud d\u2019Abidjan.Devant des milliers de partisans, KKB a \u00e9t\u00e9 officiellement investi par le pr\u00e9sident de l\u2019Association nationale des chefs coutumiers et notables de C\u00f4te d\u2019Ivoire Tchiffi Yoro Mathias, qui lui a offert une canne, symbole de l\u2019autorit\u00e9, et des apparats de chef traditionnel.\u00a0<\/p>\n<p>Pour la circonstance, M. KKB avait \u00e0 ses c\u00f4t\u00e9s son \u00e9pouse, v\u00eatue d\u2019un pagne \u00e0 son effigie, fait \u00a0de couleurs violet et blanc. Le candidat avait \u00e9galement arbor\u00e9 une chemise faite du m\u00eame pagne \u00e0 l\u2019instar de son staff. Les partisans, eux, avaient des t-shirts assortis de son portrait. \u00a0<\/p>\n<p>\u00ab\u00a0Je suis candidat pour servir la paix dans notre pays\u00a0\u00bb, a dit KKB, avant de lancer \u00e0 l\u2019endroit des Ivoiriens \u00ab\u00a0si ce peuple a soif de changement, de renouvellement, de rajeunissement, de paix, alors je vous offre ma candidature et allez y voter massivement le 31 octobre 2020\u00a0\u00bb.\u00a0<\/p>\n<p>\u00ab\u00a0Notre pays, la C\u00f4te d\u2019Ivoire, a souffert de la guerre, le pays a besoin de rassemblement, c\u2019est pourquoi je me suis engag\u00e9 \u00e0 ne plus participer \u00e0 tout ce qui peut diviser les Ivoiriens\u00a0\u00bb, a fait savoir M. KKB. \u00a0<\/p>\n<p>Il a fait observer plusieurs minutes de silence pour F\u00e9lix Houphou\u00ebt-Boigny et les morts des crises politico-militaires dans le pays. Pour lui, cette \u00e9lection devrait \u00eatre un moment pr\u00e9cieux o\u00f9 les Ivoiriens d\u00e9cident \u00ab\u00a0pacifiquement\u00a0\u00bb de leur avenir, mais h\u00e9las, d\u00e9j\u00e0 des violences ont lieu.<\/p>\n<p>\u00ab\u00a0D\u00e9j\u00e0 des affrontements, d\u00e9j\u00e0 les ferments de la division se r\u00e9pandent; et cette situation est le r\u00e9sultat de l\u2019incapacit\u00e9 des partis politiques \u00e0 se refermer et \u00e0 renouveler leurs responsables\u00a0\u00bb, a-t-il poursuivi. \u00a0<\/p>\n<p>Selon lui, il est \u00e0 craindre que ce scrutin soit \u00ab\u00a0le pauvre remake du film qui a plong\u00e9 (la C\u00f4te d\u2019Ivoire) dans les affres de la guerre (en 2010): m\u00eame casting, m\u00eame sc\u00e9nario, m\u00eame mise en sc\u00e8ne\u00a0\u00bb. Car, \u00ab\u00a0tout est en place pour un nouveau film d\u2019horreur\u00a0\u00bb pour le pays.<\/p>\n<p>Depuis de longs mois, dit-il, il plaide pour une \u00ab\u00a0dynamique d\u2019union nationale\u00a0\u00bb en vue du \u00ab\u00a0rassemblement de toutes les forces, de tous les talents et de toutes les bonnes volont\u00e9s qui veulent contribuer \u00e0 la renaissance et la grandeur ivoirienne\u00a0\u00bb.\u00a0<\/p>\n<p>\u00ab\u00a0Dans mon pays, je peux avoir des adversaires, mais dans mon pays, je n\u2019ai pas d\u2019ennemis\u00a0\u00bb, a-t-il lanc\u00e9, affirmant que sa \u00ab\u00a0famille politique, le Pdci, a h\u00e9las choisi la voie d\u2019une candidature de revanche\u00a0\u00bb.<\/p>\n<p>KKB estime que la candidature de Henri Konan B\u00e9di\u00e9, pr\u00e9sident du Parti d\u00e9mocratique de C\u00f4te d\u2019Ivoire (Pdci, ex-alli\u00e9 au pouvoir), a \u00ab\u00a0pour seul objet la reconqu\u00eate d\u2019un pouvoir perdu, tournant ainsi le dos aux enseignements de son cr\u00e9ateur\u00a0\u00bb.\u00a0<\/p>\n<p>\u00ab\u00a0Ce parti a interdit tout d\u00e9bat d\u00e9mocratique interne, et se targue davantage de l\u2019union du peuple ivoirien et promeut l\u2019affrontement\u00a0\u00bb, a affirm\u00e9 KKB, qui rel\u00e8ve que \u00ab\u00a0face \u00e0 cette situation de p\u00e9ril imminent\u00a0\u00bb, il a d\u00e9cid\u00e9 avec l\u2019encouragement de dizaines de milliers d\u2019Ivoiriens de prendre ses responsabilit\u00e9s.<\/p>\n<p>La d\u00e9cision de se pr\u00e9senter \u00e0 ces joutes \u00e9lectorales, KKB explique l\u2019avoir prise apr\u00e8s une r\u00e9flexion \u00ab\u00a0longuement murie\u00a0\u00bb, qui l\u2019engage et qui engage sa vie. Il l\u2019a toutefois prise en conscience pour l\u2019amour de la C\u00f4te d\u2019Ivoire. \u00a0<\/p>\n<p>M. KKB note plus de 12 millions d\u2019Ivoiriens qui vivent sous le seuil de la pauvret\u00e9, et cela lui est \u00ab\u00a0insupportable\u00a0\u00bb. Le candidat promet, s\u2019il est \u00e9lu, d\u2019octroyer aux m\u00e9nages d\u00e9munis et sans ressources la somme de 25.000 Fcfa par mois. \u00a0<\/p>\n<p>Il assure en outre donner aux enfants de ce pays les m\u00eames chances et les m\u00eames droits. Et ce, afin de \u00ab\u00a0finir avec la C\u00f4te d\u2019Ivoire des copains\u00a0\u00bb tout en s\u2019\u00e9vertuant \u00e0 \u00e9radiquer la corruption dans le pays.<\/p>\n<p>Le Pdci, la formation politique dont est issu KKB, l\u2019a exclu temporairement pour \u00ab\u00a0indiscipline\u00a0\u00bb. L\u2019ex-pr\u00e9sident de la jeunesse dont le dossier de candidature \u00e0 la convention d\u2019investiture du parti a \u00e9t\u00e9 rejet\u00e9, s\u2019est port\u00e9 candidat en violation des textes.<\/p>\n<p>Le Conseil constitutionnel a d\u00e9voil\u00e9, le 14 septembre 2020, les candidats \u00e9ligibles. Les candidatures de KKB, Henri Konan Bedie, Affi Nguessan et Alassane Ouattara ont \u00e9t\u00e9 retenues pour cette \u00e9lection pr\u00e9sidentielle du 31 octobre 2020. \u00a0<\/p>\n<p>Auteur: APA News<br \/>\n<a href=\"https:\/\/www.journalducameroun.com\/presidentielle-ivoirienne-investi-kkb-se-dit-candidat-pour-servir-la-paix\/\">Cliquez ici pour lire l&rsquo;article depuis sa source.<\/a><\/p>\n","protected":false},"excerpt":{"rendered":"<p>Kouadio Konan Bertin dit \u00ab\u00a0KKB\u00a0\u00bb, candidat ind\u00e9pendant \u00e0 l\u2019\u00e9lection pr\u00e9sidentielle ivoirienne du 31 octobre 2020, a d\u00e9clar\u00e9 dimanche s\u2019\u00eatre pr\u00e9sent\u00e9 \u00e0 ce scrutin \u00ab\u00a0pour servir la paix\u00a0\u00bb dans son pays, lors d\u2019une c\u00e9r\u00e9monie d\u2019investiture au palais de la culture de Treichville, cit\u00e9 situ\u00e9e dans le Sud d\u2019Abidjan.Devant des milliers de partisans, KKB a \u00e9t\u00e9 officiellement [&hellip;]<\/p>\n","protected":false},"author":1965,"featured_media":0,"comment_status":"closed","ping_status":"closed","sticky":false,"template":"","format":"standard","meta":{"fifu_image_url":"","fifu_image_alt":"","footnotes":""},"categories":[73,82],"tags":[],"class_list":["post-100820","post","type-post","status-publish","format-standard","hentry","category-actualite","category-cameroun"],"_links":{"self":[{"href":"https:\/\/linitiative.ca\/International\/wp-json\/wp\/v2\/posts\/100820","targetHints":{"allow":["GET"]}}],"collection":[{"href":"https:\/\/linitiative.ca\/International\/wp-json\/wp\/v2\/posts"}],"about":[{"href":"https:\/\/linitiative.ca\/International\/wp-json\/wp\/v2\/types\/post"}],"author":[{"embeddable":true,"href":"https:\/\/linitiative.ca\/International\/wp-json\/wp\/v2\/users\/1965"}],"replies":[{"embeddable":true,"href":"https:\/\/linitiative.ca\/International\/wp-json\/wp\/v2\/comments?post=100820"}],"version-history":[{"count":0,"href":"https:\/\/linitiative.ca\/International\/wp-json\/wp\/v2\/posts\/100820\/revisions"}],"wp:attachment":[{"href":"https:\/\/linitiative.ca\/International\/wp-json\/wp\/v2\/media?parent=100820"}],"wp:term":[{"taxonomy":"category","embeddable":true,"href":"https:\/\/linitiative.ca\/International\/wp-json\/wp\/v2\/categories?post=100820"},{"taxonomy":"post_tag","embeddable":true,"href":"https:\/\/linitiative.ca\/International\/wp-json\/wp\/v2\/tags?post=100820"}],"curies":[{"name":"wp","href":"https:\/\/api.w.org\/{rel}","templated":true}]}}