{"id":100821,"date":"2020-10-04T14:18:04","date_gmt":"2020-10-04T18:18:04","guid":{"rendered":"https:\/\/linitiative.ca\/International\/presidentielle-ivoirienne-une-mission-conjointe-cedeao-ua-et-onu-attendue-a-abidjan\/"},"modified":"2020-10-04T14:18:04","modified_gmt":"2020-10-04T18:18:04","slug":"presidentielle-ivoirienne-une-mission-conjointe-cedeao-ua-et-onu-attendue-a-abidjan","status":"publish","type":"post","link":"https:\/\/linitiative.ca\/International\/presidentielle-ivoirienne-une-mission-conjointe-cedeao-ua-et-onu-attendue-a-abidjan\/","title":{"rendered":"Pr\u00e9sidentielle ivoirienne : une mission conjointe CEDEAO, UA et ONU attendue \u00e0 Abidjan"},"content":{"rendered":"<div readability=\"32\">\n<p>Publi\u00e9 le 04.10.2020 \u00e0 19h18 par APA News<\/p>\n<\/div>\n<div readability=\"57\">\n<p>Une mission conjointe de la Communaut\u00e9 \u00e9conomique des \u00c9tats de l\u2019Afrique de l\u2019ouest (CEDEAO), de l\u2019Union africaine (UA) et des Nations-Unies est attendue dimanche \u00e0 Abidjan o\u00f9 elle rencontrera \u00e0 partir de lundi les diff\u00e9rentes parties prenantes \u00e0 l\u2019\u00e9lection pr\u00e9sidentielle ivoirienne du 31 octobre prochain.\u00a0\u00ab Une mission conjointe CEDEAO-Union Africaine-Nations Unies est \u00e0 Abidjan du 04 au 06 octobre 2020. Cette visite de diplomatie pr\u00e9ventive vise \u00e0 faire aux autorit\u00e9s et aux acteurs politiques ivoiriens des recommandations pour permettre une \u00e9lection inclusive, transparente et cr\u00e9dible\u00bb, rapporte l\u2019organisation des Nations-Unies en C\u00f4te d\u2019Ivoire sur son compte officiel twitter.<\/p>\n<p>Plusieurs personnalit\u00e9s dont le repr\u00e9sentant sp\u00e9cial du secr\u00e9taire g\u00e9n\u00e9ral des Nations-Unies en Afrique de l\u2019ouest et au sahel, le commissaire charg\u00e9 des affaires politiques de la CEDEAO et de l\u2019Union africaine et le secr\u00e9taire ex\u00e9cutif du Conseil de l\u2019Entente font partie de cette mission conjointe de diplomatie pr\u00e9ventive.<\/p>\n<p>Une rencontre est pr\u00e9vue lundi apr\u00e8s-midi entre le pr\u00e9sident ivoirien Alassane Ouattara et cette mission au palais pr\u00e9sidentiel d\u2019Abidjan.<\/p>\n<p>L\u2019\u00e9lection pr\u00e9sidentielle ivoirienne pr\u00e9vue le 31 octobre prochain suscite beaucoup de tensions dans le pays o\u00f9 l\u2019opposition r\u00e9clame le retrait de la candidature du pr\u00e9sident Alassane Ouattara et la r\u00e9int\u00e9gration des opposants Laurent Gbagbo et Guillaume Soro sur la liste \u00e9lectorale. \u00a0<\/p>\n<p>Pour l\u2019opposition, la nouvelle constitution de 2016 interdit \u00e0 Alassane Ouattara d\u2019\u00eatre candidat pour la troisi\u00e8me fois. \u00a0De son c\u00f4t\u00e9 la majorit\u00e9 pr\u00e9sidentielle estime que M. Ouattara est candidat pour un premier mandat dans la troisi\u00e8me R\u00e9publique. \u00a0\u00a0<\/p>\n<\/div>\n<p>Auteur: APA News<br \/>\n<a href=\"https:\/\/www.journalducameroun.com\/presidentielle-ivoirienne-une-mission-conjointe-cedeao-ua-et-onu-attendue-a-abidjan\/\">Cliquez ici pour lire l&rsquo;article depuis sa source.<\/a><\/p>\n","protected":false},"excerpt":{"rendered":"<p>Publi\u00e9 le 04.10.2020 \u00e0 19h18 par APA News Une mission conjointe de la Communaut\u00e9 \u00e9conomique des \u00c9tats de l\u2019Afrique de l\u2019ouest (CEDEAO), de l\u2019Union africaine (UA) et des Nations-Unies est attendue dimanche \u00e0 Abidjan o\u00f9 elle rencontrera \u00e0 partir de lundi les diff\u00e9rentes parties prenantes \u00e0 l\u2019\u00e9lection pr\u00e9sidentielle ivoirienne du 31 octobre prochain.\u00a0\u00ab Une mission [&hellip;]<\/p>\n","protected":false},"author":1965,"featured_media":0,"comment_status":"closed","ping_status":"closed","sticky":false,"template":"","format":"standard","meta":{"fifu_image_url":"","fifu_image_alt":"","footnotes":""},"categories":[73,82],"tags":[],"class_list":["post-100821","post","type-post","status-publish","format-standard","hentry","category-actualite","category-cameroun"],"_links":{"self":[{"href":"https:\/\/linitiative.ca\/International\/wp-json\/wp\/v2\/posts\/100821","targetHints":{"allow":["GET"]}}],"collection":[{"href":"https:\/\/linitiative.ca\/International\/wp-json\/wp\/v2\/posts"}],"about":[{"href":"https:\/\/linitiative.ca\/International\/wp-json\/wp\/v2\/types\/post"}],"author":[{"embeddable":true,"href":"https:\/\/linitiative.ca\/International\/wp-json\/wp\/v2\/users\/1965"}],"replies":[{"embeddable":true,"href":"https:\/\/linitiative.ca\/International\/wp-json\/wp\/v2\/comments?post=100821"}],"version-history":[{"count":0,"href":"https:\/\/linitiative.ca\/International\/wp-json\/wp\/v2\/posts\/100821\/revisions"}],"wp:attachment":[{"href":"https:\/\/linitiative.ca\/International\/wp-json\/wp\/v2\/media?parent=100821"}],"wp:term":[{"taxonomy":"category","embeddable":true,"href":"https:\/\/linitiative.ca\/International\/wp-json\/wp\/v2\/categories?post=100821"},{"taxonomy":"post_tag","embeddable":true,"href":"https:\/\/linitiative.ca\/International\/wp-json\/wp\/v2\/tags?post=100821"}],"curies":[{"name":"wp","href":"https:\/\/api.w.org\/{rel}","templated":true}]}}