{"id":100823,"date":"2020-10-04T18:23:46","date_gmt":"2020-10-04T22:23:46","guid":{"rendered":"https:\/\/linitiative.ca\/International\/la-national-school-of-local-administration-approuve-un-budget-de-2314-milliards\/"},"modified":"2020-10-04T18:23:46","modified_gmt":"2020-10-04T22:23:46","slug":"la-national-school-of-local-administration-approuve-un-budget-de-2314-milliards","status":"publish","type":"post","link":"https:\/\/linitiative.ca\/International\/la-national-school-of-local-administration-approuve-un-budget-de-2314-milliards\/","title":{"rendered":"la National school of local administration approuve un budget de 2,314 milliards"},"content":{"rendered":"<div class=\"featured-area featured-area-inner\" readability=\"8\"><img loading=\"lazy\" decoding=\"async\" width=\"1280\" height=\"970\" src=\"https:\/\/ecomatin.net\/wp-content\/uploads\/2020\/10\/Nasla-ex-Cefam.jpeg\" class=\"attachment-full size-full wp-post-image\" alt=\"\" srcset=\"https:\/\/ecomatin.net\/wp-content\/uploads\/2020\/10\/Nasla-ex-Cefam.jpeg 1280w, https:\/\/ecomatin.net\/wp-content\/uploads\/2020\/10\/Nasla-ex-Cefam-300x227.jpeg 300w, https:\/\/ecomatin.net\/wp-content\/uploads\/2020\/10\/Nasla-ex-Cefam-1024x776.jpeg 1024w, https:\/\/ecomatin.net\/wp-content\/uploads\/2020\/10\/Nasla-ex-Cefam-768x582.jpeg 768w, https:\/\/ecomatin.net\/wp-content\/uploads\/2020\/10\/Nasla-ex-Cefam-600x455.jpeg 600w\" sizes=\"auto, (max-width: 1280px) 100vw, 1280px\" data-attachment-id=\"18752\" data-permalink=\"https:\/\/ecomatin.net\/la-nasla-approuve-un-budget-de-2314-milliards__trashed\/nasla-ex-cefam\/\" data-orig-file=\"https:\/\/ecomatin.net\/wp-content\/uploads\/2020\/10\/Nasla-ex-Cefam.jpeg\" data-orig-size=\"1280,970\" data-comments-opened=\"0\" data-image-meta=\"{&quot;aperture&quot;:&quot;0&quot;,&quot;credit&quot;:&quot;&quot;,&quot;camera&quot;:&quot;&quot;,&quot;caption&quot;:&quot;&quot;,&quot;created_timestamp&quot;:&quot;0&quot;,&quot;copyright&quot;:&quot;&quot;,&quot;focal_length&quot;:&quot;0&quot;,&quot;iso&quot;:&quot;0&quot;,&quot;shutter_speed&quot;:&quot;0&quot;,&quot;title&quot;:&quot;&quot;,&quot;orientation&quot;:&quot;0&quot;}\" data-image-title=\"Nasla ex Cefam\" data-image-description=\"\" data-medium-file=\"https:\/\/ecomatin.net\/wp-content\/uploads\/2020\/10\/Nasla-ex-Cefam-300x227.jpeg\" data-large-file=\"https:\/\/ecomatin.net\/wp-content\/uploads\/2020\/10\/Nasla-ex-Cefam-1024x776.jpeg\"\/> une vue des locaux du Cefam, qui abritera d\u00e9sormais la Nasla<\/div>\n<div class=\"entry-content entry clearfix\" readability=\"44.651369702646\">\n<p>Le conseil d\u2019administration de la National school of local administration (Nasla), a tenu respectivement les 18 et 19 septembre 2020 les travaux de leurs toutes premi\u00e8res sessions ordinaire et extraordinaire.<\/p>\n<p>Au cours de la session ordinaire, le conseil a proc\u00e9d\u00e9 \u00e0 l\u2019adoption d\u2019une r\u00e9solution portant budget de la Nasla au titre de l\u2019exercice 2020. Ce budget qui s\u2019\u00e9l\u00e8ve alors \u00e0 2,314 milliards de FCFA, prend effet \u00e0 partir de sa cr\u00e9ation le 2 mars dernier par d\u00e9cret pr\u00e9sidentiel. Un budget qui, selon certains semble d\u00e9risoire par \u00e0 rapport aux challenges de mise en place fonctionnel et op\u00e9rationnel qui attendent cette \u00e9cole, qui h\u00e9rite des infrastructures et \u00e9quipements du Centre de formation municipale (Cefam). Selon le quotidien Mutations du 30 septembre 2020 \u00ab\u00a0<em>dans l\u2019opinion publique et pr\u00e9cis\u00e9ment parmi les Camerounais d\u2019expression anglaise, des langues se d\u00e9lient d\u2019ores et d\u00e9j\u00e0 pour d\u00e9noncer \u00ab\u00a0une nouvelle tromperie contre les Anglophones<\/em>\u00a0\u00bb. \u00ab\u00a0<em>Cette \u00e9cole est une coquille vide. Figurez-vous que le budget annuel de l\u2019Enam est de 4 milliards de FCFA. Mais pour une \u00e9cole o\u00f9 tout ou presque est \u00e0 construire, le gouvernement n\u2019alloue que 2 milliards de FCFA. De quoi donner du grain \u00e0 moudre \u00e0 ceux qui croient que les anglophones et tous les dossiers qui les engagent sont trait\u00e9s au rabais par le gouvernement\u00a0<\/em>\u00bb, confie une source au Journal.<\/p>\n<p><strong>Lire aussi :<\/strong> <a href=\"https:\/\/ecomatin.net\/la-nasla-dispose-de-ses-organes-sociaux\/\">La Nasla dispose de ses organes sociaux<\/a><\/p>\n<p>Toujours au cours de cette session le conseil devait aussi examiner et adopter les documents du cadre r\u00e8glementaire et financier, devant encadrer les activit\u00e9s de d\u00e9marrage de cette \u00e9cole conform\u00e9ment \u00e0 ses missions. Il s\u2019est agi notamment de l\u2019adoption du projet d\u2019organigramme de la Nasla, du projet du cadre organique de la Nasla, du projet du r\u00e8glement int\u00e9rieur, du projet de statut du personnel, du projet du r\u00e8glement int\u00e9rieur du conseil d\u2019administration, du projet de charte de l\u2019administrateur\u2026<\/p>\n<p><strong>Lire aussi<\/strong> : <a href=\"https:\/\/ecomatin.net\/decentralisation-batailles-dinfluence-autour-de-dion-ngute\/\">D\u00e9centralisation\u00a0: bataille d\u2019influence autour de Joseph Dion Ngute<\/a><\/p>\n<p>Les sessions ordinaire et extraordinaire \u00e9taient pr\u00e9sid\u00e9es par Mouhtar Ousmane Mey Pr\u00e9sident du Conseil d\u2019administration. Le rapport des points inscrits \u00e0 l\u2019ordre du jour revenant ainsi \u00e0 Tanyitiku Enohachuo Bayee Directeur g\u00e9n\u00e9ral de la Nasla, et \u00e0 madame Ongolo Nyanguinda Lidwine Directrice adjointe.<\/p>\n<p><strong>Lire aussi<\/strong> : <a href=\"https:\/\/ecomatin.net\/seulement-1-du-budget-de-letat-pour-booster-la-decentralisation\/\">Seulement 1% du budget de l\u2019Etat pour booster la d\u00e9centralisation<\/a><\/p>\n<div class=\"awac-wrapper awac widget posts-list-widget-11\">\n<h4 class=\"widget-title\">Le plus r\u00e9cent<\/h4>\n<\/div>\n<\/div>\n<p>Auteur: Eco Matin<br \/>\n<a href=\"https:\/\/ecomatin.net\/la-national-school-of-local-administration-approuve-un-budget-de-2314-milliards\/\">Cliquez ici pour lire l&rsquo;article depuis sa source.<\/a><\/p>\n","protected":false},"excerpt":{"rendered":"<p>une vue des locaux du Cefam, qui abritera d\u00e9sormais la Nasla Le conseil d\u2019administration de la National school of local administration (Nasla), a tenu respectivement les 18 et 19 septembre 2020 les travaux de leurs toutes premi\u00e8res sessions ordinaire et extraordinaire. Au cours de la session ordinaire, le conseil a proc\u00e9d\u00e9 \u00e0 l\u2019adoption d\u2019une r\u00e9solution [&hellip;]<\/p>\n","protected":false},"author":1969,"featured_media":100824,"comment_status":"closed","ping_status":"closed","sticky":false,"template":"","format":"standard","meta":{"fifu_image_url":"","fifu_image_alt":"","footnotes":""},"categories":[82,78],"tags":[],"class_list":["post-100823","post","type-post","status-publish","format-standard","has-post-thumbnail","hentry","category-cameroun","category-economie"],"_links":{"self":[{"href":"https:\/\/linitiative.ca\/International\/wp-json\/wp\/v2\/posts\/100823","targetHints":{"allow":["GET"]}}],"collection":[{"href":"https:\/\/linitiative.ca\/International\/wp-json\/wp\/v2\/posts"}],"about":[{"href":"https:\/\/linitiative.ca\/International\/wp-json\/wp\/v2\/types\/post"}],"author":[{"embeddable":true,"href":"https:\/\/linitiative.ca\/International\/wp-json\/wp\/v2\/users\/1969"}],"replies":[{"embeddable":true,"href":"https:\/\/linitiative.ca\/International\/wp-json\/wp\/v2\/comments?post=100823"}],"version-history":[{"count":0,"href":"https:\/\/linitiative.ca\/International\/wp-json\/wp\/v2\/posts\/100823\/revisions"}],"wp:featuredmedia":[{"embeddable":true,"href":"https:\/\/linitiative.ca\/International\/wp-json\/"}],"wp:attachment":[{"href":"https:\/\/linitiative.ca\/International\/wp-json\/wp\/v2\/media?parent=100823"}],"wp:term":[{"taxonomy":"category","embeddable":true,"href":"https:\/\/linitiative.ca\/International\/wp-json\/wp\/v2\/categories?post=100823"},{"taxonomy":"post_tag","embeddable":true,"href":"https:\/\/linitiative.ca\/International\/wp-json\/wp\/v2\/tags?post=100823"}],"curies":[{"name":"wp","href":"https:\/\/api.w.org\/{rel}","templated":true}]}}