{"id":100828,"date":"2020-10-04T06:37:20","date_gmt":"2020-10-04T10:37:20","guid":{"rendered":"https:\/\/linitiative.ca\/International\/secteur-rural-lagriculture-familiale-pour-assurer-la-securite-alimentaire\/"},"modified":"2020-10-04T06:37:20","modified_gmt":"2020-10-04T10:37:20","slug":"secteur-rural-lagriculture-familiale-pour-assurer-la-securite-alimentaire","status":"publish","type":"post","link":"https:\/\/linitiative.ca\/International\/secteur-rural-lagriculture-familiale-pour-assurer-la-securite-alimentaire\/","title":{"rendered":"Secteur rural : l\u2019agriculture familiale pour assurer la s\u00e9curit\u00e9 alimentaire"},"content":{"rendered":"<p><strong>L\u00e9gende\u00a0: une agence pour plus d\u2019efficience dans l\u2019appui au d\u00e9veloppement agricole<\/strong><\/p>\n<p>Le Document de Strat\u00e9gie pour la Croissance et l\u2019Emploi et la Strat\u00e9gie nationale de d\u00e9veloppement en cours de finalisation visent \u00e0 faire du Cameroun un pays \u00e9mergent fond\u00e9 sur le d\u00e9veloppement \u00e9conomique g\u00e9n\u00e9rateur de croissance et d\u2019emploi dont l\u2019un des piliers est le secteur agricole appel\u00e9 \u00e0 se moderniser. Pour les experts, la modernisation de l\u2019agriculture n\u2019est pas qu\u2019un d\u00e9fi technologique, r\u00e9el, mais d\u00e9pend, bien plus encore, de la capacit\u00e9 des producteurs et des techniciens agricoles \u00e0 les ma\u00eetriser, tout autant que celle des pouvoirs publics \u00e0 op\u00e9rer les changements institutionnels et organisationnels pour l\u2019accompagner.<\/p>\n<p>Cela implique de raisonner en termes \u00e9conomiques de productivit\u00e9, rentabilit\u00e9, comp\u00e9titivit\u00e9, mais aussi en termes de \u00abcha\u00eene de valeur\u00bb et d\u2019organisation professionnelle, ainsi que de reconnaissance de la profession dans la soci\u00e9t\u00e9 (statut, droits, repr\u00e9sentation).<\/p>\n<p>Pour y parvenir, il y a lieu d\u2019avoir une vision commune et d\u2019une gestion partag\u00e9e des objectifs \u00e0 atteindre par les pouvoirs publics et la profession agricole au sens large. C\u2019est dans ce cadre que le gouvernement envisage la cr\u00e9ation de \u00ab l\u2019agence nationale du conseil agropastoral \u00bb, Anca, d\u2019ici 2022. Le minist\u00e8re des Finances (Minfi) vient ainsi de lancer un appel \u00e0 manifestation d\u2019int\u00e9r\u00eat international aupr\u00e8s des cabinets, bureaux d\u2019\u00e9tudes ou de groupements\/consortium internationaux en vue de la pr\u00e9s\u00e9lection des prestataires sp\u00e9cialis\u00e9s en pr\u00e9vision d\u2019un appel d\u2019offres sur liste restreinte pour la r\u00e9alisation d\u2019une \u00e9tude de faisabilit\u00e9 \u00e9conomique et financi\u00e8re de la future Agence. L\u2019\u00e9tude devra \u00e9valuer l\u2019impact \u00e9conomique du conseil agro-pastoral d\u00e9livr\u00e9 par l\u2019agence sur le secteur agricole et l\u2019\u00e9conomie nationale, notamment par le biais des taxes parafiscales sur les produits agricoles (import, export, march\u00e9 interne\u2026).<\/p>\n<p><strong>Lire aussi<\/strong> : <a href=\"https:\/\/ecomatin.net\/import-export-le-port-de-kribi-et-le-ministere-de-lagriculture-signent-une-convention-sur-les-produits-agricoles\/\">Import\/export\u00a0: le port de Kribi et le ministre de l\u2019agriculture signent une convention sur les produits agricoles<\/a><\/p>\n<p><strong>Efficacit\u00e9 et efficience<\/strong><\/p>\n<p>L\u2019Anca, explique-t-on au Minfi, est destin\u00e9e \u00e0 institutionnaliser et p\u00e9renniser le dispositif public de conseil agropastoral mis en \u0153uvre par le minist\u00e8re de l\u2019Agriculture et du d\u00e9veloppement rural (Minader) et le minist\u00e8re de l\u2019Elevage, des p\u00eaches et des industries animales (Minepia) dans le cadre du programme de consolidation et de p\u00e9rennisation du conseil agropastoral (PCP-Acefa).<\/p>\n<p>Le PCP-Acefa est la phase 3 du programme d\u2019Am\u00e9lioration de la Comp\u00e9titivit\u00e9 des exploitations familiales agropastorales (Acefa). L\u2019institutionnalisation du dispositif de conseil via un organisme ind\u00e9pendant sur le plan juridique et financier aliment\u00e9 sur fonds publics et priv\u00e9s (gouvernement, fili\u00e8res et aide au d\u00e9veloppement) r\u00e9pond \u00e0 un objectif d\u2019efficacit\u00e9 et d\u2019efficience des fonds allou\u00e9s au d\u00e9veloppement agricole ; question d\u2019offrir des services performants r\u00e9pondant aux probl\u00e8mes des agriculteurs\/\u00e9leveurs.<\/p>\n<p><strong>Lire aussi<\/strong> : <a href=\"https:\/\/ecomatin.net\/croissance-lagriculture-camerounaise-maintient-le-cap\/\">Croissance\u00a0: l\u2019agriculture camerounaise tient le coup<\/a><\/p>\n<p>Pour le moment, l\u2019on pense que le fonctionnement courant et les activit\u00e9s de conseil seront financ\u00e9s essentiellement par des pr\u00e9l\u00e8vements sur les fili\u00e8res ainsi que la contribution de l\u2019Etat, \u00e0 travers le Minader et le Minader, notamment pour ce qui concerne le salaire des fonctionnaires. La fonction \u00ab support \u00bb (d\u00e9veloppement, formation, assistance technique, etc.) pourrait \u00eatre support\u00e9e par les bailleurs de fonds.<\/p>\n<p>En pla\u00e7ant le Programme Acefa, initi\u00e9 en 2009, comme un des instruments charni\u00e8re dans la strat\u00e9gie de promotion de l\u2019agriculture dite de \u00abseconde g\u00e9n\u00e9ration\u00bb le gouvernement, reconnait la place particuli\u00e8re qu\u2019occupe le secteur agricole dans sa trajectoire d\u2019\u00e9mergence.<\/p>\n<p><strong>Lire aussi<\/strong> : <a href=\"https:\/\/ecomatin.net\/agropastoral-pcp-acefa-144-millions-aux-agriculteurs-du-moungo-et-du-nkam\/\">Les agriculteurs du Moungo et Nkam re\u00e7oivent 144 millions<\/a><\/p>\n<p><strong>L\u2019agriculture familiale de tous les espoirs<\/strong><\/p>\n<p>Au Cameroun, l\u2019essentiel de la production agricole provient des exploitations agricoles familiales (EFA) de petite taille. Leur nombre est \u00e9valu\u00e9 \u00e0 1,5 million et leur taille moyenne est de 2,4 ha, selon les donn\u00e9es du minist\u00e8re de l\u2019Agriculture et du d\u00e9veloppement rural (Minader) et du minist\u00e8re de l\u2019Elevage, des p\u00eaches et des industries animales (Minepia). Malgr\u00e9 sa contribution significative au PIB, les revenus des actifs qui pratiquent cette forme d\u2019agriculture restent faibles. 55% des m\u00e9nages d\u2019agriculteurs vivant en zone rurale \u00e9tant pauvres, avec un revenu inf\u00e9rieur \u00e0 1,25 dollars\/jour.<\/p>\n<p>Ainsi, \u00ab compte-tenu de leur poids et de leur potentiel productif, accro\u00eetre la valeur ajout\u00e9e au niveau des exploitations agricoles familiales est le principal levier existant pour faire cro\u00eetre le PIB du secteur. Cette augmentation de la valeur ajout\u00e9e est \u00e9galement un levier important de lutte contre la pauvret\u00e9 \u00bb, indique la Strat\u00e9gie de d\u00e9veloppement du secteur rural qui ambitionne de faire de ce secteur un important levier de l\u2019\u00e9conomie nationale.<\/p>\n<p><strong>Lire aussi<\/strong> : <a href=\"https:\/\/ecomatin.net\/paul-biya-autorise-un-pret-de-28-milliards-pour-booster-la-production-du-riz-camerounais\/\">Paul Biya autorise un pr\u00eat de 28 milliards pour booster la production du riz camerounais<\/a><\/p>\n<p>Dans sa strat\u00e9gie nationale de d\u00e9veloppement en cours de finalisation, le gouvernement pr\u00e9voit de renforcer l\u2019accompagnement des producteurs dans la gestion de leurs exploitations et les services rendus par des organisations de producteur pour l\u2019approvisionnement, la transformation et la commercialisation.<\/p>\n<p>Ces aspects constituent le socle d\u2019une agriculture familiale moderne, productive et durable qui assure \u00e0 la fois s\u00e9curit\u00e9 alimentaire, lutte contre la pauvret\u00e9 et augmentation de la valeur ajout\u00e9e.<\/p>\n<p>Concr\u00e8tement, explique-t-on au minist\u00e8re de l\u2019Economie, de la planification et de l\u2019am\u00e9nagement du territoire (Minepat), les efforts du gouvernement seront tout d\u2019abord consacr\u00e9s au d\u00e9senclavement des bassins de production agro-pastoraux et halieutiques en vue de r\u00e9duire les co\u00fbts de production qui demeurent \u00e9lev\u00e9s dans le secteur primaire. Dans cette optique la poursuite de la construction et de l\u2019am\u00e9nagement des routes rurales constituera un axe privil\u00e9gi\u00e9.<\/p>\n<p><strong>Lire aussi<\/strong> : <a href=\"https:\/\/ecomatin.net\/agriculture-le-gouvernement-veut-booster-les-cultures-vivrieres-a-cycle-court\/\">Le gouvernement veut booster les cultures vivri\u00e8res \u00e0 cycle court<\/a><\/p>\n<p>Ensuite, les mesures relatives \u00e0 la m\u00e9canisation et la modernisation de l\u2019agriculture seront intensifi\u00e9es dans le but d\u2019accroitre la productivit\u00e9 dans le secteur agricole. Dans ce cadre, un accent particulier sera accord\u00e9 \u00e0 la production des biens qui gr\u00e8vent le plus la balance commerciale tels que le riz, le ma\u00efs, le bl\u00e9, le poisson et le lait. La mise \u00e0 disposition du mat\u00e9riel agricole aux producteurs des zones rurales sera \u00e9galement une priorit\u00e9.<\/p>\n<p>En outre, une emphase sera mise sur la promotion de la production locale des semences et engrais issus des instituts de recherche nationaux. Aussi, ces derniers seront encourag\u00e9s \u00e0 s\u2019investir dans la mise sur pied d\u2019intrants innovants \u00e0 m\u00eame de booster la production agricole et halieutique.<\/p>\n<p>Enfin, l\u2019Etat entend mettre en place un syst\u00e8me d\u2019informations agricoles \u00e0 l\u2019effet de disposer des donn\u00e9es fiables pour un meilleur pilotage des politiques agropastorales.<\/p>\n<p><strong>Lire aussi<\/strong> : <a href=\"https:\/\/ecomatin.net\/budget-2021-paul-biya-demande-des-efforts-titanesques-au-gouvernement\/\">Paul Biya demande des efforts titanesques au gouvernement<\/a><\/p>\n<div class=\"awac-wrapper awac widget posts-list-widget-11\">\n<h4 class=\"widget-title\">Le plus r\u00e9cent<\/h4>\n<\/div>\n<p>Auteur: Eco Matin<br \/>\n<a href=\"https:\/\/ecomatin.net\/secteur-rural-lagriculture-familiale-pour-assurer-la-securite-alimentaire\/\">Cliquez ici pour lire l&rsquo;article depuis sa source.<\/a><\/p>\n","protected":false},"excerpt":{"rendered":"<p>L\u00e9gende\u00a0: une agence pour plus d\u2019efficience dans l\u2019appui au d\u00e9veloppement agricole Le Document de Strat\u00e9gie pour la Croissance et l\u2019Emploi et la Strat\u00e9gie nationale de d\u00e9veloppement en cours de finalisation visent \u00e0 faire du Cameroun un pays \u00e9mergent fond\u00e9 sur le d\u00e9veloppement \u00e9conomique g\u00e9n\u00e9rateur de croissance et d\u2019emploi dont l\u2019un des piliers est le secteur [&hellip;]<\/p>\n","protected":false},"author":1969,"featured_media":0,"comment_status":"closed","ping_status":"closed","sticky":false,"template":"","format":"standard","meta":{"fifu_image_url":"","fifu_image_alt":"","footnotes":""},"categories":[82,78],"tags":[],"class_list":["post-100828","post","type-post","status-publish","format-standard","hentry","category-cameroun","category-economie"],"_links":{"self":[{"href":"https:\/\/linitiative.ca\/International\/wp-json\/wp\/v2\/posts\/100828","targetHints":{"allow":["GET"]}}],"collection":[{"href":"https:\/\/linitiative.ca\/International\/wp-json\/wp\/v2\/posts"}],"about":[{"href":"https:\/\/linitiative.ca\/International\/wp-json\/wp\/v2\/types\/post"}],"author":[{"embeddable":true,"href":"https:\/\/linitiative.ca\/International\/wp-json\/wp\/v2\/users\/1969"}],"replies":[{"embeddable":true,"href":"https:\/\/linitiative.ca\/International\/wp-json\/wp\/v2\/comments?post=100828"}],"version-history":[{"count":0,"href":"https:\/\/linitiative.ca\/International\/wp-json\/wp\/v2\/posts\/100828\/revisions"}],"wp:attachment":[{"href":"https:\/\/linitiative.ca\/International\/wp-json\/wp\/v2\/media?parent=100828"}],"wp:term":[{"taxonomy":"category","embeddable":true,"href":"https:\/\/linitiative.ca\/International\/wp-json\/wp\/v2\/categories?post=100828"},{"taxonomy":"post_tag","embeddable":true,"href":"https:\/\/linitiative.ca\/International\/wp-json\/wp\/v2\/tags?post=100828"}],"curies":[{"name":"wp","href":"https:\/\/api.w.org\/{rel}","templated":true}]}}