{"id":100839,"date":"2020-10-05T09:54:54","date_gmt":"2020-10-05T13:54:54","guid":{"rendered":"https:\/\/linitiative.ca\/International\/la-determination-den-finir-avec-la-main-dalger\/"},"modified":"2020-10-05T09:54:54","modified_gmt":"2020-10-05T13:54:54","slug":"la-determination-den-finir-avec-la-main-dalger","status":"publish","type":"post","link":"https:\/\/linitiative.ca\/International\/la-determination-den-finir-avec-la-main-dalger\/","title":{"rendered":"La d\u00e9termination d\u2019en finir avec la main d\u2019Alger"},"content":{"rendered":"<p class=\"has-text-color has-vivid-red-color c2\"><strong>L\u2019ONU et le Sahara marocain<\/strong><\/p>\n<p class=\"c3\"><strong>Mohamed Khalil<\/strong><\/p>\n<p class=\"has-text-color c4\"><strong>L\u2019ONU et son Secr\u00e9taire g\u00e9n\u00e9ral haussent le ton \u00e0 l\u2019\u00e9gard du \u00abpolisario\u00bb et ses mentors alg\u00e9riens. Bien avant la tenue de la 75<\/strong><sup><strong>\u00e8<\/strong><\/sup><strong>AG, les Nations Unis avaient alert\u00e9 sur l\u2019attitude du groupe mercenaire qui gesticule \u00e0 l\u2019approche de chaque \u00e9ch\u00e9ance politique \u00e0 New York, \u00e0 Gen\u00e8ve ou ailleurs.<\/strong><\/p>\n<p>N\u2019ayant plus le vent en poupe, comme au d\u00e9but de sa cr\u00e9ation, le mouvement s\u00e9paratiste, cr\u00e9\u00e9 de toutes pi\u00e8ces par les g\u00e9n\u00e9raux alg\u00e9riens en mal de puissance, paie aujourd\u2019hui le fruit de sa soumission aveugle \u00e0 Alger. Il essuie \u00e9chec apr\u00e8s \u00e9chec. Mais comme ses mentors, il n\u2019a cure des revers cuisants qu\u2019il subit, sur tous les plans.<\/p>\n<p>Mais le mensonge ne peut durer \u00e9ternellement. Partout dans le monde, et pas seulement au niveau des cinq membres du Conseil de s\u00e9curit\u00e9 de l\u2019ONU, les peuples et les gouvernants ouvrent l\u2019\u0153il et se rendent compte du jeu polisarien qui consiste \u00e0 semer le doute sur les d\u00e9cisions onusiennes.<\/p>\n<p>Sciemment, les dirigeants \u00ab\u00a0s\u00e9paratistes\u00a0\u00bb mais qui sont en fait des portes voix et les\u00a0 ex\u00e9cutants de l\u2019h\u00e9g\u00e9monisme et de l\u2019expansionnisme alg\u00e9rien, veulent encore ramener le probl\u00e8me \u00e0 une d\u00e9colonisation, alors qu\u2019ils ne s\u2019\u00e9taient pas oppos\u00e9s au fait colonial de Franco. Ils feignent, encore aujourd\u2019hui, d\u2019ignorer que l\u2019ONU, depuis 2003, a enterr\u00e9 d\u00e9finitivement la tenue d\u2019un r\u00e9f\u00e9rendum d\u2019auto-d\u00e9termination \u00e0 cause de la d\u00e9naturation par le polisario et ses pr\u00e9tendus chioukhs du corps \u00e9lectoral devant prendre part \u00e0 la consultation.<\/p>\n<p>La haute instance onusienne a, depuis, soutenu la cr\u00e9dibilit\u00e9 de \u00a0la d\u00e9marche marocaine consistant en un plan d\u2019autonomie sous souverainet\u00e9 marocaine, comme seule option s\u00e9rieuse et objective pour mettre un terme au conflit artificiel dont \u00a0Alger est la principale partie.<\/p>\n<p>Aussi, le dernier rapport du Secr\u00e9taire g\u00e9n\u00e9ral de l\u2019ONU aux membres du Conseil de s\u00e9curit\u00e9 constitue un nouveau camouflet pour Alger et ses sbires, qui d\u2019ailleurs, \u00e0 force de gesticuler dans les alentours du Parlement europ\u00e9en, ont r\u00e9colt\u00e9 \u00e9chec apr\u00e8s \u00e9chec face aux mensonges qu\u2019ils v\u00e9hiculent et r\u00e9chauffent \u00e0 tout bout de champ.<\/p>\n<p>A l\u2019ONU, Antonio Gueterres a \u00e9t\u00e9 tr\u00e8s clair sur toute la ligne. Il a rappel\u00e9, \u00e0 Alger, qu\u2019il croit en une solution politique et que les tables rondes, comme celles initi\u00e9es \u00e0 Gen\u00e8ve, doivent se poursuivre pour arriver \u00e0 une solution\u00a0 d\u00e9finitive \u00e0 ce conflit vieux d\u2019un demi-si\u00e8cle.<\/p>\n<p>Le rapport onusien renferme \u00e9norm\u00e9ment de passages qui d\u00e9notent le s\u00e9rieux de la coop\u00e9ration du Maroc et de la tenue de ses engagements hautement confirm\u00e9es devant les instances onusiennes. Le polisario et ses sbires sont, par contre, \u00e9pingl\u00e9s et mis \u00e0 l\u2019index, pour d\u00e9montrer le caract\u00e8re infantile et non cr\u00e9dible des pratiques impos\u00e9es par Alger, notamment sur les accords militaires dans la zone tampon, objets de violations r\u00e9guli\u00e8res de la part des miliciens arm\u00e9s du mouvement mercenaire.<\/p>\n<p>Il est donc heureux de voir que, par ce rapport, l\u2019ONU va de l\u2019avant et fournit la preuve qu\u2019il est temps de songer \u00e0 bousculer Alger dans ses retranchements injustifi\u00e9s et incompr\u00e9hensibles, dans une conjoncture qui pousse plus \u00e0 la perception de l\u2019avenir qu\u2019aux ressentiments lointains, porteurs de haine et de vengeance.<\/p>\n<p>Auteur: M&rsquo;hammed rahal<br \/>\n<a href=\"http:\/\/albayane.press.ma\/la-determination-den-finir-avec-la-main-dalger.html\">Cliquez ici pour lire l&rsquo;article depuis sa source.<\/a><\/p>\n","protected":false},"excerpt":{"rendered":"<p>L\u2019ONU et le Sahara marocain Mohamed Khalil L\u2019ONU et son Secr\u00e9taire g\u00e9n\u00e9ral haussent le ton \u00e0 l\u2019\u00e9gard du \u00abpolisario\u00bb et ses mentors alg\u00e9riens. Bien avant la tenue de la 75\u00e8AG, les Nations Unis avaient alert\u00e9 sur l\u2019attitude du groupe mercenaire qui gesticule \u00e0 l\u2019approche de chaque \u00e9ch\u00e9ance politique \u00e0 New York, \u00e0 Gen\u00e8ve ou ailleurs. [&hellip;]<\/p>\n","protected":false},"author":1760,"featured_media":0,"comment_status":"closed","ping_status":"closed","sticky":false,"template":"","format":"standard","meta":{"fifu_image_url":"","fifu_image_alt":"","footnotes":""},"categories":[73,54],"tags":[],"class_list":["post-100839","post","type-post","status-publish","format-standard","hentry","category-actualite","category-maroc"],"_links":{"self":[{"href":"https:\/\/linitiative.ca\/International\/wp-json\/wp\/v2\/posts\/100839","targetHints":{"allow":["GET"]}}],"collection":[{"href":"https:\/\/linitiative.ca\/International\/wp-json\/wp\/v2\/posts"}],"about":[{"href":"https:\/\/linitiative.ca\/International\/wp-json\/wp\/v2\/types\/post"}],"author":[{"embeddable":true,"href":"https:\/\/linitiative.ca\/International\/wp-json\/wp\/v2\/users\/1760"}],"replies":[{"embeddable":true,"href":"https:\/\/linitiative.ca\/International\/wp-json\/wp\/v2\/comments?post=100839"}],"version-history":[{"count":0,"href":"https:\/\/linitiative.ca\/International\/wp-json\/wp\/v2\/posts\/100839\/revisions"}],"wp:attachment":[{"href":"https:\/\/linitiative.ca\/International\/wp-json\/wp\/v2\/media?parent=100839"}],"wp:term":[{"taxonomy":"category","embeddable":true,"href":"https:\/\/linitiative.ca\/International\/wp-json\/wp\/v2\/categories?post=100839"},{"taxonomy":"post_tag","embeddable":true,"href":"https:\/\/linitiative.ca\/International\/wp-json\/wp\/v2\/tags?post=100839"}],"curies":[{"name":"wp","href":"https:\/\/api.w.org\/{rel}","templated":true}]}}