{"id":100846,"date":"2020-10-05T10:38:33","date_gmt":"2020-10-05T14:38:33","guid":{"rendered":"https:\/\/linitiative.ca\/International\/finir-en-apotheose\/"},"modified":"2020-10-05T10:38:33","modified_gmt":"2020-10-05T14:38:33","slug":"finir-en-apotheose","status":"publish","type":"post","link":"https:\/\/linitiative.ca\/International\/finir-en-apotheose\/","title":{"rendered":"Finir en apoth\u00e9ose!"},"content":{"rendered":"<p class=\"has-text-color c2\"><strong>Les conseils de r\u00e9gions du royaume ont tenu hier lundi, leurs sessions respectives, dans les conditions pr\u00e9ventives impos\u00e9es par la crise virale qui s\u00e9vit toujours dans le monde. Une occasion de finir en apoth\u00e9ose, les actions \u00e0 mener et les travaux \u00e0 achever aux ultimes soupirs de leur mandat. Il faut bien dire que cette nouvelle exp\u00e9rience a affich\u00e9 une nette progression pour les uns, mais aussi a p\u00each\u00e9 par un r\u00e9el d\u00e9sastre pour les autres, \u00e0 l\u2019image de celui de Dr\u00e2a Tafilalet dont la pr\u00e9sidence\u00a0 a fait voir de toutes les couleurs aussi bien \u00e0 la population qu\u2019au territoire.<\/strong><\/p>\n<p>A l\u2019instar de ses homologues, le conseil r\u00e9gional de Souss Massa s\u2019est, en toute honn\u00eatet\u00e9, caract\u00e9ris\u00e9 par une certaine stabilit\u00e9, tout au long de son parcours de gestion des affaires publiques de cette r\u00e9gion marqu\u00e9e par des contrastes des saillantes. En fait, elle renferme un potentiel naturel et \u00e9conomique \u00e9l\u00e9phantesque, mais n\u2019en b\u00e9n\u00e9ficie que les miettes au niveau de la r\u00e9partition nationale des ressources et de la mise en \u0153uvre des investissements publics.<\/p>\n<p>Certes, le lancement des projets structurants dans la capitale de la r\u00e9gion en tant que levier de l\u2019\u00e9conomie r\u00e9gionale, mis sur orbite lors de la visite Royale en f\u00e9vrier dernier, se met, sans nul doute, \u00e0 \u00e9riger ce bout de territoire de nation, hiss\u00e9 Royalement au centre, par le biais d\u2019un int\u00e9r\u00eat de plus en plus bienveillant.<\/p>\n<p>Il n\u2019en reste pas moins vrai que le concept de la r\u00e9gion tel qu\u2019il est mis en fonction, depuis un certain temps, est en \u00e9tat embryonnaire et en phase d\u2019exp\u00e9rimentation. La tutelle du service central est encore de mise, mais tend progressivement \u00e0 c\u00e9der des attributions aux entit\u00e9s r\u00e9gionales, dans le cadre d\u2019approche de d\u00e9centralisation.<\/p>\n<p>Cet \u00e9lan transitoire \u00a0n\u2019est pas une chose ais\u00e9e et demeure tributaire du rel\u00e8vement de la capacit\u00e9 de gouvernance de la repr\u00e9sentativit\u00e9 r\u00e9gionale. Ceci \u00e9tant, il ne fait pas de doute que sur le plan de l\u2019entente des composantes politiques, le conseil de la r\u00e9gion Souss Massa, \u00e0 des exceptions pr\u00e8s, fait ressortir une perception de fluidit\u00e9, dans la mesure o\u00f9 le respect mutuel et l\u2019\u00e9change attentionn\u00e9 sont l\u00e9gion, au grand bonheur de l\u2019action r\u00e9gionale dans sa globalit\u00e9.<\/p>\n<p>Il va sans dire qu\u2019en d\u00e9pit des avanc\u00e9es notoires dont la r\u00e9gion pourrait s\u2019en orgueillir, il y a lieu de constater que la physionomie de l\u2019acte r\u00e9gional accompli r\u00e9v\u00e8le encore des imperfections \u00e0 rectifier en termes de f\u00e9condit\u00e9, d\u2019efficience et d\u2019\u00e9quit\u00e9 au sein des divers constituantes de la r\u00e9gion.<\/p>\n<p>Ce d\u00e9ficit auquel la r\u00e9gion Souss Massa n\u2019est pas en tout cas, \u00e0 l\u2019\u00e9tat exclusif, s\u2019explique par le fait que la constitution du conseil s\u2019accomplit sur la base de compromis et non pas de comp\u00e9tence. Il en r\u00e9sulte que la consistance civique et l\u2019apport inventif font toujours d\u00e9faut, dans une institution en qu\u00eate de formules prioritaires et d\u2019options globalisantes au service de l\u2019Homme et de la Nature.<\/p>\n<p>Nonobstant, il faut enfin reconna\u00eetre que, comparativement \u00e0 d\u2019autres prestations r\u00e9gionales, le conseil en question , quoiqu\u2019on puisse dire, s\u2019est particuli\u00e8rement excell\u00e9 en mati\u00e8re de conduite et de coh\u00e9rence, atout fondamental de l\u2019action r\u00e9gionale aspirant \u00e0 la performance et la r\u00e9ussite.<\/p>\n<p>Auteur: M&rsquo;hammed rahal<br \/>\n<a href=\"http:\/\/albayane.press.ma\/finir-en-apotheose.html\">Cliquez ici pour lire l&rsquo;article depuis sa source.<\/a><\/p>\n","protected":false},"excerpt":{"rendered":"<p>Les conseils de r\u00e9gions du royaume ont tenu hier lundi, leurs sessions respectives, dans les conditions pr\u00e9ventives impos\u00e9es par la crise virale qui s\u00e9vit toujours dans le monde. Une occasion de finir en apoth\u00e9ose, les actions \u00e0 mener et les travaux \u00e0 achever aux ultimes soupirs de leur mandat. Il faut bien dire que cette [&hellip;]<\/p>\n","protected":false},"author":1760,"featured_media":0,"comment_status":"closed","ping_status":"closed","sticky":false,"template":"","format":"standard","meta":{"fifu_image_url":"","fifu_image_alt":"","footnotes":""},"categories":[73,54],"tags":[],"class_list":["post-100846","post","type-post","status-publish","format-standard","hentry","category-actualite","category-maroc"],"_links":{"self":[{"href":"https:\/\/linitiative.ca\/International\/wp-json\/wp\/v2\/posts\/100846","targetHints":{"allow":["GET"]}}],"collection":[{"href":"https:\/\/linitiative.ca\/International\/wp-json\/wp\/v2\/posts"}],"about":[{"href":"https:\/\/linitiative.ca\/International\/wp-json\/wp\/v2\/types\/post"}],"author":[{"embeddable":true,"href":"https:\/\/linitiative.ca\/International\/wp-json\/wp\/v2\/users\/1760"}],"replies":[{"embeddable":true,"href":"https:\/\/linitiative.ca\/International\/wp-json\/wp\/v2\/comments?post=100846"}],"version-history":[{"count":0,"href":"https:\/\/linitiative.ca\/International\/wp-json\/wp\/v2\/posts\/100846\/revisions"}],"wp:attachment":[{"href":"https:\/\/linitiative.ca\/International\/wp-json\/wp\/v2\/media?parent=100846"}],"wp:term":[{"taxonomy":"category","embeddable":true,"href":"https:\/\/linitiative.ca\/International\/wp-json\/wp\/v2\/categories?post=100846"},{"taxonomy":"post_tag","embeddable":true,"href":"https:\/\/linitiative.ca\/International\/wp-json\/wp\/v2\/tags?post=100846"}],"curies":[{"name":"wp","href":"https:\/\/api.w.org\/{rel}","templated":true}]}}