{"id":100850,"date":"2020-10-05T05:30:00","date_gmt":"2020-10-05T09:30:00","guid":{"rendered":"https:\/\/linitiative.ca\/International\/vu-a-oran\/"},"modified":"2020-10-05T05:30:00","modified_gmt":"2020-10-05T09:30:00","slug":"vu-a-oran","status":"publish","type":"post","link":"https:\/\/linitiative.ca\/International\/vu-a-oran\/","title":{"rendered":"Vu \u00e0 Oran"},"content":{"rendered":"<div id=\"originalText\" readability=\"38\">\n<p>Pour afficher son soutien au projet de r\u00e9vision constitutionnelle, lors de sa sortie \u00e0\u00a0 Oran, le\u00a0 secr\u00e9taire\u00a0 g\u00e9n\u00e9ral\u00a0 du\u00a0 FLN, Baadji\u00a0 Abou-El-Fadhl, n\u2019a\u00a0 pas\u00a0 trouv\u00e9 mieux que de reproduire les vieilles pratiques.<\/p>\n<\/div>\n<div id=\"text_core\" readability=\"38\">\n<p>Pour afficher son soutien au projet de r\u00e9vision constitutionnelle, lors de sa sortie \u00e0\u00a0 Oran, le\u00a0 secr\u00e9taire\u00a0 g\u00e9n\u00e9ral\u00a0 du\u00a0 FLN, Baadji\u00a0 Abou-El-Fadhl, n\u2019a\u00a0 pas\u00a0 trouv\u00e9 mieux que de reproduire les vieilles pratiques.<\/p>\n<\/div>\n<p>Auteur:<br \/>\n<a href=\"https:\/\/www.liberte-algerie.com\/radar\/vu-a-oran-346681\">Cliquez ici pour lire l&rsquo;article depuis sa source.<\/a><\/p>\n","protected":false},"excerpt":{"rendered":"<p>Pour afficher son soutien au projet de r\u00e9vision constitutionnelle, lors de sa sortie \u00e0\u00a0 Oran, le\u00a0 secr\u00e9taire\u00a0 g\u00e9n\u00e9ral\u00a0 du\u00a0 FLN, Baadji\u00a0 Abou-El-Fadhl, n\u2019a\u00a0 pas\u00a0 trouv\u00e9 mieux que de reproduire les vieilles pratiques. Pour afficher son soutien au projet de r\u00e9vision constitutionnelle, lors de sa sortie \u00e0\u00a0 Oran, le\u00a0 secr\u00e9taire\u00a0 g\u00e9n\u00e9ral\u00a0 du\u00a0 FLN, Baadji\u00a0 Abou-El-Fadhl, n\u2019a\u00a0 [&hellip;]<\/p>\n","protected":false},"author":1742,"featured_media":0,"comment_status":"closed","ping_status":"closed","sticky":false,"template":"","format":"standard","meta":{"fifu_image_url":"","fifu_image_alt":"","footnotes":""},"categories":[73,53],"tags":[],"class_list":["post-100850","post","type-post","status-publish","format-standard","hentry","category-actualite","category-algerie"],"_links":{"self":[{"href":"https:\/\/linitiative.ca\/International\/wp-json\/wp\/v2\/posts\/100850","targetHints":{"allow":["GET"]}}],"collection":[{"href":"https:\/\/linitiative.ca\/International\/wp-json\/wp\/v2\/posts"}],"about":[{"href":"https:\/\/linitiative.ca\/International\/wp-json\/wp\/v2\/types\/post"}],"author":[{"embeddable":true,"href":"https:\/\/linitiative.ca\/International\/wp-json\/wp\/v2\/users\/1742"}],"replies":[{"embeddable":true,"href":"https:\/\/linitiative.ca\/International\/wp-json\/wp\/v2\/comments?post=100850"}],"version-history":[{"count":0,"href":"https:\/\/linitiative.ca\/International\/wp-json\/wp\/v2\/posts\/100850\/revisions"}],"wp:attachment":[{"href":"https:\/\/linitiative.ca\/International\/wp-json\/wp\/v2\/media?parent=100850"}],"wp:term":[{"taxonomy":"category","embeddable":true,"href":"https:\/\/linitiative.ca\/International\/wp-json\/wp\/v2\/categories?post=100850"},{"taxonomy":"post_tag","embeddable":true,"href":"https:\/\/linitiative.ca\/International\/wp-json\/wp\/v2\/tags?post=100850"}],"curies":[{"name":"wp","href":"https:\/\/api.w.org\/{rel}","templated":true}]}}