{"id":100854,"date":"2020-10-05T13:18:11","date_gmt":"2020-10-05T17:18:11","guid":{"rendered":"https:\/\/linitiative.ca\/International\/balade-en-caleches-pour-sensibiliser-la-relance-du-tourisme\/"},"modified":"2020-10-05T13:18:11","modified_gmt":"2020-10-05T17:18:11","slug":"balade-en-caleches-pour-sensibiliser-la-relance-du-tourisme","status":"publish","type":"post","link":"https:\/\/linitiative.ca\/International\/balade-en-caleches-pour-sensibiliser-la-relance-du-tourisme\/","title":{"rendered":"Balade en cal\u00e8ches pour sensibiliser la relance du tourisme"},"content":{"rendered":"<div readability=\"37\">\n<p>Marrakech \u2013 L\u2019association \u00ab\u00a0Kech\u2019Jeunesse\u00a0\u00bb a organis\u00e9, dimanche et pour la deuxi\u00e8me fois cons\u00e9cutive, une balade en cal\u00e8ches au d\u00e9part de la mythique Place de Jem\u00e2a Fna \u00e0 Marrakech en vue de sensibiliser sur l\u2019importance de la reprise du cours normal de la vie dans la cit\u00e9 ocre et de la relance du secteur touristique.<\/p>\n<\/div>\n<div readability=\"116\">\n<p>Cette balade en cal\u00e8che, qui a connu un nombre assez \u00e9lev\u00e9 de participants par rapport \u00e0 la premi\u00e8re, vise \u00e0 redonner espoir aux habitants quant \u00e0 la possibilit\u00e9 d\u2019une reprise tr\u00e8s prochaine de l\u2019activit\u00e9 touristique.<\/p>\n<p>La balade, qui a sillonn\u00e9 plusieurs quartiers et sites touristiques, dont le quartier hupp\u00e9 de Gu\u00e9liz, l\u2019avenue Mohammed VI et les jardins Menara, s\u2019assigne aussi pour objectifs d\u2019inciter les touristes internationaux et nationaux \u00e0 retourner pour appr\u00e9cier \u00e0 nouveau la beaut\u00e9 et la magie de la cit\u00e9 ocre.<\/p>\n<p>Ainsi, ils ont \u00e9t\u00e9 une centaine de b\u00e9n\u00e9voles, dont des membres de cette association, des commer\u00e7ants, des g\u00e9rants d\u2019unit\u00e9s h\u00f4teli\u00e8res mais aussi des \u00e9trangers r\u00e9sidents \u00e0 Marrakech et des touristes, \u00e0 prendre part \u00e0 cette belle initiative citoyenne, qui voulait aussi passer un massage fort: un retour \u00e0 la normale qui doit s\u2019op\u00e9rer dans le respect scrupuleux des gestes barri\u00e8res (port obligatoire du masque de protection, lavage et d\u00e9sinfection des mains et respect de la distanciation physique) afin d\u2019enrayer la propagation de la pand\u00e9mie de la Covid-19.<\/p>\n<p>Les organisateurs ont tenu \u00e0 choisir la Cal\u00e8che, qui est devenue un embl\u00e8me de la Cit\u00e9 ocre et dont l\u2019usage se trouve intimement indissociable du secteur du tourisme au niveau de cette ville. L\u2019objectif \u00e9tant de d\u00e9montrer que la r\u00e9apparition des cal\u00e8ches dans diff\u00e9rents axes et boulevards de Marrakech \u00e9quivaut \u00e0 une \u00ab\u00a0renaissance\u00a0\u00bb de la ville et \u00e0 une relance du secteur touristique en ces temps du coronavirus.<\/p>\n<p>A travers cette action sociale, les organisateurs ambitionnent \u00e9galement de retrouver le plaisir de circuler -et voir circuler- les cal\u00e8ches de Marrakech, redonner le sourire, venir en aide aux cochers et rendre \u00e0 la ville sa dynamique et effervescence quotidiennes, et aux habitants leur l\u00e9gendaire all\u00e9gresse, qui les caract\u00e9risent des autres villes du Maroc.<\/p>\n<p>Dans une d\u00e9claration \u00e0 la MAP \u00e0 cette occasion, Salaheddine Ncir, membre de l\u2019Association initiatrice de cette action sociale et citoyenne, a soulign\u00e9 que l\u2019activit\u00e9 touristique, premi\u00e8re pourvoyeuse d\u2019emplois et principale source de revenus des populations de la cit\u00e9 ocre, a subi de plein fouet les r\u00e9percussions lourdes de la pand\u00e9mie de la Covid-19.<\/p>\n<p>Se r\u00e9jouissant que les premiers groupes de touristes soient de retour \u00e0 Marrakech en ce d\u00e9but d\u2019octobre, il a relev\u00e9 que l\u2019objectif de cette action solidaire consiste aussi \u00e0 soutenir et appuyer les cochers des cal\u00e8ches dans cette conjoncture exceptionnelle, et de montrer une image de la place de Jema\u00e2 Fna qui est \u00ab\u00a0diff\u00e9rente\u00a0\u00bb de celle longtemps partag\u00e9e sur les r\u00e9seaux sociaux.<\/p>\n<p>Kech\u2019Jeunesse est une association de jeunes Marrakchis, amoureux de leur ville Marrakech, d\u00e9sireux d\u2019aider les jeunes \u00e0 \u00eatre acteurs agissants au sein de leur cit\u00e9, et en m\u00eame temps, soucieux de contribuer au d\u00e9veloppement et au progr\u00e8s du Royaume.<\/p>\n<p>L\u2019association milite pour l\u2019inclusion des jeunes, tout en permettant \u00e0 cette frange de la soci\u00e9t\u00e9 de prendre sa place pour favoriser le vivre-ensemble, aider la jeunesse \u00e0 \u00e9merger et contribuer au rayonnement de la cit\u00e9 ocre.<\/p>\n<p>Elle vise aussi \u00e0 donner la voix aux jeunes pour s\u2019exprimer et peser sur les d\u00e9cisions, favoriser la vie culturelle et aider \u00e0 l\u2019\u00e9mergence de jeunes talents, pr\u00e9server l\u2019environnement, agir contre le racisme, l\u2019exclusion et la violence, et promouvoir la fraternit\u00e9 avec comme slogan : \u00ab\u00a0Ouverture, Citoyennet\u00e9, Progr\u00e8s\u00a0\u00bb.<\/p>\n<\/div>\n<p>Auteur: Meriem IGASS<br \/>\n<a href=\"http:\/\/www.mapmarrakech.ma\/fr\/balade-en-caleches-pour-sensibiliser-sur-limportance-de-la-relance-du-tourisme\/\">Cliquez ici pour lire l&rsquo;article depuis sa source.<\/a><\/p>\n","protected":false},"excerpt":{"rendered":"<p>Marrakech \u2013 L\u2019association \u00ab\u00a0Kech\u2019Jeunesse\u00a0\u00bb a organis\u00e9, dimanche et pour la deuxi\u00e8me fois cons\u00e9cutive, une balade en cal\u00e8ches au d\u00e9part de la mythique Place de Jem\u00e2a Fna \u00e0 Marrakech en vue de sensibiliser sur l\u2019importance de la reprise du cours normal de la vie dans la cit\u00e9 ocre et de la relance du secteur touristique. Cette [&hellip;]<\/p>\n","protected":false},"author":1788,"featured_media":0,"comment_status":"closed","ping_status":"closed","sticky":false,"template":"","format":"standard","meta":{"fifu_image_url":"","fifu_image_alt":"","footnotes":""},"categories":[54,76],"tags":[],"class_list":["post-100854","post","type-post","status-publish","format-standard","hentry","category-maroc","category-regions"],"_links":{"self":[{"href":"https:\/\/linitiative.ca\/International\/wp-json\/wp\/v2\/posts\/100854","targetHints":{"allow":["GET"]}}],"collection":[{"href":"https:\/\/linitiative.ca\/International\/wp-json\/wp\/v2\/posts"}],"about":[{"href":"https:\/\/linitiative.ca\/International\/wp-json\/wp\/v2\/types\/post"}],"author":[{"embeddable":true,"href":"https:\/\/linitiative.ca\/International\/wp-json\/wp\/v2\/users\/1788"}],"replies":[{"embeddable":true,"href":"https:\/\/linitiative.ca\/International\/wp-json\/wp\/v2\/comments?post=100854"}],"version-history":[{"count":0,"href":"https:\/\/linitiative.ca\/International\/wp-json\/wp\/v2\/posts\/100854\/revisions"}],"wp:attachment":[{"href":"https:\/\/linitiative.ca\/International\/wp-json\/wp\/v2\/media?parent=100854"}],"wp:term":[{"taxonomy":"category","embeddable":true,"href":"https:\/\/linitiative.ca\/International\/wp-json\/wp\/v2\/categories?post=100854"},{"taxonomy":"post_tag","embeddable":true,"href":"https:\/\/linitiative.ca\/International\/wp-json\/wp\/v2\/tags?post=100854"}],"curies":[{"name":"wp","href":"https:\/\/api.w.org\/{rel}","templated":true}]}}