{"id":100857,"date":"2020-10-05T06:05:48","date_gmt":"2020-10-05T10:05:48","guid":{"rendered":"https:\/\/linitiative.ca\/International\/el-oued-un-projet-de-culture-du-triticale-pour-rehabiliter-les-terres-a-labandon\/"},"modified":"2020-10-05T06:05:48","modified_gmt":"2020-10-05T10:05:48","slug":"el-oued-un-projet-de-culture-du-triticale-pour-rehabiliter-les-terres-a-labandon","status":"publish","type":"post","link":"https:\/\/linitiative.ca\/International\/el-oued-un-projet-de-culture-du-triticale-pour-rehabiliter-les-terres-a-labandon\/","title":{"rendered":"El-Oued: un projet de culture du Triticale pour r\u00e9habiliter les terres \u00e0 l\u2019abandon"},"content":{"rendered":"<div readability=\"36\">\n<p><strong>EL-OUED &#8211; Un projet de culture du Triticale vient d\u2019\u00eatre lanc\u00e9 dans la wilaya d\u2019El-Oued, dans le but de r\u00e9habiliter les terres agricoles \u00e0 l\u2019abandon, a-t-on appris lundi de l\u2019auteur du projet.<\/strong><\/p>\n<\/div>\n<div readability=\"84.857570715474\">\n<p>Le choix de cette culture, qui ciblera \u00e0 terme une superficie de pr\u00e8s de 80.000 hectares, est justifi\u00e9 par le fait qu\u2019elle constitue un moyen efficace de r\u00e9habilitation des terres agricoles abandonn\u00e9es en raison de la salinit\u00e9 de leur sol et des mauvaises herbes, \u00ab\u00a0en sommes un nettoyant biologique du sol pour le r\u00e9habiliter, le fertiliser et le rendre apte \u00e0 reprendre son cycle agraire\u00a0\u00bb, a expliqu\u00e9 le chercheur sp\u00e9cialiste en agronomie saharienne, Ahmed Allali.<\/p>\n<blockquote readability=\"15\">\n<p><em><strong>Le Triticale, tr\u00e8s r\u00e9sistant aux al\u00e9as naturels et climatiques des r\u00e9gions du Sud (vents, aridit\u00e9, salinit\u00e9 du sol, mauvaises herbes), permet de r\u00e9habiliter une grande partie des terres agricoles \u00e0 l\u2019abandon et d\u2019accro\u00eetre ainsi les superficies irrigu\u00e9es, a fait savoir l\u2019auteur de ce projet, le plus important du genre actuellement en Alg\u00e9rie.<\/strong><\/em><\/p>\n<\/blockquote>\n<p>N\u00e9anmoins, poursuit Dr. Allali, la raret\u00e9 des graines de Triticale sur le march\u00e9 local et la difficult\u00e9 d\u2019approvisionnement des march\u00e9s ext\u00e9rieurs en raison de la pand\u00e9mie du Covid-19, \u00ab\u00a0a contraint \u00e0 limiter la d\u00e9marche dans une premi\u00e8re phase \u00e0 25 agriculteurs, sur une superficie de pr\u00e8s de 30.000 hectares, pour l\u2019\u00e9tendre prochainement aux autres agriculteurs et propri\u00e9taires de terres agricoles abandonn\u00e9es ayant adh\u00e9r\u00e9 au projet\u00a0\u00bb.<\/p>\n<p>La culture du Triticale donne un rendement de 80 \u00e0 100 quintaux \u00e0 l\u2019hectare pour les superficies irrigu\u00e9es et de 50 \u00e0 60 qx\/ha sur les terres non irrigu\u00e9es au Nord du pays, vu sa capacit\u00e9 de r\u00e9sistance \u00e0 la soif et \u00e0 la s\u00e9cheresse, en plus de la possibilit\u00e9 de son stockage vert ou s\u00e9ch\u00e9, a-t-il ajout\u00e9.<\/p>\n<hr\/>\n<h3>Lire aussi:\u00a0<a href=\"http:\/\/www.aps.dz\/regions\/110370-guelma-l-experience-de-la-culture-de-colza-interesse-les-agriculteurs\" target=\"_blank\" rel=\"noopener noreferrer\">Guelma: l\u2019exp\u00e9rience de la culture de colza int\u00e9resse les agriculteurs<\/a><\/h3>\n<hr\/>\n<blockquote readability=\"13\">\n<p><em><strong>Selon M. Allali, le lancement du projet de culture du Triticale est intervenu \u00e0 la suite d\u2019une \u00e9tude scientifique, en laboratoire et sur le terrain, de quatre (4) ann\u00e9es, \u00ab\u00a0convaincus de la n\u00e9cessit\u00e9 de l\u2019accompagnement des investisseurs agricoles par les centres de recherche scientifique et les unit\u00e9s de laboratoire scientifique, pour les aider \u00e0 trouver des solutions aux probl\u00e8mes qu\u2019ils rencontrent\u00a0\u00bb.<\/strong><\/em><\/p>\n<\/blockquote>\n<p>Les \u00e9tudes acad\u00e9miques et le suivi technique et scientifique ont d\u00e9montr\u00e9 l\u2019efficience de la culture du Triticale et les solutions radicales qu\u2019elle apporte aux agriculteurs, pour la poursuite de leurs activit\u00e9s et la qualit\u00e9 de leurs productions, en plus de r\u00e9cup\u00e9rer le foncier agricole non exploit\u00e9 et abandonn\u00e9.<\/p>\n<p>Des \u00e9tudes ont prouv\u00e9 la possibilit\u00e9 de production de farine \u00e0 partir du Triticale et constituer une autre ressource alternative pour la r\u00e9duction de la facture d\u2019importation et le renforcement de l\u2019\u00e9conomie nationale.<\/p>\n<p>Le triticale est une plante annuelle de la famille des Poaceae (gramin\u00e9es). C\u2019est un hybride entre le bl\u00e9 et le seigle et est cultiv\u00e9 surtout comme c\u00e9r\u00e9ale fourrag\u00e8re avec un apport nutritif de 1,7% de plus que l\u2019orge. Il peut \u00eatre utilis\u00e9 pour l\u2019alimentation humaine avec une adjonction de farine de bl\u00e9.<\/p>\n<\/div>\n<p>Auteur:<br \/>\n<a href=\"http:\/\/www.aps.dz\/regions\/110572-el-oued-un-projet-de-culture-du-triticale-pour-rehabiliter-les-terres-a-l-abandon\">Cliquez ici pour lire l&rsquo;article depuis sa source.<\/a><\/p>\n","protected":false},"excerpt":{"rendered":"<p>EL-OUED &#8211; Un projet de culture du Triticale vient d\u2019\u00eatre lanc\u00e9 dans la wilaya d\u2019El-Oued, dans le but de r\u00e9habiliter les terres agricoles \u00e0 l\u2019abandon, a-t-on appris lundi de l\u2019auteur du projet. Le choix de cette culture, qui ciblera \u00e0 terme une superficie de pr\u00e8s de 80.000 hectares, est justifi\u00e9 par le fait qu\u2019elle constitue [&hellip;]<\/p>\n","protected":false},"author":1790,"featured_media":0,"comment_status":"closed","ping_status":"closed","sticky":false,"template":"","format":"standard","meta":{"fifu_image_url":"","fifu_image_alt":"","footnotes":""},"categories":[53,76],"tags":[],"class_list":["post-100857","post","type-post","status-publish","format-standard","hentry","category-algerie","category-regions"],"_links":{"self":[{"href":"https:\/\/linitiative.ca\/International\/wp-json\/wp\/v2\/posts\/100857","targetHints":{"allow":["GET"]}}],"collection":[{"href":"https:\/\/linitiative.ca\/International\/wp-json\/wp\/v2\/posts"}],"about":[{"href":"https:\/\/linitiative.ca\/International\/wp-json\/wp\/v2\/types\/post"}],"author":[{"embeddable":true,"href":"https:\/\/linitiative.ca\/International\/wp-json\/wp\/v2\/users\/1790"}],"replies":[{"embeddable":true,"href":"https:\/\/linitiative.ca\/International\/wp-json\/wp\/v2\/comments?post=100857"}],"version-history":[{"count":0,"href":"https:\/\/linitiative.ca\/International\/wp-json\/wp\/v2\/posts\/100857\/revisions"}],"wp:attachment":[{"href":"https:\/\/linitiative.ca\/International\/wp-json\/wp\/v2\/media?parent=100857"}],"wp:term":[{"taxonomy":"category","embeddable":true,"href":"https:\/\/linitiative.ca\/International\/wp-json\/wp\/v2\/categories?post=100857"},{"taxonomy":"post_tag","embeddable":true,"href":"https:\/\/linitiative.ca\/International\/wp-json\/wp\/v2\/tags?post=100857"}],"curies":[{"name":"wp","href":"https:\/\/api.w.org\/{rel}","templated":true}]}}