{"id":100858,"date":"2020-10-05T08:33:24","date_gmt":"2020-10-05T12:33:24","guid":{"rendered":"https:\/\/linitiative.ca\/International\/laghouat-reception-de-20-nouvelles-structures-pedagogiques-pour-la-rentree-scolaire\/"},"modified":"2020-10-05T08:33:24","modified_gmt":"2020-10-05T12:33:24","slug":"laghouat-reception-de-20-nouvelles-structures-pedagogiques-pour-la-rentree-scolaire","status":"publish","type":"post","link":"https:\/\/linitiative.ca\/International\/laghouat-reception-de-20-nouvelles-structures-pedagogiques-pour-la-rentree-scolaire\/","title":{"rendered":"Laghouat: r\u00e9ception de 20 nouvelles structures p\u00e9dagogiques pour la rentr\u00e9e scolaire"},"content":{"rendered":"<div readability=\"35\">\n<p><strong>LAGHOUAT &#8211; Vingt (20) nouvelles structures p\u00e9dagogiques seront r\u00e9ceptionn\u00e9es dans la wilaya de Laghouat en pr\u00e9vision de la rentr\u00e9e scolaire 2020\/2021, a-t-on appris lundi aupr\u00e8s de la direction locale de l\u2019Education.<\/strong><\/p>\n<\/div>\n<div readability=\"70\">\n<p>Appel\u00e9es \u00e0 am\u00e9liorer les conditions de scolarisation dans la wilaya, ces nouvelles structures, relevant des trois paliers de l\u2019enseignement g\u00e9n\u00e9ral, concernent trois lyc\u00e9es dans les communes d\u2019Aflou, Hadj-Mechri et Hassi-Dela\u00e2, cinq \u00e9tablissements du moyen dans la localit\u00e9 de Djedar (commune de Oued-Morra) et les communes de Ksar El-Hirane, Aflou (1 chacune) et Laghouat (2), a-t-on pr\u00e9cis\u00e9.<\/p>\n<p>Le primaire s\u2019est taill\u00e9 la part du lion avec 12 groupements scolaires en cours de finalisation, dans les communes de Laghouat (3), Aflou (2), Tadjemout, Ain-Madhi, Gueltat Sidi-Sa\u00e2d, Hassi-R\u2019mel, El-Kheneg, Ksar El-Hirane et Bellil (1 chacune), a ajout\u00e9 la source.<\/p>\n<p>Le secteur de l\u2019Education accueillera cette ann\u00e9e dans la wilaya de Laghouat pr\u00e8s de 130.000 \u00e9l\u00e8ves, dont plus de 63.000 dans le primaire, pr\u00e8s de 40.000 dans le moyen et de 21.000 dans le secondaire, r\u00e9partis sur 245 \u00e9coles primaires, 92 coll\u00e8ges et 45 lyc\u00e9es, \u00e0 travers les 24 communes de la wilaya.<\/p>\n<p>Ils sont encadr\u00e9s par pr\u00e8s de 6.700 enseignants, tous paliers et grades confondus, selon les m\u00eames services de la direction de l\u2019\u00e9ducation.<\/p>\n<\/div>\n<p>Auteur:<br \/>\n<a href=\"http:\/\/www.aps.dz\/regions\/110579-laghouat-reception-de-20-nouvelles-structures-pedagogiques-pour-la-rentree-scolaire\">Cliquez ici pour lire l&rsquo;article depuis sa source.<\/a><\/p>\n","protected":false},"excerpt":{"rendered":"<p>LAGHOUAT &#8211; Vingt (20) nouvelles structures p\u00e9dagogiques seront r\u00e9ceptionn\u00e9es dans la wilaya de Laghouat en pr\u00e9vision de la rentr\u00e9e scolaire 2020\/2021, a-t-on appris lundi aupr\u00e8s de la direction locale de l\u2019Education. Appel\u00e9es \u00e0 am\u00e9liorer les conditions de scolarisation dans la wilaya, ces nouvelles structures, relevant des trois paliers de l\u2019enseignement g\u00e9n\u00e9ral, concernent trois lyc\u00e9es dans [&hellip;]<\/p>\n","protected":false},"author":1790,"featured_media":0,"comment_status":"closed","ping_status":"closed","sticky":false,"template":"","format":"standard","meta":{"fifu_image_url":"","fifu_image_alt":"","footnotes":""},"categories":[53,76],"tags":[],"class_list":["post-100858","post","type-post","status-publish","format-standard","hentry","category-algerie","category-regions"],"_links":{"self":[{"href":"https:\/\/linitiative.ca\/International\/wp-json\/wp\/v2\/posts\/100858","targetHints":{"allow":["GET"]}}],"collection":[{"href":"https:\/\/linitiative.ca\/International\/wp-json\/wp\/v2\/posts"}],"about":[{"href":"https:\/\/linitiative.ca\/International\/wp-json\/wp\/v2\/types\/post"}],"author":[{"embeddable":true,"href":"https:\/\/linitiative.ca\/International\/wp-json\/wp\/v2\/users\/1790"}],"replies":[{"embeddable":true,"href":"https:\/\/linitiative.ca\/International\/wp-json\/wp\/v2\/comments?post=100858"}],"version-history":[{"count":0,"href":"https:\/\/linitiative.ca\/International\/wp-json\/wp\/v2\/posts\/100858\/revisions"}],"wp:attachment":[{"href":"https:\/\/linitiative.ca\/International\/wp-json\/wp\/v2\/media?parent=100858"}],"wp:term":[{"taxonomy":"category","embeddable":true,"href":"https:\/\/linitiative.ca\/International\/wp-json\/wp\/v2\/categories?post=100858"},{"taxonomy":"post_tag","embeddable":true,"href":"https:\/\/linitiative.ca\/International\/wp-json\/wp\/v2\/tags?post=100858"}],"curies":[{"name":"wp","href":"https:\/\/api.w.org\/{rel}","templated":true}]}}