{"id":100859,"date":"2020-10-05T13:19:15","date_gmt":"2020-10-05T17:19:15","guid":{"rendered":"https:\/\/linitiative.ca\/International\/adrar-appelee-a-devenir-un-pole-agricole-producteur-de-mais\/"},"modified":"2020-10-05T13:19:15","modified_gmt":"2020-10-05T17:19:15","slug":"adrar-appelee-a-devenir-un-pole-agricole-producteur-de-mais","status":"publish","type":"post","link":"https:\/\/linitiative.ca\/International\/adrar-appelee-a-devenir-un-pole-agricole-producteur-de-mais\/","title":{"rendered":"Adrar appel\u00e9e \u00e0 devenir un p\u00f4le agricole producteur de ma\u00efs"},"content":{"rendered":"<div readability=\"38\">\n<p dir=\"ltr\" class=\"c30\"><strong>ADRAR &#8211; Le ministre de l\u2019Agriculture et du D\u00e9veloppement rural, Abdelhamid Hamdani, a affirm\u00e9 lundi \u00e0 Adrar, que cette wilaya est appel\u00e9e \u00e0 devenir un p\u00f4le agricole de production de ma\u00efs, qui contribuera \u00e0 atteindre l\u2019autosuffisance et r\u00e9duire la facture des importations.<\/strong><\/p>\n<\/div>\n<div readability=\"104.07780052647\">\n<p dir=\"ltr\" class=\"c30\">Amor\u00e7ant sa visite de travail \u00e0 Adrar depuis la Da\u00efra d\u2019Ougrout (Nord d\u2019Adrar), le ministre a visit\u00e9 une exploitation agricole sp\u00e9cialis\u00e9e dans la ma\u00efsiculture, au niveau du p\u00e9rim\u00e8tre d\u2019Oufrane (commune de Metarfa), qui compte 115 agriculteurs exploitant une superficie de 17.000 hectares.<\/p>\n<blockquote readability=\"9\">\n<p dir=\"ltr\" class=\"c30\"><em><strong>Relevant sur site que les rendements actuels ne r\u00e9pondaient pas encore aux attentes, M.Hamdani a mis l\u2019accent sur l\u2019accroissement de la production et des rendements afin d\u2019atteindre des indices permettant de relever les d\u00e9fis fix\u00e9s en mati\u00e8re de production de ma\u00efs et d\u2019industrie de transformation li\u00e9e \u00e0 cette activit\u00e9 agricole.<\/strong><\/em><\/p>\n<\/blockquote>\n<p dir=\"ltr\" class=\"c30\">Le ministre de l\u2019Agriculture s\u2019est \u00e9galement enquis du projet d\u2019\u00e9lectrification agricole au niveau de ce p\u00e9rim\u00e8tre totalisant un lin\u00e9aire de 115 km, retenu dans le cadre du programme du Fonds national de d\u00e9veloppement rural pour un co\u00fbt de 500 millions DA, et livrable avant juillet 2021.<\/p>\n<p>Il a \u00e9cout\u00e9, par ailleurs, les dol\u00e9ances des agriculteurs locaux, qui se sont articul\u00e9es autour, notamment, de l\u2019\u00e9lectrification et du mat\u00e9riel agricole, en plus de la facilitation de l\u2019acc\u00e8s au foncier agricole.<\/p>\n<hr\/>\n<p><strong>Lire aussi: <a href=\"http:\/\/www.aps.dz\/regions\/110549-el-tarf-production-record-dans-les-cereales-et-la-tomate\">El Tarf : production \u00ab\u00a0record\u00a0\u00bb dans les c\u00e9r\u00e9ales et la tomate<\/a><br \/><\/strong><\/p>\n<hr\/>\n<p>M. Hamdani a indiqu\u00e9 que cette visite s\u2019inscrivait dans le cadre de la mise en \u0153uvre de la feuille de route du secteur pour la p\u00e9riode 2020-2024, adopt\u00e9e en juillet dernier en Conseil des ministres et visant \u00e0 accroitre la production et la productivit\u00e9, \u00e0 r\u00e9duire la facture des importations et \u00e0 rationnaliser les d\u00e9penses.<\/p>\n<p dir=\"ltr\" class=\"c30\">Au niveau de la zone de Kabert\u00e8ne, dans la Da\u00efra de Tsabit (Nord d\u2019Adrar), le ministre\u00a0 a proc\u00e9d\u00e9 \u00e0 la remise du titre d\u2019attribution d\u2019un terrain, dans le cadre de l\u2019investissement, \u00e0 l\u2019Office national de l\u2019alimentation de b\u00e9tail (ONAB) pour la cr\u00e9ation d\u2019une unit\u00e9 de stockage d\u2019une capacit\u00e9 de 150.000 tonnes, ainsi que d\u2019une unit\u00e9 de transformation de ma\u00efs produits dans la r\u00e9gion, et ce dans une d\u00e9marche visant \u00e0 rapprocher les installations de stockage des agriculteurs et \u00e0 leur \u00e9pargner les d\u00e9placements vers les wilayas voisines.<\/p>\n<p dir=\"ltr\" class=\"c30\">Troisi\u00e8me \u00e9tape de sa vite de travail, le ministre de l\u2019Agriculture et du D\u00e9veloppement rural a inspect\u00e9 un complexe frigorifique au chef lieu de wilaya d\u2019Adrar d\u2019une capacit\u00e9 de 15.000 m3, relevant de l\u2019entreprise Frigom\u00e9dit.<\/p>\n<p dir=\"ltr\" class=\"c30\">La structure constitue l\u2019un des quatre complexes du type projet\u00e9s dans la wilaya, avec ceux des communes de Bordj Badji-Mokhtar, Aoulef et Reggane, devant contribuer au stockage des produits agricoles pour la r\u00e9gulation du march\u00e9 et l\u2019exportation.<\/p>\n<p dir=\"ltr\" class=\"c30\">D\u00e9plorant la lenteur de r\u00e9alisation de cet important projet, M.Hamdani a appel\u00e9 les parties concern\u00e9es \u00e0 assumer pleinement leurs responsabilit\u00e9s, \u00e0 acc\u00e9l\u00e9rer la cadence de r\u00e9alisation et \u00e0 livrer le projet dans les d\u00e9lais impartis.<\/p>\n<p dir=\"ltr\" class=\"c30\">Le ministre de l\u2019Agriculture et du D\u00e9veloppement rural poursuit sa visite de travail par l\u2019inspection d\u2019une ferme pilote de c\u00e9r\u00e9aliculture, au niveau du p\u00e9rim\u00e8tre agricole de la commune de Fenoughil (Sud d\u2019Adrar), avant de la cl\u00f4turer par une rencontre avec les agriculteurs afin de prendre connaissance de leurs pr\u00e9occupations et suggestions, et d\u2019expliquer la feuille de route arr\u00eat\u00e9e pour la relance du secteur en g\u00e9n\u00e9ral, et le d\u00e9veloppement de l\u2019agriculture saharienne en particulier.<\/p>\n<\/div>\n<p>Auteur:<br \/>\n<a href=\"http:\/\/www.aps.dz\/regions\/110593-adrar-appelee-a-devenir-un-pole-agricole-producteur-de-mais\">Cliquez ici pour lire l&rsquo;article depuis sa source.<\/a><\/p>\n","protected":false},"excerpt":{"rendered":"<p>ADRAR &#8211; Le ministre de l\u2019Agriculture et du D\u00e9veloppement rural, Abdelhamid Hamdani, a affirm\u00e9 lundi \u00e0 Adrar, que cette wilaya est appel\u00e9e \u00e0 devenir un p\u00f4le agricole de production de ma\u00efs, qui contribuera \u00e0 atteindre l\u2019autosuffisance et r\u00e9duire la facture des importations. Amor\u00e7ant sa visite de travail \u00e0 Adrar depuis la Da\u00efra d\u2019Ougrout (Nord d\u2019Adrar), [&hellip;]<\/p>\n","protected":false},"author":1790,"featured_media":0,"comment_status":"closed","ping_status":"closed","sticky":false,"template":"","format":"standard","meta":{"fifu_image_url":"","fifu_image_alt":"","footnotes":""},"categories":[53,76],"tags":[],"class_list":["post-100859","post","type-post","status-publish","format-standard","hentry","category-algerie","category-regions"],"_links":{"self":[{"href":"https:\/\/linitiative.ca\/International\/wp-json\/wp\/v2\/posts\/100859","targetHints":{"allow":["GET"]}}],"collection":[{"href":"https:\/\/linitiative.ca\/International\/wp-json\/wp\/v2\/posts"}],"about":[{"href":"https:\/\/linitiative.ca\/International\/wp-json\/wp\/v2\/types\/post"}],"author":[{"embeddable":true,"href":"https:\/\/linitiative.ca\/International\/wp-json\/wp\/v2\/users\/1790"}],"replies":[{"embeddable":true,"href":"https:\/\/linitiative.ca\/International\/wp-json\/wp\/v2\/comments?post=100859"}],"version-history":[{"count":0,"href":"https:\/\/linitiative.ca\/International\/wp-json\/wp\/v2\/posts\/100859\/revisions"}],"wp:attachment":[{"href":"https:\/\/linitiative.ca\/International\/wp-json\/wp\/v2\/media?parent=100859"}],"wp:term":[{"taxonomy":"category","embeddable":true,"href":"https:\/\/linitiative.ca\/International\/wp-json\/wp\/v2\/categories?post=100859"},{"taxonomy":"post_tag","embeddable":true,"href":"https:\/\/linitiative.ca\/International\/wp-json\/wp\/v2\/tags?post=100859"}],"curies":[{"name":"wp","href":"https:\/\/api.w.org\/{rel}","templated":true}]}}