{"id":100865,"date":"2020-10-05T07:07:07","date_gmt":"2020-10-05T11:07:07","guid":{"rendered":"https:\/\/linitiative.ca\/International\/casa-tram-soutient-les-talents-artistiques\/"},"modified":"2020-10-05T07:07:07","modified_gmt":"2020-10-05T11:07:07","slug":"casa-tram-soutient-les-talents-artistiques","status":"publish","type":"post","link":"https:\/\/linitiative.ca\/International\/casa-tram-soutient-les-talents-artistiques\/","title":{"rendered":"Casa-Tram soutient les talents artistiques"},"content":{"rendered":"<div class=\"body\">\n<div class=\"field field-name-body field-type-text-with-summary field-label-hidden\">\n<div class=\"field-items\" readability=\"8\">\n<div class=\"field-item even\" property=\"content:encoded\" readability=\"11\">\n<p class=\"rtejustify\">A compter de ce mois d\u2019octobre, un ou deux \u00e9l\u00e8ves de l\u2019Ecole des beaux-arts de Casablanca exposera chaque mois ses \u0153uvres dans la galerie de la Maison de Mobilit\u00e9 des Nations unies (ouverte du lundi au samedi de 8h00 \u00e0 20h00). Les deux premiers artistes \u00e0 pr\u00e9senter leurs \u0153uvres seront: Chouaib Chkairi et Zouhair Chihad. Le d\u00e9marrage de la 1re exposition est pr\u00e9vu mardi 6 octobre.<br \/><em>A.E.<\/em><\/p>\n<\/div>\n<\/div>\n<\/div>\n<\/div>\n<div class=\"eco-conseil\">\n<div class=\"view view-eco-conseil-16 view-id-eco_conseil_16 view-display-id-cookies view-dom-id-fcf2bd12799b61fdeda40c2b2ece62a8\">\n<div class=\"view-content\">\n<div id=\"views-bootstrap-grid-1\" class=\"views-bootstrap-grid-plugin-style\">\n<div class=\"row\">\n<div class=\" col-xs-12 col-lg-4\">\n<div class=\"row\">\n<div class=\"col col-xs-12 col-lg-12\">\n<div class=\"field-content\"><a href=\"\/article\/1068014-liberte-de-la-presse-et-ia\"><img loading=\"lazy\" decoding=\"async\" class=\"img-responsive\" typeof=\"foaf:Image\" src=\"https:\/\/www.leconomiste.com\/sites\/default\/files\/eco7\/public\/styles\/800x400\/public\/default_images\/default_une.jpg?itok=4jZlgnIZ\" width=\"660\" height=\"330\" alt=\"\"\/><\/a><\/div>\n<\/div>\n<div class=\" title_suite_2 col col-xs-12 col-lg-12\"> <a href=\"\/article\/1068014-liberte-de-la-presse-et-ia\"\/><span class=\"field-content\">Article 1068014<\/span><\/div>\n<\/div>\n<\/div>\n<div class=\" col-xs-12 col-lg-4\">\n<div class=\"row\">\n<div class=\"col col-xs-12 col-lg-12\">\n<div class=\"field-content\"><a href=\"\/article\/1068013-trois-certificats-d-excellence-pour-cdg-prevoyance\"><img loading=\"lazy\" decoding=\"async\" class=\"img-responsive\" typeof=\"foaf:Image\" src=\"https:\/\/www.leconomiste.com\/sites\/default\/files\/eco7\/public\/styles\/800x400\/public\/default_images\/default_une.jpg?itok=4jZlgnIZ\" width=\"660\" height=\"330\" alt=\"\"\/><\/a><\/div>\n<\/div>\n<div class=\" title_suite_2 col col-xs-12 col-lg-12\"> <a href=\"\/article\/1068013-trois-certificats-d-excellence-pour-cdg-prevoyance\"\/><span class=\"field-content\">Trois certificats d&rsquo;excellence pour CDG Pr\u00e9voyance<\/span><\/div>\n<\/div>\n<\/div>\n<div class=\" col-xs-12 col-lg-4\">\n<div class=\"row\">\n<div class=\"col col-xs-12 col-lg-12\">\n<div class=\"field-content\"><a href=\"\/article\/1068012-collectivites-territoriales-excedent-budgetaire\"><img loading=\"lazy\" decoding=\"async\" class=\"img-responsive\" typeof=\"foaf:Image\" src=\"https:\/\/www.leconomiste.com\/sites\/default\/files\/eco7\/public\/styles\/800x400\/public\/default_images\/default_une.jpg?itok=4jZlgnIZ\" width=\"660\" height=\"330\" alt=\"\"\/><\/a><\/div>\n<\/div>\n<div class=\" title_suite_2 col col-xs-12 col-lg-12\"> <a href=\"\/article\/1068012-collectivites-territoriales-excedent-budgetaire\"\/><span class=\"field-content\">Collectivit\u00e9s territoriales: Exc\u00e9dent budg\u00e9taire<\/span><\/div>\n<\/div>\n<\/div>\n<\/div>\n<\/div>\n<\/div>\n<\/div>\n<\/div>\n<p>Auteur: hlafriqi<br \/>\n<a href=\"https:\/\/www.leconomiste.com\/article\/1068011-casa-tram-soutient-les-talents-artistiques\">Cliquez ici pour lire l&rsquo;article depuis sa source.<\/a><\/p>\n","protected":false},"excerpt":{"rendered":"<p>A compter de ce mois d\u2019octobre, un ou deux \u00e9l\u00e8ves de l\u2019Ecole des beaux-arts de Casablanca exposera chaque mois ses \u0153uvres dans la galerie de la Maison de Mobilit\u00e9 des Nations unies (ouverte du lundi au samedi de 8h00 \u00e0 20h00). Les deux premiers artistes \u00e0 pr\u00e9senter leurs \u0153uvres seront: Chouaib Chkairi et Zouhair Chihad. [&hellip;]<\/p>\n","protected":false},"author":1763,"featured_media":0,"comment_status":"closed","ping_status":"closed","sticky":false,"template":"","format":"standard","meta":{"fifu_image_url":"","fifu_image_alt":"","footnotes":""},"categories":[78,54],"tags":[],"class_list":["post-100865","post","type-post","status-publish","format-standard","hentry","category-economie","category-maroc"],"_links":{"self":[{"href":"https:\/\/linitiative.ca\/International\/wp-json\/wp\/v2\/posts\/100865","targetHints":{"allow":["GET"]}}],"collection":[{"href":"https:\/\/linitiative.ca\/International\/wp-json\/wp\/v2\/posts"}],"about":[{"href":"https:\/\/linitiative.ca\/International\/wp-json\/wp\/v2\/types\/post"}],"author":[{"embeddable":true,"href":"https:\/\/linitiative.ca\/International\/wp-json\/wp\/v2\/users\/1763"}],"replies":[{"embeddable":true,"href":"https:\/\/linitiative.ca\/International\/wp-json\/wp\/v2\/comments?post=100865"}],"version-history":[{"count":0,"href":"https:\/\/linitiative.ca\/International\/wp-json\/wp\/v2\/posts\/100865\/revisions"}],"wp:attachment":[{"href":"https:\/\/linitiative.ca\/International\/wp-json\/wp\/v2\/media?parent=100865"}],"wp:term":[{"taxonomy":"category","embeddable":true,"href":"https:\/\/linitiative.ca\/International\/wp-json\/wp\/v2\/categories?post=100865"},{"taxonomy":"post_tag","embeddable":true,"href":"https:\/\/linitiative.ca\/International\/wp-json\/wp\/v2\/tags?post=100865"}],"curies":[{"name":"wp","href":"https:\/\/api.w.org\/{rel}","templated":true}]}}