{"id":100867,"date":"2020-10-05T07:08:42","date_gmt":"2020-10-05T11:08:42","guid":{"rendered":"https:\/\/linitiative.ca\/International\/trois-certificats-dexcellence-pour-cdg-prevoyance\/"},"modified":"2020-10-05T07:08:42","modified_gmt":"2020-10-05T11:08:42","slug":"trois-certificats-dexcellence-pour-cdg-prevoyance","status":"publish","type":"post","link":"https:\/\/linitiative.ca\/International\/trois-certificats-dexcellence-pour-cdg-prevoyance\/","title":{"rendered":"Trois certificats d&rsquo;excellence pour CDG Pr\u00e9voyance"},"content":{"rendered":"<div class=\"body\">\n<div class=\"field field-name-body field-type-text-with-summary field-label-hidden\">\n<div class=\"field-items\" readability=\"10\">\n<div class=\"field-item even\" property=\"content:encoded\" readability=\"15\">\n<p class=\"rtejustify\">Triple distinction pour CDG Pr\u00e9voyance. La filiale de la Caisse de d\u00e9p\u00f4t et de gestion s&rsquo;est vue d\u00e9cerner trois certificats d\u2019excellence par l\u2019Association internationale de la s\u00e9curit\u00e9 sociale (AISS), une organisation\u00a0 qui a remis \u00e0 l&rsquo;institution en charge de la Caisse nationale de retraites et d&rsquo;assurances (CNRA) et du R\u00e9gime collectif d\u2019allocation de retraite (RCAR). Cette distinction vient en reconnaissance de l&rsquo;ach\u00e8vement de trois programmes dans les domaines de la bonne gouvernance, des technologies de l&rsquo;information et de la communication, et de la qualit\u00e9 de services. CDG Pr\u00e9voyance est la premi\u00e8re institution, parmi les 330 membres de l\u2019AISS r\u00e9partis dans plus de 150 pays, \u00e0 se voir attribuer ces trois distinctions de mani\u00e8re cons\u00e9cutive.<br \/><em>M.A.B.<\/em><\/p>\n<\/div>\n<\/div>\n<\/div>\n<\/div>\n<div class=\"eco-conseil\">\n<div class=\"view view-eco-conseil-16 view-id-eco_conseil_16 view-display-id-cookies view-dom-id-aec85ae5c94fc575881db91f32745b6b\">\n<div class=\"view-content\">\n<div id=\"views-bootstrap-grid-1\" class=\"views-bootstrap-grid-plugin-style\">\n<div class=\"row\">\n<div class=\" col-xs-12 col-lg-4\">\n<div class=\"row\">\n<div class=\"col col-xs-12 col-lg-12\">\n<div class=\"field-content\"><a href=\"\/article\/1068014-liberte-de-la-presse-et-ia\"><img loading=\"lazy\" decoding=\"async\" class=\"img-responsive\" typeof=\"foaf:Image\" src=\"https:\/\/www.leconomiste.com\/sites\/default\/files\/eco7\/public\/styles\/800x400\/public\/default_images\/default_une.jpg?itok=4jZlgnIZ\" width=\"660\" height=\"330\" alt=\"\"\/><\/a><\/div>\n<\/div>\n<div class=\" title_suite_2 col col-xs-12 col-lg-12\"> <a href=\"\/article\/1068014-liberte-de-la-presse-et-ia\"\/><span class=\"field-content\">Article 1068014<\/span><\/div>\n<\/div>\n<\/div>\n<div class=\" col-xs-12 col-lg-4\">\n<div class=\"row\">\n<div class=\"col col-xs-12 col-lg-12\">\n<div class=\"field-content\"><a href=\"\/article\/1068012-collectivites-territoriales-excedent-budgetaire\"><img loading=\"lazy\" decoding=\"async\" class=\"img-responsive\" typeof=\"foaf:Image\" src=\"https:\/\/www.leconomiste.com\/sites\/default\/files\/eco7\/public\/styles\/800x400\/public\/default_images\/default_une.jpg?itok=4jZlgnIZ\" width=\"660\" height=\"330\" alt=\"\"\/><\/a><\/div>\n<\/div>\n<div class=\" title_suite_2 col col-xs-12 col-lg-12\"> <a href=\"\/article\/1068012-collectivites-territoriales-excedent-budgetaire\"\/><span class=\"field-content\">Collectivit\u00e9s territoriales: Exc\u00e9dent budg\u00e9taire<\/span><\/div>\n<\/div>\n<\/div>\n<div class=\" col-xs-12 col-lg-4\">\n<div class=\"row\">\n<div class=\"col col-xs-12 col-lg-12\">\n<div class=\"field-content\"><a href=\"\/article\/1068011-casa-tram-soutient-les-talents-artistiques\"><img loading=\"lazy\" decoding=\"async\" class=\"img-responsive\" typeof=\"foaf:Image\" src=\"https:\/\/www.leconomiste.com\/sites\/default\/files\/eco7\/public\/styles\/800x400\/public\/default_images\/default_une.jpg?itok=4jZlgnIZ\" width=\"660\" height=\"330\" alt=\"\"\/><\/a><\/div>\n<\/div>\n<div class=\" title_suite_2 col col-xs-12 col-lg-12\"> <a href=\"\/article\/1068011-casa-tram-soutient-les-talents-artistiques\"\/><span class=\"field-content\">Casa-Tram soutient les talents artistiques<\/span><\/div>\n<\/div>\n<\/div>\n<\/div>\n<\/div>\n<\/div>\n<\/div>\n<\/div>\n<p>Auteur: hlafriqi<br \/>\n<a href=\"https:\/\/www.leconomiste.com\/article\/1068013-trois-certificats-d-excellence-pour-cdg-prevoyance\">Cliquez ici pour lire l&rsquo;article depuis sa source.<\/a><\/p>\n","protected":false},"excerpt":{"rendered":"<p>Triple distinction pour CDG Pr\u00e9voyance. La filiale de la Caisse de d\u00e9p\u00f4t et de gestion s&rsquo;est vue d\u00e9cerner trois certificats d\u2019excellence par l\u2019Association internationale de la s\u00e9curit\u00e9 sociale (AISS), une organisation\u00a0 qui a remis \u00e0 l&rsquo;institution en charge de la Caisse nationale de retraites et d&rsquo;assurances (CNRA) et du R\u00e9gime collectif d\u2019allocation de retraite (RCAR). [&hellip;]<\/p>\n","protected":false},"author":1763,"featured_media":0,"comment_status":"closed","ping_status":"closed","sticky":false,"template":"","format":"standard","meta":{"fifu_image_url":"","fifu_image_alt":"","footnotes":""},"categories":[78,54],"tags":[],"class_list":["post-100867","post","type-post","status-publish","format-standard","hentry","category-economie","category-maroc"],"_links":{"self":[{"href":"https:\/\/linitiative.ca\/International\/wp-json\/wp\/v2\/posts\/100867","targetHints":{"allow":["GET"]}}],"collection":[{"href":"https:\/\/linitiative.ca\/International\/wp-json\/wp\/v2\/posts"}],"about":[{"href":"https:\/\/linitiative.ca\/International\/wp-json\/wp\/v2\/types\/post"}],"author":[{"embeddable":true,"href":"https:\/\/linitiative.ca\/International\/wp-json\/wp\/v2\/users\/1763"}],"replies":[{"embeddable":true,"href":"https:\/\/linitiative.ca\/International\/wp-json\/wp\/v2\/comments?post=100867"}],"version-history":[{"count":0,"href":"https:\/\/linitiative.ca\/International\/wp-json\/wp\/v2\/posts\/100867\/revisions"}],"wp:attachment":[{"href":"https:\/\/linitiative.ca\/International\/wp-json\/wp\/v2\/media?parent=100867"}],"wp:term":[{"taxonomy":"category","embeddable":true,"href":"https:\/\/linitiative.ca\/International\/wp-json\/wp\/v2\/categories?post=100867"},{"taxonomy":"post_tag","embeddable":true,"href":"https:\/\/linitiative.ca\/International\/wp-json\/wp\/v2\/tags?post=100867"}],"curies":[{"name":"wp","href":"https:\/\/api.w.org\/{rel}","templated":true}]}}