{"id":100868,"date":"2020-10-05T07:10:21","date_gmt":"2020-10-05T11:10:21","guid":{"rendered":"https:\/\/linitiative.ca\/International\/article-1068014\/"},"modified":"2020-10-05T07:10:21","modified_gmt":"2020-10-05T11:10:21","slug":"article-1068014","status":"publish","type":"post","link":"https:\/\/linitiative.ca\/International\/article-1068014\/","title":{"rendered":"Article 1068014"},"content":{"rendered":"<div class=\"body\">\n<div class=\"field field-name-body field-type-text-with-summary field-label-hidden\">\n<div class=\"field-items\" readability=\"12\">\n<div class=\"field-item even\" property=\"content:encoded\" readability=\"19\">\n<p class=\"rtejustify\">A l&rsquo;invitation d&rsquo;Affaires mondiales Canada (minist\u00e8re des Affaires \u00e9trang\u00e8res), le Dr Mohamed Benabid, r\u00e9dacteur en chef de L&rsquo;Economiste, va participer \u00e0 une consultation sur les obstacles \u00e9mergents \u00e0 la libert\u00e9 de presse, notamment le recours r\u00e9pandu aux technologies num\u00e9riques faisant appel \u00e0 l\u2019intelligence artificielle (IA), en particulier pendant la pand\u00e9mie de Covid-19. Cette consultation\u00a0 vise \u00e0 pr\u00e9parer la 2e Conf\u00e9rence mondiale sur la libert\u00e9 de la presse (CMLP), qui se tient le 16 novembre 2020 et qui sera co-pr\u00e9sid\u00e9e par le Canada et le Botswana. En pr\u00e9vision de la conf\u00e9rence, les organisateurs cherchent \u00e0 assurer la participation d\u2019intervenants pertinents et \u00e0 augmenter la repr\u00e9sentation de la communaut\u00e9 internationale. Par rapport au\u00a0 droit \u00e0 la libert\u00e9 d&rsquo;expression au sein de l&rsquo;\u00e9cosyst\u00e8me mondial de l\u2019information&#8230; l\u2019IA influence profond\u00e9ment le processus de recherche, de r\u00e9ception et de transmission de l&rsquo;information, dans des dynamiques qui ne sont pas toujours transparentes et peu ou pas comprises du grand public.\u00a0 Ce qui n&rsquo;est pas sans poser des risques \u00e0 la libert\u00e9 d&rsquo;expression ainsi qu\u2019\u00e0 la pluralit\u00e9 des m\u00e9dias. \u00a0<br \/><em>T.E.G.<\/em><\/p>\n<\/div>\n<\/div>\n<\/div>\n<\/div>\n<div class=\"eco-conseil\">\n<div class=\"view view-eco-conseil-16 view-id-eco_conseil_16 view-display-id-cookies view-dom-id-2d09791135cb67cded30568996a609ec\">\n<div class=\"view-content\">\n<div id=\"views-bootstrap-grid-1\" class=\"views-bootstrap-grid-plugin-style\">\n<div class=\"row\">\n<div class=\" col-xs-12 col-lg-4\">\n<div class=\"row\">\n<div class=\"col col-xs-12 col-lg-12\">\n<div class=\"field-content\"><a href=\"\/article\/1068013-trois-certificats-d-excellence-pour-cdg-prevoyance\"><img loading=\"lazy\" decoding=\"async\" class=\"img-responsive\" typeof=\"foaf:Image\" src=\"https:\/\/www.leconomiste.com\/sites\/default\/files\/eco7\/public\/styles\/800x400\/public\/default_images\/default_une.jpg?itok=4jZlgnIZ\" width=\"660\" height=\"330\" alt=\"\"\/><\/a><\/div>\n<\/div>\n<div class=\" title_suite_2 col col-xs-12 col-lg-12\"> <a href=\"\/article\/1068013-trois-certificats-d-excellence-pour-cdg-prevoyance\"\/><span class=\"field-content\">Trois certificats d&rsquo;excellence pour CDG Pr\u00e9voyance<\/span><\/div>\n<\/div>\n<\/div>\n<div class=\" col-xs-12 col-lg-4\">\n<div class=\"row\">\n<div class=\"col col-xs-12 col-lg-12\">\n<div class=\"field-content\"><a href=\"\/article\/1068012-collectivites-territoriales-excedent-budgetaire\"><img loading=\"lazy\" decoding=\"async\" class=\"img-responsive\" typeof=\"foaf:Image\" src=\"https:\/\/www.leconomiste.com\/sites\/default\/files\/eco7\/public\/styles\/800x400\/public\/default_images\/default_une.jpg?itok=4jZlgnIZ\" width=\"660\" height=\"330\" alt=\"\"\/><\/a><\/div>\n<\/div>\n<div class=\" title_suite_2 col col-xs-12 col-lg-12\"> <a href=\"\/article\/1068012-collectivites-territoriales-excedent-budgetaire\"\/><span class=\"field-content\">Collectivit\u00e9s territoriales: Exc\u00e9dent budg\u00e9taire<\/span><\/div>\n<\/div>\n<\/div>\n<div class=\" col-xs-12 col-lg-4\">\n<div class=\"row\">\n<div class=\"col col-xs-12 col-lg-12\">\n<div class=\"field-content\"><a href=\"\/article\/1068011-casa-tram-soutient-les-talents-artistiques\"><img loading=\"lazy\" decoding=\"async\" class=\"img-responsive\" typeof=\"foaf:Image\" src=\"https:\/\/www.leconomiste.com\/sites\/default\/files\/eco7\/public\/styles\/800x400\/public\/default_images\/default_une.jpg?itok=4jZlgnIZ\" width=\"660\" height=\"330\" alt=\"\"\/><\/a><\/div>\n<\/div>\n<div class=\" title_suite_2 col col-xs-12 col-lg-12\"> <a href=\"\/article\/1068011-casa-tram-soutient-les-talents-artistiques\"\/><span class=\"field-content\">Casa-Tram soutient les talents artistiques<\/span><\/div>\n<\/div>\n<\/div>\n<\/div>\n<\/div>\n<\/div>\n<\/div>\n<\/div>\n<p>Auteur: hlafriqi<br \/>\n<a href=\"https:\/\/www.leconomiste.com\/article\/1068014-liberte-de-la-presse-et-ia\">Cliquez ici pour lire l&rsquo;article depuis sa source.<\/a><\/p>\n","protected":false},"excerpt":{"rendered":"<p>A l&rsquo;invitation d&rsquo;Affaires mondiales Canada (minist\u00e8re des Affaires \u00e9trang\u00e8res), le Dr Mohamed Benabid, r\u00e9dacteur en chef de L&rsquo;Economiste, va participer \u00e0 une consultation sur les obstacles \u00e9mergents \u00e0 la libert\u00e9 de presse, notamment le recours r\u00e9pandu aux technologies num\u00e9riques faisant appel \u00e0 l\u2019intelligence artificielle (IA), en particulier pendant la pand\u00e9mie de Covid-19. Cette consultation\u00a0 vise [&hellip;]<\/p>\n","protected":false},"author":1763,"featured_media":0,"comment_status":"closed","ping_status":"closed","sticky":false,"template":"","format":"standard","meta":{"fifu_image_url":"","fifu_image_alt":"","footnotes":""},"categories":[78,54],"tags":[],"class_list":["post-100868","post","type-post","status-publish","format-standard","hentry","category-economie","category-maroc"],"_links":{"self":[{"href":"https:\/\/linitiative.ca\/International\/wp-json\/wp\/v2\/posts\/100868","targetHints":{"allow":["GET"]}}],"collection":[{"href":"https:\/\/linitiative.ca\/International\/wp-json\/wp\/v2\/posts"}],"about":[{"href":"https:\/\/linitiative.ca\/International\/wp-json\/wp\/v2\/types\/post"}],"author":[{"embeddable":true,"href":"https:\/\/linitiative.ca\/International\/wp-json\/wp\/v2\/users\/1763"}],"replies":[{"embeddable":true,"href":"https:\/\/linitiative.ca\/International\/wp-json\/wp\/v2\/comments?post=100868"}],"version-history":[{"count":0,"href":"https:\/\/linitiative.ca\/International\/wp-json\/wp\/v2\/posts\/100868\/revisions"}],"wp:attachment":[{"href":"https:\/\/linitiative.ca\/International\/wp-json\/wp\/v2\/media?parent=100868"}],"wp:term":[{"taxonomy":"category","embeddable":true,"href":"https:\/\/linitiative.ca\/International\/wp-json\/wp\/v2\/categories?post=100868"},{"taxonomy":"post_tag","embeddable":true,"href":"https:\/\/linitiative.ca\/International\/wp-json\/wp\/v2\/tags?post=100868"}],"curies":[{"name":"wp","href":"https:\/\/api.w.org\/{rel}","templated":true}]}}