{"id":100884,"date":"2020-10-05T13:00:57","date_gmt":"2020-10-05T17:00:57","guid":{"rendered":"https:\/\/linitiative.ca\/International\/110590-l-association-algerienne-de-medecine-sportive-integre-l-union-arabe\/"},"modified":"2020-10-05T13:00:57","modified_gmt":"2020-10-05T17:00:57","slug":"110590-l-association-algerienne-de-medecine-sportive-integre-l-union-arabe","status":"publish","type":"post","link":"https:\/\/linitiative.ca\/International\/110590-l-association-algerienne-de-medecine-sportive-integre-l-union-arabe\/","title":{"rendered":"L&rsquo;Association alg\u00e9rienne de m\u00e9decine sportive int\u00e8gre l&rsquo;Union arabe"},"content":{"rendered":"<div readability=\"38\">\n<p><strong>ALGER &#8211; L&rsquo;Association alg\u00e9rienne de m\u00e9decine sportive (ANAMS), cr\u00e9\u00e9e en f\u00e9vrier 2019, a officiellement int\u00e9gr\u00e9 l&rsquo;Union arabe de la sp\u00e9cialit\u00e9, a appris l&rsquo;APS lundi aupr\u00e8s du pr\u00e9sident de l&rsquo;institution alg\u00e9rienne, Hicham Allem.<\/strong><\/p>\n<\/div>\n<div readability=\"70\">\n<p>\u00ab\u00a0L&rsquo;Union arabe de m\u00e9decine sportive nous a confirm\u00e9 l&rsquo;acceptation de notre demande d&rsquo;adh\u00e9sion. Nous en sommes satisfaits. Nous f\u00e9licitons pour cela l&rsquo;ensemble des membres de notre association en les exhortant \u00e0 poursuivre leurs efforts pour davantage de succ\u00e8s\u00a0\u00bb, a affirm\u00e9 Dr Allem.<\/p>\n<p>L&rsquo;Association alg\u00e9rienne de m\u00e9decine sportive, dont le si\u00e8ge se trouve \u00e0 Sa\u00efda, a vu le jour le 14 f\u00e9vrier 2019. Elle compte 22 commissions de wilaya et 48 bureaux de wilaya.<\/p>\n<p>\u00ab\u00a0L&rsquo;ANAMS pr\u00e9pare actuellement la tenue d&rsquo;un s\u00e9minaire international de m\u00e9decine sportive et chirurgie orthop\u00e9dique \u00e0 Oran, simultan\u00e9ment avec les Jeux m\u00e9diterran\u00e9ens-2022 pr\u00e9vus dans la m\u00eame ville\u00a0\u00bb, a fait savoir Dr Allem, ajoutant : \u00ab\u00a0Nous avons obtenu l&rsquo;accord de l&rsquo;Universit\u00e9 1 d&rsquo;Oran pour \u00e9tablir une convention de partenariat en vue de l&rsquo;organisation d&rsquo;\u00e9v\u00e8nements scientifiques en relation avec la m\u00e9decine sportive. Nous nous sommes mis d&rsquo;accord \u00e9galement pour cr\u00e9er une commission mixte charg\u00e9e d&rsquo;organiser diverses activit\u00e9s scientifiques\u00a0\u00bb.<\/p>\n<p>Le pr\u00e9sident de l&rsquo;ANAMS a indiqu\u00e9 que l&rsquo;association qu&rsquo;il dirige comprend \u00e9galement une commission qu&rsquo;il a qualifi\u00e9e d'\u00a0\u00bbimportante\u00a0\u00bb, \u00e0 savoir la commission \u00ab\u00a0Sant\u00e9 et hygi\u00e8ne des athl\u00e8tes de haut niveau\u00a0\u00bb, laquelle est pr\u00e9sid\u00e9e par la championne de karat\u00e9 en Kata, Kamelia Hadj Sa\u00efd.\u00a0\u00a0<\/p>\n<p>Parmi les nombreux objectifs de l&rsquo;ANAMS, figure notamment la participation et la contribution aux activit\u00e9s scientifiques et sportives au niveau local, national ou international lorsque la n\u00e9cessit\u00e9 l&rsquo;exige. \u00ab\u00a0L&rsquo;association vise \u00e9galement \u00e0 organiser des conf\u00e9rences scientifiques et manifestations sportives \u00e0 m\u00eame de contribuer \u00e0 l&rsquo;enrichissement des connaissances li\u00e9es \u00e0 la m\u00e9decine sportive\u00a0\u00bb, a pr\u00e9cis\u00e9 la m\u00eame source.<\/p>\n<p>Selon son pr\u00e9sident, l&rsquo;ANAMS demeure \u00ab\u00a0ouverte et dispos\u00e9e \u00e0 toute coop\u00e9ration avec les collectivit\u00e9s locales et institutions de la soci\u00e9t\u00e9 civile, dans le domaine de la m\u00e9decine du sport. Elle se veut \u00e9galement un apport aux athl\u00e8tes dans l&rsquo;accomplissement de leur activit\u00e9 sportive et dans le contr\u00f4le de leur sant\u00e9\u00a0\u00bb.<\/p>\n<\/div>\n<p>Auteur:<br \/>\n<a href=\"http:\/\/www.aps.dz\/sport\/110590-l-association-algerienne-de-medecine-sportive-integre-l-union-arabe?utm_source=feedburner&#038;utm_medium=feed&#038;utm_campaign=Feed%3A+aps-sport+%28APS+-+SPORT%29\">Cliquez ici pour lire l&rsquo;article depuis sa source.<\/a><\/p>\n","protected":false},"excerpt":{"rendered":"<p>ALGER &#8211; L&rsquo;Association alg\u00e9rienne de m\u00e9decine sportive (ANAMS), cr\u00e9\u00e9e en f\u00e9vrier 2019, a officiellement int\u00e9gr\u00e9 l&rsquo;Union arabe de la sp\u00e9cialit\u00e9, a appris l&rsquo;APS lundi aupr\u00e8s du pr\u00e9sident de l&rsquo;institution alg\u00e9rienne, Hicham Allem. \u00ab\u00a0L&rsquo;Union arabe de m\u00e9decine sportive nous a confirm\u00e9 l&rsquo;acceptation de notre demande d&rsquo;adh\u00e9sion. Nous en sommes satisfaits. Nous f\u00e9licitons pour cela l&rsquo;ensemble des [&hellip;]<\/p>\n","protected":false},"author":1790,"featured_media":0,"comment_status":"closed","ping_status":"closed","sticky":false,"template":"","format":"standard","meta":{"fifu_image_url":"","fifu_image_alt":"","footnotes":""},"categories":[53,75],"tags":[],"class_list":["post-100884","post","type-post","status-publish","format-standard","hentry","category-algerie","category-sport"],"_links":{"self":[{"href":"https:\/\/linitiative.ca\/International\/wp-json\/wp\/v2\/posts\/100884","targetHints":{"allow":["GET"]}}],"collection":[{"href":"https:\/\/linitiative.ca\/International\/wp-json\/wp\/v2\/posts"}],"about":[{"href":"https:\/\/linitiative.ca\/International\/wp-json\/wp\/v2\/types\/post"}],"author":[{"embeddable":true,"href":"https:\/\/linitiative.ca\/International\/wp-json\/wp\/v2\/users\/1790"}],"replies":[{"embeddable":true,"href":"https:\/\/linitiative.ca\/International\/wp-json\/wp\/v2\/comments?post=100884"}],"version-history":[{"count":0,"href":"https:\/\/linitiative.ca\/International\/wp-json\/wp\/v2\/posts\/100884\/revisions"}],"wp:attachment":[{"href":"https:\/\/linitiative.ca\/International\/wp-json\/wp\/v2\/media?parent=100884"}],"wp:term":[{"taxonomy":"category","embeddable":true,"href":"https:\/\/linitiative.ca\/International\/wp-json\/wp\/v2\/categories?post=100884"},{"taxonomy":"post_tag","embeddable":true,"href":"https:\/\/linitiative.ca\/International\/wp-json\/wp\/v2\/tags?post=100884"}],"curies":[{"name":"wp","href":"https:\/\/api.w.org\/{rel}","templated":true}]}}