{"id":100888,"date":"2020-10-05T11:08:00","date_gmt":"2020-10-05T15:08:00","guid":{"rendered":"https:\/\/linitiative.ca\/International\/cap-ivi-benabdelmalek-ramdane-les-jeunes-interdits-dacces-a-la-foret\/"},"modified":"2020-10-05T11:08:00","modified_gmt":"2020-10-05T15:08:00","slug":"cap-ivi-benabdelmalek-ramdane-les-jeunes-interdits-dacces-a-la-foret","status":"publish","type":"post","link":"https:\/\/linitiative.ca\/International\/cap-ivi-benabdelmalek-ramdane-les-jeunes-interdits-dacces-a-la-foret\/","title":{"rendered":"CAP IVI (BENABDELMALEK RAMDANE) : Les jeunes interdits d\u2019acc\u00e8s \u00e0 la for\u00eat"},"content":{"rendered":"<p><br id=\"sep_para_1\" class=\"sep_para access\"\/><\/p>\n<div id=\"para_1\" class=\"para_38885195 resize\">\n<div class=\"photo shadow left\"><a href=\"javascript:void(0)\" rel=\"https:\/\/www.reflexiondz.net\/photo\/art\/grande\/50347770-38885195.jpg?v=1601913567&amp;ibox\" title=\"CAP IVI (BENABDELMALEK RAMDANE) : Les jeunes interdits d\u2019acc\u00e8s \u00e0 la for\u00eat\"><img decoding=\"async\" class=\"responsive c9\" src=\"https:\/\/www.reflexiondz.net\/photo\/art\/grande\/50347770-38885195.jpg?v=1601913567\" alt=\"CAP IVI (BENABDELMALEK RAMDANE) : Les jeunes interdits d\u2019acc\u00e8s \u00e0 la for\u00eat\" title=\"CAP IVI (BENABDELMALEK RAMDANE) : Les jeunes interdits d\u2019acc\u00e8s \u00e0 la for\u00eat\"\/><img decoding=\"async\" class=\"not-responsive\" src=\"https:\/\/www.reflexiondz.net\/photo\/art\/default\/50347770-38885195.jpg?v=1601913569\" alt=\"CAP IVI (BENABDELMALEK RAMDANE) : Les jeunes interdits d\u2019acc\u00e8s \u00e0 la for\u00eat\" title=\"CAP IVI (BENABDELMALEK RAMDANE) : Les jeunes interdits d\u2019acc\u00e8s \u00e0 la for\u00eat\"\/><\/a><\/div>\n<div class=\"texte access firstletter\">Dans leur courrier, il est \u00e9crit que dans le cadre de ses activit\u00e9s, ladite association est habitu\u00e9e \u00e0 programmer des randonn\u00e9es et promenades pour les jeunes, un peu partout et tr\u00e8s particuli\u00e8rement dans la for\u00eat de Benabdelmalek Ramdane situ\u00e9e \u00e0 une trentaine de kilom\u00e8tres du chef-lieu de la wilaya de Mostaganem.\u00a0 En effet, au niveau de cette for\u00eat,\u00a0 il y a un investisseur qui a b\u00e9n\u00e9fici\u00e9 d\u2019une concession de 17 hectares. Cependant, ce dernier qui a mis main basse sur l\u2019ensemble de la for\u00eat a ferm\u00e9 tous les acc\u00e8s ne laissant qu\u2019une seule entr\u00e9e, permettant au visiteur d\u2019y p\u00e9n\u00e9trer, moyennant une somme d\u2019argent fix\u00e9e \u00e0 300 dinars pour les v\u00e9hicules et 100 dinars pour les pi\u00e9tons.\u00a0 M\u00eame les enfants \u00e2g\u00e9s de 6 et 7 ans se voient imposer le payement de 100 dinars. P\u00e9nalis\u00e9s, les responsables de cette association\u00a0 s\u2019interrogent et se demandent comment se fait-il que cet investisseur a mis main basse sur toute la for\u00eat, alors qu\u2019il n\u2019a b\u00e9n\u00e9fici\u00e9 que de 17 hectares de for\u00eat. ?\u00a0 Devant cet\u00a0 \u00e9tat de fait, l\u2019Association demande l\u2019ouverture d\u2019un acc\u00e8s (C\u00f4t\u00e9 Est de la for\u00eat), pour la poursuite de ses activit\u00e9s\u00a0 dans le cadre des randonn\u00e9es, et ce afin de permettre aux jeunes de mieux connaitre l\u2019environnement de ces espaces naturels et \u00e0 les respecter.<\/div>\n<\/div>\n<p>Auteur: Smain<br \/>\n<a href=\"https:\/\/www.reflexiondz.net\/CAP-IVI-BENABDELMALEK-RAMDANE-Les-jeunes-interdits-d-acces-a-la-foret_a65601.html\">Cliquez ici pour lire l&rsquo;article depuis sa source.<\/a><\/p>\n","protected":false},"excerpt":{"rendered":"<p>Dans leur courrier, il est \u00e9crit que dans le cadre de ses activit\u00e9s, ladite association est habitu\u00e9e \u00e0 programmer des randonn\u00e9es et promenades pour les jeunes, un peu partout et tr\u00e8s particuli\u00e8rement dans la for\u00eat de Benabdelmalek Ramdane situ\u00e9e \u00e0 une trentaine de kilom\u00e8tres du chef-lieu de la wilaya de Mostaganem.\u00a0 En effet, au niveau [&hellip;]<\/p>\n","protected":false},"author":1740,"featured_media":0,"comment_status":"closed","ping_status":"closed","sticky":false,"template":"","format":"standard","meta":{"fifu_image_url":"","fifu_image_alt":"","footnotes":""},"categories":[53,76],"tags":[],"class_list":["post-100888","post","type-post","status-publish","format-standard","hentry","category-algerie","category-regions"],"_links":{"self":[{"href":"https:\/\/linitiative.ca\/International\/wp-json\/wp\/v2\/posts\/100888","targetHints":{"allow":["GET"]}}],"collection":[{"href":"https:\/\/linitiative.ca\/International\/wp-json\/wp\/v2\/posts"}],"about":[{"href":"https:\/\/linitiative.ca\/International\/wp-json\/wp\/v2\/types\/post"}],"author":[{"embeddable":true,"href":"https:\/\/linitiative.ca\/International\/wp-json\/wp\/v2\/users\/1740"}],"replies":[{"embeddable":true,"href":"https:\/\/linitiative.ca\/International\/wp-json\/wp\/v2\/comments?post=100888"}],"version-history":[{"count":0,"href":"https:\/\/linitiative.ca\/International\/wp-json\/wp\/v2\/posts\/100888\/revisions"}],"wp:attachment":[{"href":"https:\/\/linitiative.ca\/International\/wp-json\/wp\/v2\/media?parent=100888"}],"wp:term":[{"taxonomy":"category","embeddable":true,"href":"https:\/\/linitiative.ca\/International\/wp-json\/wp\/v2\/categories?post=100888"},{"taxonomy":"post_tag","embeddable":true,"href":"https:\/\/linitiative.ca\/International\/wp-json\/wp\/v2\/tags?post=100888"}],"curies":[{"name":"wp","href":"https:\/\/api.w.org\/{rel}","templated":true}]}}