{"id":100889,"date":"2020-10-05T11:08:00","date_gmt":"2020-10-05T15:08:00","guid":{"rendered":"https:\/\/linitiative.ca\/International\/la-defense-de-khalida-toumi-ecrit-au-president\/"},"modified":"2020-10-05T11:08:00","modified_gmt":"2020-10-05T15:08:00","slug":"la-defense-de-khalida-toumi-ecrit-au-president","status":"publish","type":"post","link":"https:\/\/linitiative.ca\/International\/la-defense-de-khalida-toumi-ecrit-au-president\/","title":{"rendered":"La d\u00e9fense de Khalida  Toumi \u00e9crit au Pr\u00e9sident"},"content":{"rendered":"<p><br id=\"sep_para_1\" class=\"sep_para access\"\/><\/p>\n<div id=\"para_1\" class=\"para_38885283 resize\">\n<div class=\"texte access firstletter\">Dans une lettre adress\u00e9e au chef de l\u2019Etat Abdelmadjid Tebboune, le 29 ao\u00fbt dernier et publi\u00e9e\u00a0 ce dimanche 04 octobre, le collectif de la d\u00e9fense de l\u2019ancienne ministre la culture, Khalida Toumi, a lanc\u00e9 un appel \u00e0 \u00ab pr\u00e9server les droits de la prisonni\u00e8re \u00bb. La d\u00e9fense a demand\u00e9 en principe d\u2019appliquer l\u2019article 125 de code de proc\u00e9dure p\u00e9nale. \u00ab Il est regrettable que le conseiller instructeur de la cour supr\u00eame ait agi en violation de l\u2019article 125 du code de proc\u00e9dure p\u00e9nale. Il aurait d\u00fb g\u00e9rer et cl\u00f4turer le dossier dans les d\u00e9lais prescrits \u00bb, lit-on dans la lettre rapport\u00e9e par le quotidien Libert\u00e9. Dans leur lettre, les avocats on expliqu\u00e9 le contexte et les circonstances sociales et politiques de l\u2019\u00e9poque. Ils d\u00e9notent que les \u00e9v\u00e9nements objets des poursuites contre leur cliente \u00ab ne sont pas des \u00e9v\u00e9nements ordinaires et que les aspects politiques, de propagande de l\u2019image de marque de l\u2019\u00e9tat son pr\u00e9dominants. En cons\u00e9quence, les voies et moyens de r\u00e9alisation et concr\u00e9tisation de ces \u00e9l\u00e9ments diff\u00e8rent de la gestion ordinaire \u00bb.<\/div>\n<\/div>\n<p>Auteur: R\u00e9flexion<br \/>\n<a href=\"https:\/\/www.reflexiondz.net\/La-defense-de-Khalida-Toumi-ecrit-au-President_a65615.html\">Cliquez ici pour lire l&rsquo;article depuis sa source.<\/a><\/p>\n","protected":false},"excerpt":{"rendered":"<p>Dans une lettre adress\u00e9e au chef de l\u2019Etat Abdelmadjid Tebboune, le 29 ao\u00fbt dernier et publi\u00e9e\u00a0 ce dimanche 04 octobre, le collectif de la d\u00e9fense de l\u2019ancienne ministre la culture, Khalida Toumi, a lanc\u00e9 un appel \u00e0 \u00ab pr\u00e9server les droits de la prisonni\u00e8re \u00bb. La d\u00e9fense a demand\u00e9 en principe d\u2019appliquer l\u2019article 125 de [&hellip;]<\/p>\n","protected":false},"author":1740,"featured_media":0,"comment_status":"closed","ping_status":"closed","sticky":false,"template":"","format":"standard","meta":{"fifu_image_url":"","fifu_image_alt":"","footnotes":""},"categories":[53,76],"tags":[],"class_list":["post-100889","post","type-post","status-publish","format-standard","hentry","category-algerie","category-regions"],"_links":{"self":[{"href":"https:\/\/linitiative.ca\/International\/wp-json\/wp\/v2\/posts\/100889","targetHints":{"allow":["GET"]}}],"collection":[{"href":"https:\/\/linitiative.ca\/International\/wp-json\/wp\/v2\/posts"}],"about":[{"href":"https:\/\/linitiative.ca\/International\/wp-json\/wp\/v2\/types\/post"}],"author":[{"embeddable":true,"href":"https:\/\/linitiative.ca\/International\/wp-json\/wp\/v2\/users\/1740"}],"replies":[{"embeddable":true,"href":"https:\/\/linitiative.ca\/International\/wp-json\/wp\/v2\/comments?post=100889"}],"version-history":[{"count":0,"href":"https:\/\/linitiative.ca\/International\/wp-json\/wp\/v2\/posts\/100889\/revisions"}],"wp:attachment":[{"href":"https:\/\/linitiative.ca\/International\/wp-json\/wp\/v2\/media?parent=100889"}],"wp:term":[{"taxonomy":"category","embeddable":true,"href":"https:\/\/linitiative.ca\/International\/wp-json\/wp\/v2\/categories?post=100889"},{"taxonomy":"post_tag","embeddable":true,"href":"https:\/\/linitiative.ca\/International\/wp-json\/wp\/v2\/tags?post=100889"}],"curies":[{"name":"wp","href":"https:\/\/api.w.org\/{rel}","templated":true}]}}