{"id":100890,"date":"2020-10-05T11:08:00","date_gmt":"2020-10-05T15:08:00","guid":{"rendered":"https:\/\/linitiative.ca\/International\/adrar-67-operations-de-police-au-cours-du-mois-de-septembre\/"},"modified":"2020-10-05T11:08:00","modified_gmt":"2020-10-05T15:08:00","slug":"adrar-67-operations-de-police-au-cours-du-mois-de-septembre","status":"publish","type":"post","link":"https:\/\/linitiative.ca\/International\/adrar-67-operations-de-police-au-cours-du-mois-de-septembre\/","title":{"rendered":"ADRAR : 67 op\u00e9rations  de police au cours du mois de septembre"},"content":{"rendered":"<p><br id=\"sep_para_1\" class=\"sep_para access\"\/><\/p>\n<div id=\"para_1\" class=\"para_38885173 resize\">\n<div class=\"texte access firstletter\">Afin de pr\u00e9server la s\u00e9curit\u00e9 des citoyens et de leurs biens et dans le cadre de la lutte contre la criminalit\u00e9 de toutes sortes dans la zone urbaine, les forces de police relevant de la s\u00fbret\u00e9 de wilaya d\u2019Adrar\u00a0 ont commenc\u00e9 la s\u00e9curit\u00e9 de l\u2019\u00c9tat d\u2019Adrar, ainsi que celles des diff\u00e9rentes da\u00efras ont entrepris d&rsquo;importantes op\u00e9rations de s\u00e9curit\u00e9\u00a0 ciblant les points noirs et les lieux suspects, et ce au cours du mois de septembre 2020, o\u00f9 plus de 67 op\u00e9rations de police ont \u00e9t\u00e9 enregistr\u00e9es \u00e0 cet \u00e9gard. Les op\u00e9rations auxquelles ont \u00e9t\u00e9 mobilis\u00e9es toutes les ressources mat\u00e9rielles et humaines, comprenaient l\u2019\u00e9laboration d\u2019un plan de s\u00e9curit\u00e9 sp\u00e9cial par lequel des situations de s\u00e9curit\u00e9 ont \u00e9t\u00e9 effectu\u00e9es ainsi que des barrages de contr\u00f4le s\u00e9curitaire au niveau des routes nationales et des chemins de wilaya ainsi que des routes secondaires au niveau de la ville d\u2019Adrar et au niveau des da\u00efras. C&rsquo;est ainsi que plusieurs patrouilles ont eu lieu\u00a0 au niveau des lieux suspects connus pour \u00eatre\u00a0 fr\u00e9quent\u00e9s par des repris de justice. Ces efforts d\u00e9ploy\u00e9s ont permis le contr\u00f4le et la fouille de divers v\u00e9hicules, ainsi que l&rsquo;examen de l\u2019identit\u00e9 de 1.108 suspects parmi lesquels, figuraient 5 personnes\u00a0 faisant l\u2019objet d\u2019un mandat et d&rsquo;une ordonnance du tribunal. Quelque 976 v\u00e9hicules ont fait l&rsquo;objet de contr\u00f4les de s\u00e9curit\u00e9, dont un certain nombre ont \u00e9t\u00e9 soumis au contr\u00f4le par panneau \u00e9lectronique, en plus de la lib\u00e9ration de 19 infractions et infractions routi\u00e8res.\u00a0\u00a0\u00a0\u00a0\u00a0\u00a0\u00a0\u00a0\u00a0\u00a0\u00a0\u00a0\u00a0\u00a0\u00a0\u00a0\u00a0\u00a0\u00a0<\/div>\n<\/div>\n<p>Auteur: Ahmed Messaoud<br \/>\n<a href=\"https:\/\/www.reflexiondz.net\/ADRAR-67-operations-de-police-au-cours-du-mois-de-septembre_a65597.html\">Cliquez ici pour lire l&rsquo;article depuis sa source.<\/a><\/p>\n","protected":false},"excerpt":{"rendered":"<p>Afin de pr\u00e9server la s\u00e9curit\u00e9 des citoyens et de leurs biens et dans le cadre de la lutte contre la criminalit\u00e9 de toutes sortes dans la zone urbaine, les forces de police relevant de la s\u00fbret\u00e9 de wilaya d\u2019Adrar\u00a0 ont commenc\u00e9 la s\u00e9curit\u00e9 de l\u2019\u00c9tat d\u2019Adrar, ainsi que celles des diff\u00e9rentes da\u00efras ont entrepris d&rsquo;importantes [&hellip;]<\/p>\n","protected":false},"author":1740,"featured_media":0,"comment_status":"closed","ping_status":"closed","sticky":false,"template":"","format":"standard","meta":{"fifu_image_url":"","fifu_image_alt":"","footnotes":""},"categories":[53,76],"tags":[],"class_list":["post-100890","post","type-post","status-publish","format-standard","hentry","category-algerie","category-regions"],"_links":{"self":[{"href":"https:\/\/linitiative.ca\/International\/wp-json\/wp\/v2\/posts\/100890","targetHints":{"allow":["GET"]}}],"collection":[{"href":"https:\/\/linitiative.ca\/International\/wp-json\/wp\/v2\/posts"}],"about":[{"href":"https:\/\/linitiative.ca\/International\/wp-json\/wp\/v2\/types\/post"}],"author":[{"embeddable":true,"href":"https:\/\/linitiative.ca\/International\/wp-json\/wp\/v2\/users\/1740"}],"replies":[{"embeddable":true,"href":"https:\/\/linitiative.ca\/International\/wp-json\/wp\/v2\/comments?post=100890"}],"version-history":[{"count":0,"href":"https:\/\/linitiative.ca\/International\/wp-json\/wp\/v2\/posts\/100890\/revisions"}],"wp:attachment":[{"href":"https:\/\/linitiative.ca\/International\/wp-json\/wp\/v2\/media?parent=100890"}],"wp:term":[{"taxonomy":"category","embeddable":true,"href":"https:\/\/linitiative.ca\/International\/wp-json\/wp\/v2\/categories?post=100890"},{"taxonomy":"post_tag","embeddable":true,"href":"https:\/\/linitiative.ca\/International\/wp-json\/wp\/v2\/tags?post=100890"}],"curies":[{"name":"wp","href":"https:\/\/api.w.org\/{rel}","templated":true}]}}