{"id":100891,"date":"2020-10-05T07:39:00","date_gmt":"2020-10-05T11:39:00","guid":{"rendered":"https:\/\/linitiative.ca\/International\/lubci-poursuit-ses-actions-de-lutte-contre-labandon-scolaire\/"},"modified":"2020-10-05T07:39:00","modified_gmt":"2020-10-05T11:39:00","slug":"lubci-poursuit-ses-actions-de-lutte-contre-labandon-scolaire","status":"publish","type":"post","link":"https:\/\/linitiative.ca\/International\/lubci-poursuit-ses-actions-de-lutte-contre-labandon-scolaire\/","title":{"rendered":"L\u2019UBCI poursuit ses actions de lutte contre l\u2019abandon scolaire"},"content":{"rendered":"<p>Comme chaque ann\u00e9e, l\u2019UBCI a marqu\u00e9 la rentr\u00e9e scolaire de son engagement dans l\u2019\u00e9ducation.<\/p>\n<p>Cette d\u00e9marche s\u2019inscrit dans une volont\u00e9 constante de lutter contre l&rsquo;abandon scolaire en milieu d\u00e9favoris\u00e9 et d\u00e9velopper un cadre \u00e9ducatif digne pour des enfants jouissant de peu de perspectives d\u2019avenir.<\/p>\n<p>La rentr\u00e9e scolaire est devenue un RDV incontournable, pour l\u2019UBCI et plus particuli\u00e8rement pour les collaborateurs de la banque, gr\u00e2ce \u00e0 leur adh\u00e9sion en tant que B\u00e9n\u00e9voles et donateurs.<\/p>\n<p>Plusieurs op\u00e9rations solidaires ont \u00e9t\u00e9 organis\u00e9es au profit de l\u2019\u00e9cole primaire de Thala (Gouvernorat du Kef) en collaboration avec l\u2019association \u00ab Un enfant des sourires \u00bb et l\u2019\u00e9cole primaire de Bni Mar (Gouvernorat de Zaghouan) en collaboration avec l\u2019association \u00ab Rotaract Les Berges du Lac\u00bb.<\/p>\n<p class=\"c2\"><img decoding=\"async\" src=\"\/uploads\/FCK_files\/_U7A3447.jpg\" width=\"100%\" vspace=\"5\" hspace=\"5\" align=\"middle\" alt=\"\"\/><\/p>\n<p>L&rsquo;UBCI a distribu\u00e9 plusieurs centaines de cartables avec manuels scolaires, cahiers et trousses.Une fois de plus, la joie des enfants ne peut se traduire par un discours, outre l\u2019image grav\u00e9e de l\u2019accueil chaleureux des \u00e9coliers, des parents et des enseignants.<\/p>\n<p>Ces op\u00e9rations d\u00e9sormais r\u00e9currentes constituent pour l\u2019UBCI une mani\u00e8re de marquer son engagement social aupr\u00e8s d\u2019une population fragilis\u00e9e par la pr\u00e9carit\u00e9, qui n\u2019en reste pas moins l\u2019avenir de la Tunisie.<\/p>\n<p>Auteur:<br \/>\n<a href=\"https:\/\/www.leaders.com.tn\/article\/30688-l-ubci-poursuit-ses-actions-de-lutte-contre-l-abandon-scolaire\">Cliquez ici pour lire l&rsquo;article depuis sa source.<\/a><\/p>\n","protected":false},"excerpt":{"rendered":"<p>Comme chaque ann\u00e9e, l\u2019UBCI a marqu\u00e9 la rentr\u00e9e scolaire de son engagement dans l\u2019\u00e9ducation. Cette d\u00e9marche s\u2019inscrit dans une volont\u00e9 constante de lutter contre l&rsquo;abandon scolaire en milieu d\u00e9favoris\u00e9 et d\u00e9velopper un cadre \u00e9ducatif digne pour des enfants jouissant de peu de perspectives d\u2019avenir. La rentr\u00e9e scolaire est devenue un RDV incontournable, pour l\u2019UBCI et [&hellip;]<\/p>\n","protected":false},"author":1772,"featured_media":100892,"comment_status":"closed","ping_status":"closed","sticky":false,"template":"","format":"standard","meta":{"fifu_image_url":"","fifu_image_alt":"","footnotes":""},"categories":[73,55],"tags":[],"class_list":["post-100891","post","type-post","status-publish","format-standard","has-post-thumbnail","hentry","category-actualite","category-tunisie"],"_links":{"self":[{"href":"https:\/\/linitiative.ca\/International\/wp-json\/wp\/v2\/posts\/100891","targetHints":{"allow":["GET"]}}],"collection":[{"href":"https:\/\/linitiative.ca\/International\/wp-json\/wp\/v2\/posts"}],"about":[{"href":"https:\/\/linitiative.ca\/International\/wp-json\/wp\/v2\/types\/post"}],"author":[{"embeddable":true,"href":"https:\/\/linitiative.ca\/International\/wp-json\/wp\/v2\/users\/1772"}],"replies":[{"embeddable":true,"href":"https:\/\/linitiative.ca\/International\/wp-json\/wp\/v2\/comments?post=100891"}],"version-history":[{"count":0,"href":"https:\/\/linitiative.ca\/International\/wp-json\/wp\/v2\/posts\/100891\/revisions"}],"wp:featuredmedia":[{"embeddable":true,"href":"https:\/\/linitiative.ca\/International\/wp-json\/"}],"wp:attachment":[{"href":"https:\/\/linitiative.ca\/International\/wp-json\/wp\/v2\/media?parent=100891"}],"wp:term":[{"taxonomy":"category","embeddable":true,"href":"https:\/\/linitiative.ca\/International\/wp-json\/wp\/v2\/categories?post=100891"},{"taxonomy":"post_tag","embeddable":true,"href":"https:\/\/linitiative.ca\/International\/wp-json\/wp\/v2\/tags?post=100891"}],"curies":[{"name":"wp","href":"https:\/\/api.w.org\/{rel}","templated":true}]}}