{"id":100893,"date":"2020-10-05T08:00:00","date_gmt":"2020-10-05T12:00:00","guid":{"rendered":"https:\/\/linitiative.ca\/International\/quatre-jeunes-magistrats-rejoignent-le-tribunal-administratif\/"},"modified":"2020-10-05T08:00:00","modified_gmt":"2020-10-05T12:00:00","slug":"quatre-jeunes-magistrats-rejoignent-le-tribunal-administratif","status":"publish","type":"post","link":"https:\/\/linitiative.ca\/International\/quatre-jeunes-magistrats-rejoignent-le-tribunal-administratif\/","title":{"rendered":"Quatre jeunes magistrats rejoignent le tribunal administratif"},"content":{"rendered":"<p>Ils sont quatre brillants jeunes magistrats, juristes de formation et dipl\u00f4m\u00e9s du cycle sup\u00e9rieur de l\u2019ENA qui viennent de rejoindre le Tribunal administratif. Il s\u2019agit de Farah Mokhtar, Ferid Jebali, Meriem Gafsi et Tasnim Abderrabbeh. Tr\u00e8s \u00e9mus, le regard p\u00e9tillant et l\u2019intelligence vive, ils ont pr\u00eat\u00e9 serment devant le premier pr\u00e9sident du Tribunal, Abdessalem Grissi\u00e2a.<\/p>\n<p class=\"c2\"><strong><a href=\"https:\/\/www.leaders.com.tn\/le_mensuel_abonnez_vous\" target=\"_blank\" rel=\"noopener noreferrer\"><img loading=\"lazy\" decoding=\"async\" src=\"\/uploads\/FCK_files\/Bandeau-Leaders(1).jpg\" alt=\"\" width=\"500\" vspace=\"5\" hspace=\"5\" height=\"128\" align=\"middle\"\/><\/a><\/strong><br \/>\u00a0<\/p>\n<p>Auteur:<br \/>\n<a href=\"https:\/\/www.leaders.com.tn\/article\/30689-quatre-jeunes-magistrats-rejoignent-le-tribunal-administratif\">Cliquez ici pour lire l&rsquo;article depuis sa source.<\/a><\/p>\n","protected":false},"excerpt":{"rendered":"<p>Ils sont quatre brillants jeunes magistrats, juristes de formation et dipl\u00f4m\u00e9s du cycle sup\u00e9rieur de l\u2019ENA qui viennent de rejoindre le Tribunal administratif. Il s\u2019agit de Farah Mokhtar, Ferid Jebali, Meriem Gafsi et Tasnim Abderrabbeh. Tr\u00e8s \u00e9mus, le regard p\u00e9tillant et l\u2019intelligence vive, ils ont pr\u00eat\u00e9 serment devant le premier pr\u00e9sident du Tribunal, Abdessalem Grissi\u00e2a. [&hellip;]<\/p>\n","protected":false},"author":1772,"featured_media":100894,"comment_status":"closed","ping_status":"closed","sticky":false,"template":"","format":"standard","meta":{"fifu_image_url":"","fifu_image_alt":"","footnotes":""},"categories":[73,55],"tags":[],"class_list":["post-100893","post","type-post","status-publish","format-standard","has-post-thumbnail","hentry","category-actualite","category-tunisie"],"_links":{"self":[{"href":"https:\/\/linitiative.ca\/International\/wp-json\/wp\/v2\/posts\/100893","targetHints":{"allow":["GET"]}}],"collection":[{"href":"https:\/\/linitiative.ca\/International\/wp-json\/wp\/v2\/posts"}],"about":[{"href":"https:\/\/linitiative.ca\/International\/wp-json\/wp\/v2\/types\/post"}],"author":[{"embeddable":true,"href":"https:\/\/linitiative.ca\/International\/wp-json\/wp\/v2\/users\/1772"}],"replies":[{"embeddable":true,"href":"https:\/\/linitiative.ca\/International\/wp-json\/wp\/v2\/comments?post=100893"}],"version-history":[{"count":0,"href":"https:\/\/linitiative.ca\/International\/wp-json\/wp\/v2\/posts\/100893\/revisions"}],"wp:featuredmedia":[{"embeddable":true,"href":"https:\/\/linitiative.ca\/International\/wp-json\/"}],"wp:attachment":[{"href":"https:\/\/linitiative.ca\/International\/wp-json\/wp\/v2\/media?parent=100893"}],"wp:term":[{"taxonomy":"category","embeddable":true,"href":"https:\/\/linitiative.ca\/International\/wp-json\/wp\/v2\/categories?post=100893"},{"taxonomy":"post_tag","embeddable":true,"href":"https:\/\/linitiative.ca\/International\/wp-json\/wp\/v2\/tags?post=100893"}],"curies":[{"name":"wp","href":"https:\/\/api.w.org\/{rel}","templated":true}]}}