{"id":100895,"date":"2020-10-05T08:37:00","date_gmt":"2020-10-05T12:37:00","guid":{"rendered":"https:\/\/linitiative.ca\/International\/tourisme-et-artisanat-prorogation-de-la-periode-de-report-des-echeances-des-credits-a-fin-septembre-2021\/"},"modified":"2020-10-05T08:37:00","modified_gmt":"2020-10-05T12:37:00","slug":"tourisme-et-artisanat-prorogation-de-la-periode-de-report-des-echeances-des-credits-a-fin-septembre-2021","status":"publish","type":"post","link":"https:\/\/linitiative.ca\/International\/tourisme-et-artisanat-prorogation-de-la-periode-de-report-des-echeances-des-credits-a-fin-septembre-2021\/","title":{"rendered":"Tourisme et artisanat : prorogation de la p\u00e9riode de report des \u00e9ch\u00e9ances des cr\u00e9dits   \u00e0 fin septembre 2021"},"content":{"rendered":"<p>Du fait que la reprise de l\u2019activit\u00e9 des secteurs du tourisme et de l\u2019artisanat n\u00e9cessitera une p\u00e9riode plus longue compte tenu de la poursuite des r\u00e9percussions de la pand\u00e9mie du Covid, la BCT a publi\u00e9, aujourd\u2019hui 5 octobre 2020, <a href=\"\/uploads\/FCK_files\/Cir_2020_19_ar%20(1).pdf\" target=\"_blank\" rel=\"noopener noreferrer\">une circulaire<\/a> aux banques et aux \u00e9tablissements financiers qui pr\u00e9voit la prorogation de la p\u00e9riode de report \u00e0 la fin septembre 2021 (contre fin septembre 2020 initialement) et ce, pour les \u00e9ch\u00e9ances des cr\u00e9dits obtenus par les entreprises et les professionnels op\u00e9rant dans les secteurs du tourisme et de l\u2019artisanat, y compris les soci\u00e9t\u00e9s de gestion touristique.<\/p>\n<p>Par ailleurs, pour garantir la coh\u00e9rence entre la circulaire de la BCT n\u00b02020-12 qui stipule que les cr\u00e9dits exceptionnels sont accord\u00e9s jusqu\u2019\u00e0 fin d\u00e9cembre 2020 et le D\u00e9cret-loi du chef du Gouvernement\u00a0 n\u00b02020-22 qui a fix\u00e9, au 31 mars 2021, le d\u00e9lai maximal pour accorder des cr\u00e9dits exceptionnels au profit des entreprises et des professionnels op\u00e9rant dans les secteurs du tourisme et de l\u2019artisanat, y compris les soci\u00e9t\u00e9s de gestion touristique, la nouvelle circulaire a \u00e9galement pr\u00e9vu la prorogation \u00e0 la fin mars 2021 du d\u00e9lai d\u2019octroi des financements exceptionnels et ce, pour les entreprises et les professionnels op\u00e9rant dans les secteurs du tourisme et de l\u2019artisanat, y compris les soci\u00e9t\u00e9s de gestion touristique et l\u2019acceptation de ces financements comme contrepartie aux op\u00e9rations de refinancement sur le march\u00e9 mon\u00e9taire.<\/p>\n<p>Auteur:<br \/>\n<a href=\"https:\/\/www.leaders.com.tn\/article\/30690-tourisme-et-artisanat-prorogation-de-la-periode-de-report-des-echeances-des-credits-a-fin-septembre-2021\">Cliquez ici pour lire l&rsquo;article depuis sa source.<\/a><\/p>\n","protected":false},"excerpt":{"rendered":"<p>Du fait que la reprise de l\u2019activit\u00e9 des secteurs du tourisme et de l\u2019artisanat n\u00e9cessitera une p\u00e9riode plus longue compte tenu de la poursuite des r\u00e9percussions de la pand\u00e9mie du Covid, la BCT a publi\u00e9, aujourd\u2019hui 5 octobre 2020, une circulaire aux banques et aux \u00e9tablissements financiers qui pr\u00e9voit la prorogation de la p\u00e9riode de [&hellip;]<\/p>\n","protected":false},"author":1772,"featured_media":0,"comment_status":"closed","ping_status":"closed","sticky":false,"template":"","format":"standard","meta":{"fifu_image_url":"","fifu_image_alt":"","footnotes":""},"categories":[73,55],"tags":[],"class_list":["post-100895","post","type-post","status-publish","format-standard","hentry","category-actualite","category-tunisie"],"_links":{"self":[{"href":"https:\/\/linitiative.ca\/International\/wp-json\/wp\/v2\/posts\/100895","targetHints":{"allow":["GET"]}}],"collection":[{"href":"https:\/\/linitiative.ca\/International\/wp-json\/wp\/v2\/posts"}],"about":[{"href":"https:\/\/linitiative.ca\/International\/wp-json\/wp\/v2\/types\/post"}],"author":[{"embeddable":true,"href":"https:\/\/linitiative.ca\/International\/wp-json\/wp\/v2\/users\/1772"}],"replies":[{"embeddable":true,"href":"https:\/\/linitiative.ca\/International\/wp-json\/wp\/v2\/comments?post=100895"}],"version-history":[{"count":0,"href":"https:\/\/linitiative.ca\/International\/wp-json\/wp\/v2\/posts\/100895\/revisions"}],"wp:attachment":[{"href":"https:\/\/linitiative.ca\/International\/wp-json\/wp\/v2\/media?parent=100895"}],"wp:term":[{"taxonomy":"category","embeddable":true,"href":"https:\/\/linitiative.ca\/International\/wp-json\/wp\/v2\/categories?post=100895"},{"taxonomy":"post_tag","embeddable":true,"href":"https:\/\/linitiative.ca\/International\/wp-json\/wp\/v2\/tags?post=100895"}],"curies":[{"name":"wp","href":"https:\/\/api.w.org\/{rel}","templated":true}]}}