{"id":100898,"date":"2020-10-05T13:38:00","date_gmt":"2020-10-05T17:38:00","guid":{"rendered":"https:\/\/linitiative.ca\/International\/a-propos-des-masques-lavables-et-leur-efficacite-dans-la-lutte-contre-la-covid-19\/"},"modified":"2020-10-05T13:38:00","modified_gmt":"2020-10-05T17:38:00","slug":"a-propos-des-masques-lavables-et-leur-efficacite-dans-la-lutte-contre-la-covid-19","status":"publish","type":"post","link":"https:\/\/linitiative.ca\/International\/a-propos-des-masques-lavables-et-leur-efficacite-dans-la-lutte-contre-la-covid-19\/","title":{"rendered":"A propos des masques lavables et leur efficacit\u00e9 dans la lutte contre la Covid-19"},"content":{"rendered":"<p><span class=\"c3\"><span class=\"c2\"><em><strong><img decoding=\"async\" src=\"\/uploads\/FCK_files\/BergaouiRidha.jpg\" alt=\"\" width=\"20%\" vspace=\"5\" hspace=\"5\" align=\"left\"\/>Par Pr\u00a0 Ridha Bergaoui &#8211;<\/strong><\/em><\/span><\/span> Afin de contrer la propagation de la pand\u00e9mie Covid-19, des mesures sanitaires sont recommand\u00e9es par l\u2019ensemble des autorit\u00e9s m\u00e9dicales. Il s\u2019agit essentiellement du lavage fr\u00e9quent des mains, de la distanciation sociale et du port d\u2019un masque de protection ou bavette.<\/p>\n<p>En Tunisie, comme dans de nombreux autres pays, le port du masque est obligatoire. Un arr\u00eat\u00e9 du Minist\u00e8re de la sant\u00e9 oblige le citoyen \u00e0 porter le masque surtout dans les lieux publics et les espaces ferm\u00e9s comme les h\u00f4pitaux, les \u00e9tablissements de formation, les moyens de transport, les centres commerciaux&#8230; Tout contrevenant risque de s\u2019exposer\u00a0 \u00e0 des sanctions allant d\u2019une simple amande \u00e0 des peines de prison.<\/p>\n<p><span class=\"c5\"><span class=\"c4\"><strong>Le masque doit prot\u00e9ger et constituer une barri\u00e8re contre le virus<\/strong><\/span><\/span><\/p>\n<p>Dans le cadre de la lutte contre la pand\u00e9mie Covid-19, trois types de masques sont utilis\u00e9s: le masque chirurgical, le masque FFP2 et le masque en tissu lavable. Le masque chirurgical est surtout utilis\u00e9 par les malades pour \u00e9viter d\u2019\u00e9mettre des gouttelettes du virus et contaminer les surfaces et les personnes se trouvant tout autour. Le masque FFP2 est utilis\u00e9 surtout par le personnel m\u00e9dical pour filtrer l\u2019air et \u00e9viter la contamination par les malades. Ces deux types de masque sont \u00e0 usage unique et ne doivent pas \u00eatre utilis\u00e9 plus de 8h de suite.<\/p>\n<p>Les masques en tissu sont lavables et peuvent \u00eatre utilis\u00e9s de nombreuses fois\u00a0 conform\u00e9ment aux recommandations du fabricant. Ils sont \u00e9conomiques et sont les plus utilis\u00e9s par le public. Nous nous limiterons dans ce qui suit aux masques en tissu.<\/p>\n<p>Les masques protecteurs\u00a0 doivent r\u00e9pondre \u00e0 des normes bien pr\u00e9cises (comme les normes AFNOR, les plus utilis\u00e9es dans les pays francophones) au niveau de la nature et\u00a0 des caract\u00e9ristiques physiques des mat\u00e9riaux utilis\u00e9s pour leur fabrication. Le respect de ces normes garantit la qualit\u00e9 du masque du point de vue ses pouvoirs de r\u00e9tention des particules microbiennes et le degr\u00e9 de confort de son utilisateur.<\/p>\n<p><span class=\"c5\"><span class=\"c4\"><strong>Des masques lavables de qualit\u00e9 douteuse<\/strong><\/span><\/span><\/p>\n<p>On trouve des masques lavables aussi bien dans le circuit formel que le circuit informel. Les masques commercialis\u00e9s dans les circuits formels en (pharmacies, grandes surfaces\u2026) r\u00e9pondent th\u00e9oriquement aux normes internationales et sont emball\u00e9s dans des emballages individuels.<\/p>\n<p>Toutefois il y a lieu de se demander s\u2019il y a\u00a0 r\u00e9ellement un contr\u00f4le de la qualit\u00e9 de ces masques par les autorit\u00e9s m\u00e9dicales officielles qui doivent garantir \u00e0\u00a0 l\u2019acheteur l\u2019efficacit\u00e9 sanitaire et les caract\u00e9ristiques physique et de durabilit\u00e9 du produit. Ces masques doivent obligatoirement porter au moins les indications suivantes : nom du fabriquant, garantie que le produit r\u00e9pond aux normes AFNOR, les mat\u00e9riaux utilis\u00e9s et le mode d\u2019emploi du masque avec\u00a0 mention du nombre de lavages maximum pr\u00e9conis\u00e9 par le fabricant.<\/p>\n<p>Dans les circuits parall\u00e8les, on trouve des masques (en bec de canard ou \u00e0 plis) align\u00e9s parfois dans des brouettes et sur des \u00e9tals en pleine rue,\u00a0 expos\u00e9s tout le temps\u00a0 \u00e0 la poussi\u00e8re et aux intemp\u00e9ries. On ignore tout de ces bavettes. On ne connait ni o\u00f9 elles ont \u00e9t\u00e9 fabriqu\u00e9es (en Tunisie ou introduits illicitement par la contrebande) avec quels mat\u00e9riaux au juste et\u00a0 comment. Ces bavettes sont manipul\u00e9es par n\u2019importe qui. Tous les passants peuvent les essayer puis les remettre \u00e0 leur place. Ces bavettes peuvent ne pr\u00e9senter aucune efficacit\u00e9 sanitaire contre la covid-19. Elles repr\u00e9sentent un risque d\u2019allergie et autres dangers pour les acheteurs.<\/p>\n<p>D\u2019autres bavettes sont confectionn\u00e9es d\u2019une fa\u00e7on artisanale. Ces bavettes ne respectent aucune norme et ne pr\u00e9sentent aucune garantie pour le citoyen. Ce sont g\u00e9n\u00e9ralement tout juste un bout de tissu dont l\u2019efficacit\u00e9 est bien douteuse.<br \/>Il faut souligner que le port du masque, surtout apr\u00e8s un certain temps, n\u2019est pas commode.\u00a0 On peut avoir la sensation d\u2019\u00e9touffer et de mal respirer. Avec la chaleur estivale, le masque peut entrainer un inconfort thermique et une\u00a0 sensation de chaud et d\u2019humidit\u00e9 sur le visage. Si on porte des lunettes, il y a souvent de la bu\u00e9e qui se forme avec le port de certains masques. Ces probl\u00e8mes sont encore plus prononc\u00e9s lorsque le masque ne r\u00e9pond pas aux normes.\u00a0 Il peut \u00eatre \u00e9galement \u00e0 l\u2019origine d\u2019allergies et de malaises divers.\u00a0<\/p>\n<p>Pour \u00eatre efficaces les masques en tissu, m\u00eame de bonne qualit\u00e9, doivent \u00eatre utilis\u00e9s et manipul\u00e9s par l\u2019utilisateur selon un protocole bien d\u00e9fini. Ce protocole est malheureusement mal connu des usagers dont la plupart ignorent comment mettre correctement un masque et comment l\u2019entretenir.<\/p>\n<p><span class=\"c5\"><span class=\"c4\"><strong>Bien mettre et entretenir son masque<\/strong><\/span><\/span><\/p>\n<p>Porter un masque ne sert \u00e0 rien s\u2019il est mal utilis\u00e9. Il est recommand\u00e9 de se laver les mains avant toute manipulation du masque. Celui-ci doit \u00eatre mis correctement en le portant soigneusement aux oreilles, par les \u00e9lastiques, sans toucher aux surfaces planes. Le masque doit couvrir tout le nez et le dessous du menton. Il est recommand\u00e9 de ne pas le placer sous le nez, sur la t\u00eate ou au dessous du menton. Ne jamais jeter son masque usag\u00e9 en pleine rue car il repr\u00e9sente un s\u00e9rieux risque de contamination.<\/p>\n<p>Afin de d\u00e9truire les germes accumul\u00e9s, le masque en tissu peut \u00eatre lav\u00e9 \u00e0 la main ou \u00e0 la machine. Le lavage se fait avec une eau ti\u00e8de et du savon ou une lessive courante, faire s\u00e9cher le masque \u00e0 l\u2019air, de pr\u00e9f\u00e9rence au soleil. Ne pas utiliser de l\u2019eau de Javel ou un d\u00e9sinfectant, assouplissant\u2026 qui peuvent alt\u00e9rer les caract\u00e9ristiques du masque et laisser des r\u00e9sidus pouvant \u00eatre nocifs \u00e0 l\u2019inhalation lors de l\u2019usage du masque. Repasser le masque peut aider \u00e0 le d\u00e9sinfecter. A force de le laver \u00e0 plusieurs reprises, la capacit\u00e9 de filtration du masque est\u00a0 alt\u00e9r\u00e9e.\u00a0 Il sera utilis\u00e9 tant que ses qualit\u00e9s\u00a0 filtrantes ou que l\u2019int\u00e9grit\u00e9 du tissus (d\u00e9formation en r\u00e9tr\u00e9cissant ou par distension) ne sont pas touch\u00e9es.<\/p>\n<p>Un masque est port\u00e9 g\u00e9n\u00e9ralement durant un temps plus ou moins long qui n\u2019exc\u00e8de jamais 4h.\u00a0 Il est imp\u00e9ratif\u00a0 de laver son masque avant de le remettre de nouveau. C\u2019est pour cette raison qu\u2019il est conseill\u00e9 de disposer de masques de rechange maintenus propres et pr\u00eats \u00e0 l\u2019emploi. Un masque mouill\u00e9 (pluie ou autre) perd de ses qualit\u00e9s filtrantes et doit \u00eatre remplac\u00e9 par un autre sec.<\/p>\n<p><span class=\"c5\"><span class=\"c4\"><strong>Face \u00e0 la pand\u00e9mie, organisons la sensibilisation<\/strong><\/span><\/span><\/p>\n<p>Tous les sp\u00e9cialistes s\u2019accordent \u00e0 conseiller le port du masque pour rompre la propagation du coronavirus. Malheureusement, nombreux sont qui ont constat\u00e9 et soulign\u00e9s la r\u00e9ticence du tunisien \u00e0 porter le masque. Certains vont l\u2019imputer \u00e0 la n\u00e9glige, l\u2019indiscipline, l\u2019insouciance et l\u2019ignorance de nos concitoyens. Il faut toutefois leur rappeler que, pour assurer la participation du citoyen \u00e0 cette action collective, il faut commencer par le sensibiliser et l\u2019\u00e9duquer. Il faut \u00e9galement lui garantir des masques de qualit\u00e9, qui r\u00e9pondent aux normes internationales, la disponibilit\u00e9 et un prix abordable.<\/p>\n<p>Le masque est un outil important dans la lutte contre la Covid-19. Porter le masque n\u2019est plus un choix personnel, c\u2019est une obligation l\u00e9gale et soci\u00e9tale. Il est plus efficace lorsque tout le monde le porte et se prot\u00e8ge mutuellement. Faisons preuve de civisme et soyons tous solidaires. Portons le masque, non comme une carte d\u2019identit\u00e9 qu\u2019on exhibe \u00e0 la demande, mais comme une ceinture de s\u00e9curit\u00e9 qu\u2019on met avant de prendre le volant de sa voiture ou le casque qu\u2019on met avant de conduire sa moto.<\/p>\n<p class=\"c6\"><strong>Pr\u00a0 Ridha Bergaoui<\/strong><br \/><em>Professeur universitaire<\/em><br \/>\u00a0<\/p>\n<p>Auteur:<br \/>\n<a href=\"https:\/\/www.leaders.com.tn\/article\/30692-a-propos-des-masques-lavables-et-leur-efficacite-dans-la-lutte-contre-la-covid-19\">Cliquez ici pour lire l&rsquo;article depuis sa source.<\/a><\/p>\n","protected":false},"excerpt":{"rendered":"<p>Par Pr\u00a0 Ridha Bergaoui &#8211; Afin de contrer la propagation de la pand\u00e9mie Covid-19, des mesures sanitaires sont recommand\u00e9es par l\u2019ensemble des autorit\u00e9s m\u00e9dicales. Il s\u2019agit essentiellement du lavage fr\u00e9quent des mains, de la distanciation sociale et du port d\u2019un masque de protection ou bavette. En Tunisie, comme dans de nombreux autres pays, le port [&hellip;]<\/p>\n","protected":false},"author":1772,"featured_media":100899,"comment_status":"closed","ping_status":"closed","sticky":false,"template":"","format":"standard","meta":{"fifu_image_url":"","fifu_image_alt":"","footnotes":""},"categories":[73,55],"tags":[],"class_list":["post-100898","post","type-post","status-publish","format-standard","has-post-thumbnail","hentry","category-actualite","category-tunisie"],"_links":{"self":[{"href":"https:\/\/linitiative.ca\/International\/wp-json\/wp\/v2\/posts\/100898","targetHints":{"allow":["GET"]}}],"collection":[{"href":"https:\/\/linitiative.ca\/International\/wp-json\/wp\/v2\/posts"}],"about":[{"href":"https:\/\/linitiative.ca\/International\/wp-json\/wp\/v2\/types\/post"}],"author":[{"embeddable":true,"href":"https:\/\/linitiative.ca\/International\/wp-json\/wp\/v2\/users\/1772"}],"replies":[{"embeddable":true,"href":"https:\/\/linitiative.ca\/International\/wp-json\/wp\/v2\/comments?post=100898"}],"version-history":[{"count":0,"href":"https:\/\/linitiative.ca\/International\/wp-json\/wp\/v2\/posts\/100898\/revisions"}],"wp:featuredmedia":[{"embeddable":true,"href":"https:\/\/linitiative.ca\/International\/wp-json\/"}],"wp:attachment":[{"href":"https:\/\/linitiative.ca\/International\/wp-json\/wp\/v2\/media?parent=100898"}],"wp:term":[{"taxonomy":"category","embeddable":true,"href":"https:\/\/linitiative.ca\/International\/wp-json\/wp\/v2\/categories?post=100898"},{"taxonomy":"post_tag","embeddable":true,"href":"https:\/\/linitiative.ca\/International\/wp-json\/wp\/v2\/tags?post=100898"}],"curies":[{"name":"wp","href":"https:\/\/api.w.org\/{rel}","templated":true}]}}