{"id":100900,"date":"2020-10-05T06:00:00","date_gmt":"2020-10-05T10:00:00","guid":{"rendered":"https:\/\/linitiative.ca\/International\/vive-lecologie\/"},"modified":"2020-10-05T06:00:00","modified_gmt":"2020-10-05T10:00:00","slug":"vive-lecologie","status":"publish","type":"post","link":"https:\/\/linitiative.ca\/International\/vive-lecologie\/","title":{"rendered":"Vive l\u2019\u00e9cologie !"},"content":{"rendered":"<p class=\"c4\">Proc\u00e9d\u00e9 r\u00e9volutionnaire invent\u00e9 en D\u00e9z\u00e9die : la dissolution de l\u2019Assembl\u00e9e par l\u2019ing\u00e9nieux m\u00e9canisme des\u2026<\/p>\n<p class=\"c4\"><strong>\u2026 lev\u00e9es de l\u2019immunit\u00e9 parlementaire !\u00a0<\/strong><\/p>\n<p class=\"c4\">L\u2019importation des v\u00e9hicules de moins de trois ans, apr\u00e8s avoir \u00e9t\u00e9 gel\u00e9e, puis d\u00e9gel\u00e9e, vient de se voir recongel\u00e9e ! L\u2019occasion pour moi, enfin, de me pencher sur ce ph\u00e9nom\u00e8ne \u00e9trange du gel, de la cong\u00e9lation et du d\u00e9gel chez nous, en D\u00e9z\u00e9die. De me pencher dessus, mais pas de trop pr\u00e8s, des fois que je me retrouve moi aussi gel\u00e9, accidentellement. Oui, d\u2019accord, je suis assur\u00e9, il existe des lois du travail, mais pas contre les engelures aux doigts ! Alors ? Quel est ce ph\u00e9nom\u00e8ne m\u00e9t\u00e9orologique \u00e9trange qui r\u00e9gule le gel ? Ou qui le d\u00e9r\u00e9gule, tout d\u00e9pendant en fait de quel c\u00f4t\u00e9 des gla\u00e7ons on se trouve ! Les sp\u00e9cialistes du temps ont pris sur le leur, de temps, pour m\u2019expliquer un truc que je savais d\u00e9j\u00e0. Le gel et le d\u00e9gel sont modul\u00e9s par les temp\u00e9ratures ambiantes. S\u2019il fait froid, \u00e7a g\u00e8le. S\u2019il fait chaud, \u00e7a d\u00e9g\u00e8le. S\u2019il fait vraiment tr\u00e8s froid, \u00e7a cong\u00e8le ! Faudra que je pense \u00e0 effacer de ma liste d\u2019amis et de mes contacts des \u00ab sp\u00e9cialistes-m\u00e9t\u00e9o \u00bb de cet acabit, parce que me gratifier d\u2019une explication aussi \u00ab d\u00e9fonce-porte-ouverte \u00bb que \u00e7a, je me demande finalement o\u00f9 ils l\u2019ont eu, leur dipl\u00f4me ! En plus, leur explication ne tient pas la route ! L\u00e0, les temp\u00e9ratures sont toujours aussi cl\u00e9mentes, voire m\u00eame un peu d\u00e9cal\u00e9es par rapport \u00e0 un mois d\u2019octobre, pourtant, le gel est entr\u00e9 en action de fa\u00e7on f\u00e9roce. Mordante. C\u2019est donc qu\u2019il y a d\u00e9r\u00e8glement. Et surtout confirmation que le r\u00e9chauffement climatique fait des d\u00e9g\u00e2ts \u00e9normes. Chez nous encore plus qu\u2019ailleurs, puisqu\u2019il provoque du gel \u00e0 24\u00b0 ! C\u2019est d\u00e9cid\u00e9 ! Je me mets \u00e0 l\u2019\u00e9cologie militante. Et aux prochaines \u00e9lections, je vote Vert ! Tout en fumant du th\u00e9 bio pour rester \u00e9veill\u00e9 \u00e0 mon cauchemar qui continue.<br \/><em><strong>H. L.<\/strong><\/em><\/p>\n<p>Auteur:<br \/>\n<a href=\"https:\/\/www.lesoirdalgerie.com\/pousse-avec-eux\/vive-lecologie-49175\">Cliquez ici pour lire l&rsquo;article depuis sa source.<\/a><\/p>\n","protected":false},"excerpt":{"rendered":"<p>Proc\u00e9d\u00e9 r\u00e9volutionnaire invent\u00e9 en D\u00e9z\u00e9die : la dissolution de l\u2019Assembl\u00e9e par l\u2019ing\u00e9nieux m\u00e9canisme des\u2026 \u2026 lev\u00e9es de l\u2019immunit\u00e9 parlementaire !\u00a0 L\u2019importation des v\u00e9hicules de moins de trois ans, apr\u00e8s avoir \u00e9t\u00e9 gel\u00e9e, puis d\u00e9gel\u00e9e, vient de se voir recongel\u00e9e ! L\u2019occasion pour moi, enfin, de me pencher sur ce ph\u00e9nom\u00e8ne \u00e9trange du gel, de la [&hellip;]<\/p>\n","protected":false},"author":1741,"featured_media":0,"comment_status":"closed","ping_status":"closed","sticky":false,"template":"","format":"standard","meta":{"fifu_image_url":"","fifu_image_alt":"","footnotes":""},"categories":[73,53],"tags":[],"class_list":["post-100900","post","type-post","status-publish","format-standard","hentry","category-actualite","category-algerie"],"_links":{"self":[{"href":"https:\/\/linitiative.ca\/International\/wp-json\/wp\/v2\/posts\/100900","targetHints":{"allow":["GET"]}}],"collection":[{"href":"https:\/\/linitiative.ca\/International\/wp-json\/wp\/v2\/posts"}],"about":[{"href":"https:\/\/linitiative.ca\/International\/wp-json\/wp\/v2\/types\/post"}],"author":[{"embeddable":true,"href":"https:\/\/linitiative.ca\/International\/wp-json\/wp\/v2\/users\/1741"}],"replies":[{"embeddable":true,"href":"https:\/\/linitiative.ca\/International\/wp-json\/wp\/v2\/comments?post=100900"}],"version-history":[{"count":0,"href":"https:\/\/linitiative.ca\/International\/wp-json\/wp\/v2\/posts\/100900\/revisions"}],"wp:attachment":[{"href":"https:\/\/linitiative.ca\/International\/wp-json\/wp\/v2\/media?parent=100900"}],"wp:term":[{"taxonomy":"category","embeddable":true,"href":"https:\/\/linitiative.ca\/International\/wp-json\/wp\/v2\/categories?post=100900"},{"taxonomy":"post_tag","embeddable":true,"href":"https:\/\/linitiative.ca\/International\/wp-json\/wp\/v2\/tags?post=100900"}],"curies":[{"name":"wp","href":"https:\/\/api.w.org\/{rel}","templated":true}]}}