{"id":100910,"date":"2020-10-05T16:49:51","date_gmt":"2020-10-05T20:49:51","guid":{"rendered":"https:\/\/linitiative.ca\/International\/tunisie-video-heureusement-quil-nest-que-ministre-des-affaires-culturelles\/"},"modified":"2020-10-05T16:49:51","modified_gmt":"2020-10-05T20:49:51","slug":"tunisie-video-heureusement-quil-nest-que-ministre-des-affaires-culturelles","status":"publish","type":"post","link":"https:\/\/linitiative.ca\/International\/tunisie-video-heureusement-quil-nest-que-ministre-des-affaires-culturelles\/","title":{"rendered":"Tunisie \u2013 VIDEO\u00a0: Heureusement qu\u2019il n\u2019est \u00ab\u00a0QUE\u00a0\u00bb ministre des affaires culturelles"},"content":{"rendered":"<div class=\"post-cont-in left relative\">\n<div id=\"post-info-wrap\" class=\"left relative post-info-out\">\n<div class=\"post-info-img left relative\"><img loading=\"lazy\" decoding=\"async\" alt=\"\" src=\"https:\/\/secure.gravatar.com\/avatar\/047123be9d5e8513774383916ee72db2?s=50&amp;d=mm&amp;r=g\" srcset=\"https:\/\/secure.gravatar.com\/avatar\/047123be9d5e8513774383916ee72db2?s=100&amp;d=mm&amp;r=g 2x\" class=\"avatar avatar-50 photo\" height=\"50\" width=\"50\"\/><\/div>\n<div class=\"post-info-in\">\n<div class=\"post-info-right left relative post-info-name left relative\"><span itemprop=\"author\" itemscope=\"\" itemtype=\"https:\/\/schema.org\/Person\"><span class=\"post-info-text\">Par<\/span> <span class=\"author-name vcard fn author\" itemprop=\"name\"><a href=\"https:\/\/www.tunisienumerique.com\/author\/lm\/\" title=\"Articles par LM\" rel=\"author\">LM<\/a><\/span><\/span> <span class=\"post-date updated\"><time class=\"post-date updated\" itemprop=\"datePublished\" datetime=\"2020-10-05\">\u00a0| Il y a 17 secondes<\/time><\/span><\/div>\n<div class=\"left relative\"><button id=\"listenButton1\" class=\"responsivevoice-button\" type=\"button\" value=\"Play\" title=\"&#xC9;coutez l'article\"><span>\ud83d\udd0a \u00c9coutez l&rsquo;article<\/span><\/button> <\/div>\n<\/div>\n<\/div>\n<p>Le nouveau ministre des affaires culturelles, Walid Zidi, a op\u00e9r\u00e9, ce lundi, une sortie m\u00e9diatique qui en a laiss\u00e9 plus d\u2019un, bouche b\u00e9e.<\/p>\n<div class=\"code-block code-block-1 c4\"><ins class=\"adsbygoogle c3\" data-ad-layout=\"in-article\" data-ad-format=\"fluid\" data-ad-client=\"ca-pub-2102118777505746\" data-ad-slot=\"7301775417\"\/> <\/div>\n<p>Il a, en effet, affirm\u00e9 \u00e0 la presse qu\u2019il n\u2019avait \u00e9mis aucune d\u00e9cision de suspension des spectacles \u00e0 cause du covid. Il a ajout\u00e9 qu\u2019il n\u2019est pas d\u2019accord sur cette mesure, et qu\u2019il l\u2019a fait savoir au secr\u00e9taire g\u00e9n\u00e9ral du gouvernement qui lui demandait pourquoi ses services n\u2019ont pas r\u00e9percut\u00e9 les d\u00e9cisions annonc\u00e9es par son chef du gouvernement. Il lui aurait, en effet, r\u00e9pondu qu\u2019il \u00e9tait \u00e0 la t\u00eate du minist\u00e8re des affaires culturelles et non pas quelqu\u2019un qui devait reprendre et ex\u00e9cuter les d\u00e9cisions de la pr\u00e9sidence du gouvernement, ajoutant qu\u2019il entend, d\u2019abord, \u00e9tudier avec son cabinet les d\u00e9cisions du chef du gouvernement avant, \u00e9ventuellement, de consentir les accepter.<\/p>\n<p>Un discours qui a \u00e9t\u00e9 expliqu\u00e9 par la majorit\u00e9 des observateurs par le fait que ce ministre \u00e9tait \u00e9chaud\u00e9 par le soutien, apparemment inconditionnel, du pr\u00e9sident de la R\u00e9publique qui l\u2019avait, apparemment choisi pour ce poste, et qui l\u2019avait, en quelque sorte, impos\u00e9 au chef du gouvernement qui avait d\u00e9cid\u00e9 de le limoger, au point qu\u2019il n\u2019a pas h\u00e9sit\u00e9 \u00e0 se rebeller contre les d\u00e9cisions de son chef du gouvernement et de refuser de se conformer \u00e0 ses d\u00e9cisions souveraines.<\/p>\n<p>Un comportement qui a suscit\u00e9 l\u2019\u00e9tonnement de tout le monde, au point que d\u2019aucuns ont d\u00e9clar\u00e9, avec humour, qu\u2019heureusement il n\u2019\u00e9tait que ministre des affaires culturelles, et qu\u2019en aurait-il \u00e9t\u00e9 s\u2019il avait \u00e9t\u00e9 nomm\u00e9, par exemple, \u00e0 la d\u00e9fense\u00a0? Certains allant jusqu\u2019\u00e0 pr\u00e9sumer qu\u2019il n\u2019h\u00e9siterait pas \u00e0 faire bouger les blind\u00e9s pour encercler La Kasbah\u00a0!<br \/><iframe loading=\"lazy\" class=\"c5\" src=\"https:\/\/www.facebook.com\/plugins\/video.php?href=https%3A%2F%2Fwww.facebook.com%2Falarabiya.tunis%2Fvideos%2F959809247832994%2F&amp;show_text=0&amp;width=560\" width=\"560\" height=\"315\" frameborder=\"0\" scrolling=\"no\" allowfullscreen=\"allowfullscreen\">[embedded content]<\/iframe><\/p>\n<div class=\"swp_social_panel swp_horizontal_panel swp_flat_fresh swp_default_full_color swp_individual_full_color swp_other_full_color scale-100 scale-\" data-min-width=\"1100\" data-float-color=\"#ffffff\" data-float=\"bottom\" data-float-mobile=\"bottom\" data-transition=\"slide\">\n<div class=\"nc_tweetContainer swp_share_button total_shares total_sharesalt\"><span class=\"swp_count\">1 <span class=\"swp_label\">Partages<\/span><\/span><\/div>\n<\/div>\n<p><strong>Que se passe-t-il en Tunisie?<\/strong><br \/>Nous expliquons sur notre <a href=\"https:\/\/www.youtube.com\/channel\/UCRzypVq0B_yBad5eGrwBx0Q?sub_confirmation=1\" target=\"_blank\" rel=\"noopener noreferrer\">cha\u00eene YouTube<\/a> . <a href=\"https:\/\/www.youtube.com\/channel\/UCRzypVq0B_yBad5eGrwBx0Q?sub_confirmation=1\" target=\"_blank\" rel=\"noopener noreferrer\">Abonnez-vous!<\/a><\/p>\n<div class=\"mvp-org-wrap mvp-org-logo\" itemprop=\"publisher\" itemscope=\"\" itemtype=\"https:\/\/schema.org\/Organization\"><img decoding=\"async\" src=\"https:\/\/www.tunisienumerique.com\/wp-content\/uploads\/2017\/02\/logo_tunisie_numerique.png\"\/><\/div>\n<div class=\"mvp-related-posts left relative\">\n<h4 class=\"post-header\"><span class=\"post-header\">Lire aussi<\/span><\/h4>\n<\/div>\n<div id=\"article-ad\"><ins class=\"adsbygoogle c6\" data-ad-client=\"ca-pub-2102118777505746\" data-ad-slot=\"6513972734\" data-ad-format=\"auto\" data-full-width-responsive=\"true\"\/> <\/div>\n<\/div>\n<div id=\"post-sidebar-wrap\"><ins class=\"adsbygoogle c6\" data-ad-client=\"ca-pub-2102118777505746\" data-ad-slot=\"6168283410\" data-ad-format=\"auto\" data-full-width-responsive=\"true\"\/> <\/div>\n<p>Auteur: LM<br \/>\n<a href=\"https:\/\/www.tunisienumerique.com\/tunisie-video-heureusement-quil-nest-que-ministre-des-affaires-culturelles\/\">Cliquez ici pour lire l&rsquo;article depuis sa source.<\/a><\/p>\n","protected":false},"excerpt":{"rendered":"<p>Par LM \u00a0| Il y a 17 secondes \ud83d\udd0a \u00c9coutez l&rsquo;article Le nouveau ministre des affaires culturelles, Walid Zidi, a op\u00e9r\u00e9, ce lundi, une sortie m\u00e9diatique qui en a laiss\u00e9 plus d\u2019un, bouche b\u00e9e. Il a, en effet, affirm\u00e9 \u00e0 la presse qu\u2019il n\u2019avait \u00e9mis aucune d\u00e9cision de suspension des spectacles \u00e0 cause du covid. [&hellip;]<\/p>\n","protected":false},"author":1789,"featured_media":0,"comment_status":"closed","ping_status":"closed","sticky":false,"template":"","format":"standard","meta":{"fifu_image_url":"","fifu_image_alt":"","footnotes":""},"categories":[73,55],"tags":[],"class_list":["post-100910","post","type-post","status-publish","format-standard","hentry","category-actualite","category-tunisie"],"_links":{"self":[{"href":"https:\/\/linitiative.ca\/International\/wp-json\/wp\/v2\/posts\/100910","targetHints":{"allow":["GET"]}}],"collection":[{"href":"https:\/\/linitiative.ca\/International\/wp-json\/wp\/v2\/posts"}],"about":[{"href":"https:\/\/linitiative.ca\/International\/wp-json\/wp\/v2\/types\/post"}],"author":[{"embeddable":true,"href":"https:\/\/linitiative.ca\/International\/wp-json\/wp\/v2\/users\/1789"}],"replies":[{"embeddable":true,"href":"https:\/\/linitiative.ca\/International\/wp-json\/wp\/v2\/comments?post=100910"}],"version-history":[{"count":0,"href":"https:\/\/linitiative.ca\/International\/wp-json\/wp\/v2\/posts\/100910\/revisions"}],"wp:attachment":[{"href":"https:\/\/linitiative.ca\/International\/wp-json\/wp\/v2\/media?parent=100910"}],"wp:term":[{"taxonomy":"category","embeddable":true,"href":"https:\/\/linitiative.ca\/International\/wp-json\/wp\/v2\/categories?post=100910"},{"taxonomy":"post_tag","embeddable":true,"href":"https:\/\/linitiative.ca\/International\/wp-json\/wp\/v2\/tags?post=100910"}],"curies":[{"name":"wp","href":"https:\/\/api.w.org\/{rel}","templated":true}]}}