{"id":100916,"date":"2020-10-05T16:29:46","date_gmt":"2020-10-05T20:29:46","guid":{"rendered":"https:\/\/linitiative.ca\/International\/region-du-sahel-lambassadeur-francais-luc-hallade-simpregne-des-realites\/"},"modified":"2020-10-05T16:29:46","modified_gmt":"2020-10-05T20:29:46","slug":"region-du-sahel-lambassadeur-francais-luc-hallade-simpregne-des-realites","status":"publish","type":"post","link":"https:\/\/linitiative.ca\/International\/region-du-sahel-lambassadeur-francais-luc-hallade-simpregne-des-realites\/","title":{"rendered":"R\u00e9gion du Sahel : L\u2019ambassadeur fran\u00e7ais, Luc Hallade,  s\u2019impr\u00e8gne des r\u00e9alit\u00e9s"},"content":{"rendered":"<div class=\"td-post-featured-image\" readability=\"33\"><a href=\"https:\/\/www.sidwaya.info\/wp-content\/uploads\/2020\/10\/ue.jpg\" data-caption=\"La conf&#xE9;rence de presse a permis &#xE0; l&#x2019;ambassadeur de situer les priorit&#xE9;s de la France pour le Sahel.\"><img loading=\"lazy\" decoding=\"async\" width=\"696\" height=\"244\" class=\"entry-thumb td-modal-image\" src=\"https:\/\/www.sidwaya.info\/wp-content\/uploads\/2020\/10\/ue-696x244.jpg\" srcset=\"https:\/\/www.sidwaya.info\/wp-content\/uploads\/2020\/10\/ue-696x244.jpg 696w, https:\/\/www.sidwaya.info\/wp-content\/uploads\/2020\/10\/ue-300x105.jpg 300w, https:\/\/www.sidwaya.info\/wp-content\/uploads\/2020\/10\/ue-768x269.jpg 768w, https:\/\/www.sidwaya.info\/wp-content\/uploads\/2020\/10\/ue.jpg 787w\" sizes=\"auto, (max-width: 696px) 100vw, 696px\" alt=\"\" title=\"ue\"\/><\/a>La conf\u00e9rence de presse a permis \u00e0 l\u2019ambassadeur de situer les priorit\u00e9s de la France pour le Sahel.<\/div>\n<p><strong>L\u2019ambassadeur de France au Burkina Faso, Luc Hallade, a s\u00e9journ\u00e9 \u00e0 Dori, chef-lieu de la r\u00e9gion du Sahel, les 3 et 4 octobre 2020. Le diplomate fran\u00e7ais a \u00e9chang\u00e9 avec les leaders coutumiers et religieux, les b\u00e9n\u00e9ficiaires des diff\u00e9rents projets financ\u00e9s par l\u2019Agence fran\u00e7aise de d\u00e9veloppement (AFD) et les Personnes d\u00e9plac\u00e9es internes (PDI).<\/strong><\/p>\n<p>L\u2019ambassadeur de France au Burkina Faso, Luc Hallade, a effectu\u00e9 une visite \u00e0 Dori, chef-lieu de la r\u00e9gion du Sahel, les 3 et 4 octobre 2020. Selon le diplomate fran\u00e7ais, il est venu d\u00e9couvrir la r\u00e9gion du Sahel et s\u2019impr\u00e9gner des pr\u00e9occupations des populations. \u00ab Un ambassadeur ne reste pas dans son bureau climatis\u00e9 \u00e0 Ouagadougou, il doit faire des visites de terrain y compris dans une r\u00e9gion qui conna\u00eet des probl\u00e8mes de s\u00e9curit\u00e9 \u00bb, estime-t-il.<\/p>\n<p>De son avis, l\u2019Agence fran\u00e7aise de d\u00e9veloppement (AFD) finance plusieurs projets dans la r\u00e9gion du Sahel, notamment dans le cadre du Projet trois fronti\u00e8res ex\u00e9cut\u00e9 au Burkina Faso, Mali et au Niger, d\u2019un montant de 33 millions d\u2019euros soit plus de 21 milliards F CFA, pour la premi\u00e8re phase dont 12 millions d\u2019euros, soit plus de 14 milliards F CFA pour le Burkina Faso. A cet effet, a-t-il pr\u00e9cis\u00e9, il s\u2019agit de construire ou r\u00e9habiliter des infrastructures sanitaires ou \u00e9ducatives et \u00e9quiper le centre de secours en construction. M. Hallade a en outre fait savoir, que le Projet trois fronti\u00e8res concerne toutes les 26 communes du Sahel. \u00ab La d\u00e9marche consiste \u00e0 demander aux maires et aux populations de d\u00e9finir leurs priorit\u00e9s auxquelles nous d\u00e9cidons de r\u00e9pondre.<\/p>\n<div class=\"td-a-rec td-a-rec-id-content_inline tdi_30_cf6 td_block_template_1\"><img loading=\"lazy\" decoding=\"async\" class=\"aligncenter size-full wp-image-21314\" src=\"https:\/\/www.sidwaya.info\/wp-content\/uploads\/2020\/04\/Bandeau-Covid-19-Sidwaya-1.jpg\" alt=\"\" width=\"790\" height=\"98\"\/><\/div>\n<p>C\u2019est un peu compliqu\u00e9 de mettre en \u0153uvre, parce que les pr\u00e9occupations diff\u00e8rent d\u2019une commune \u00e0 une autre. J\u2019esp\u00e8re que nous arrivons au mieux \u00e0 satisfaire les besoins des populations \u00bb, a comment\u00e9 le diplomate fran\u00e7ais. A l\u2019en croire, sa pr\u00e9sence au Sahel vise \u00e9galement \u00e0 faire un suivi des projets d\u00e9j\u00e0 financ\u00e9s en vue de corriger les \u00e9ventuelles insuffisances pour leur r\u00e9ussite.<\/p>\n<p>Durant son s\u00e9jour \u00e0 Dori, M. Hallade a assist\u00e9 \u00e0 la deuxi\u00e8me \u00e9dition de la Journ\u00e9e r\u00e9gionale de la formation professionnelle et de la cr\u00e9ation d\u2019entreprise au Sahel au profit des jeunes et des femmes. Financ\u00e9 par Expertise France et port\u00e9 par le conseil r\u00e9gional du Sahel, le projet vise \u00e0 cr\u00e9er des emplois et \u00e0 accompagner les b\u00e9n\u00e9ficiaires dans les domaines de la tannerie, maroquinerie, vannerie et de la m\u00e9canique automobile. C\u2019est pourquoi, le pr\u00e9sident du conseil r\u00e9gional du Sahel, Hamidou Dicko, a soulign\u00e9 que lorsque l\u2019on b\u00e9n\u00e9ficie de l\u2019accompagnement financier d\u2019un partenaire, il est n\u00e9cessaire que celui-ci vienne voir le travail qui a \u00e9t\u00e9 fait sur le terrain. Toute chose qui, selon lui, contribue \u00e0 mettre toutes les parties en confiance.<\/p>\n<p>Quant au gouverneur de la r\u00e9gion du Sahel, le colonel-major Salfo Kabor\u00e9, a exprim\u00e9 toute sa gratitude au diplomate fran\u00e7ais pour avoir fait le d\u00e9placement de Dori. \u00ab Le Sahel avait beaucoup d\u2019amis qui venaient nous rendre visite. Mais, de moins en moins, les amis viennent nous visiter. Comme on le dit, c\u2019est dans les difficult\u00e9s que l\u2019on reconna\u00eet ses vrais amis \u00bb, a-t-il expliqu\u00e9. Et d\u2019ajouter que la visite du diplomate fran\u00e7ais \u00e0 Dori est une preuve que la r\u00e9gion du Sahel est encore fr\u00e9quentable. Pour lui, les projets financ\u00e9s par la France permettront aux femmes et aux jeunes de s\u2019autoemployer pour lutter contre le ch\u00f4mage.<\/p>\n<h3>Echanges avec les leaders religieux et les d\u00e9plac\u00e9s<\/h3>\n<p><img decoding=\"async\" loading=\"lazy\" class=\"size-medium wp-image-27406\" src=\"https:\/\/www.sidwaya.info\/wp-content\/uploads\/2020\/10\/ue2-300x151.jpg\" alt=\"\" width=\"300\" height=\"151\" srcset=\"https:\/\/www.sidwaya.info\/wp-content\/uploads\/2020\/10\/ue2-300x151.jpg 300w, https:\/\/www.sidwaya.info\/wp-content\/uploads\/2020\/10\/ue2-768x385.jpg 768w, https:\/\/www.sidwaya.info\/wp-content\/uploads\/2020\/10\/ue2-696x349.jpg 696w, https:\/\/www.sidwaya.info\/wp-content\/uploads\/2020\/10\/ue2.jpg 787w\" sizes=\"auto, (max-width: 300px) 100vw, 300px\"\/>Le diplomate fran\u00e7ais a \u00e9chang\u00e9 avec les autorit\u00e9s religieuses pour mieux s\u2019impr\u00e9gner<br \/>de la situation.<\/p>\n<p>Le diplomate fran\u00e7ais a \u00e9chang\u00e9 avec les leaders coutumiers et religieux et les Personnes d\u00e9plac\u00e9es internes (PDI). L\u2019\u00e9v\u00eaque de Dori, Mgr Laurent Dabir\u00e9, a affirm\u00e9, que les \u00e9changes avec son h\u00f4te du jour ont port\u00e9 sur le point de vue, l\u2019analyse et la proposition des leaders religieux sur la situation difficile que traverse le Sahel et partant le Burkina Faso. \u00ab Nous avons reparcouru les espoirs, les angoisses, les signes de solidarit\u00e9 et les possibilit\u00e9s pour le retour de la stabilit\u00e9. Nous pensons que le dialogue entre concitoyens et particuli\u00e8rement le dialogue inter-religieux peut aider. Cependant, il existe les aspects historiques, politiques, \u00e9conomiques et anthropologiques dont il faudra tenir compte pour une v\u00e9ritable coh\u00e9sion sociale, gage de paix \u00bb, a confi\u00e9 l\u2019\u00e9v\u00eaque de Dori. Avec l\u2019\u00e9mir du Liptako, l\u2019\u00e9v\u00eaque de Dori et le grand imam de Dori, soutient Luc Hallade, la pr\u00e9occupation a toujours \u00e9t\u00e9 la m\u00eame, c\u2019est-\u00e0-dire, essayer de comprendre la situation locale. \u00ab J\u2019ai \u00e9cout\u00e9 leurs analyses de la situation et les pistes de solutions propos\u00e9es. En tant que partenaire du Burkina, nous verrons comment nous pourrons accompagner ces efforts en vue de recr\u00e9er le vivre-ensemble \u00bb, a-t-il promis.<br \/>Le s\u00e9jour de l\u2019ambassadeur Hallade s\u2019est achev\u00e9 par une conf\u00e9rence de presse dans la matin\u00e9e du dimanche 4 octobre 2020. Des \u00e9changes avec les journalistes, il est ressorti que le projet d\u2019appui \u00e0 la stabilit\u00e9 socio\u00e9conomique des jeunes par la formation professionnelle et la promotion des microentreprises dans le Sahel est l\u2019un des objectifs prioritaires de la France.<\/p>\n<p>\u2013 Souaibou NOMBRE<\/p>\n<div class=\"td-a-rec td-a-rec-id-content_bottom tdi_31_ff3 td_block_template_1\"><img loading=\"lazy\" decoding=\"async\" class=\"aligncenter size-full wp-image-22415\" src=\"https:\/\/www.sidwaya.info\/wp-content\/uploads\/2020\/05\/Bandeau-paiement-mobile-site.png\" alt=\"\" width=\"728\" height=\"90\"\/><\/div>\n<p>Auteur: JK. Sidwaya<br \/>\n<a href=\"https:\/\/www.sidwaya.info\/blog\/2020\/10\/05\/region-du-sahel-lambassadeur-francais-luc-hallade-simpregne-des-realites\/\">Cliquez ici pour lire l&rsquo;article depuis sa source.<\/a><\/p>\n","protected":false},"excerpt":{"rendered":"<p>La conf\u00e9rence de presse a permis \u00e0 l\u2019ambassadeur de situer les priorit\u00e9s de la France pour le Sahel. L\u2019ambassadeur de France au Burkina Faso, Luc Hallade, a s\u00e9journ\u00e9 \u00e0 Dori, chef-lieu de la r\u00e9gion du Sahel, les 3 et 4 octobre 2020. Le diplomate fran\u00e7ais a \u00e9chang\u00e9 avec les leaders coutumiers et religieux, les b\u00e9n\u00e9ficiaires [&hellip;]<\/p>\n","protected":false},"author":1816,"featured_media":100917,"comment_status":"closed","ping_status":"closed","sticky":false,"template":"","format":"standard","meta":{"fifu_image_url":"","fifu_image_alt":"","footnotes":""},"categories":[73,81],"tags":[],"class_list":["post-100916","post","type-post","status-publish","format-standard","has-post-thumbnail","hentry","category-actualite","category-burkina-faso"],"_links":{"self":[{"href":"https:\/\/linitiative.ca\/International\/wp-json\/wp\/v2\/posts\/100916","targetHints":{"allow":["GET"]}}],"collection":[{"href":"https:\/\/linitiative.ca\/International\/wp-json\/wp\/v2\/posts"}],"about":[{"href":"https:\/\/linitiative.ca\/International\/wp-json\/wp\/v2\/types\/post"}],"author":[{"embeddable":true,"href":"https:\/\/linitiative.ca\/International\/wp-json\/wp\/v2\/users\/1816"}],"replies":[{"embeddable":true,"href":"https:\/\/linitiative.ca\/International\/wp-json\/wp\/v2\/comments?post=100916"}],"version-history":[{"count":0,"href":"https:\/\/linitiative.ca\/International\/wp-json\/wp\/v2\/posts\/100916\/revisions"}],"wp:featuredmedia":[{"embeddable":true,"href":"https:\/\/linitiative.ca\/International\/wp-json\/"}],"wp:attachment":[{"href":"https:\/\/linitiative.ca\/International\/wp-json\/wp\/v2\/media?parent=100916"}],"wp:term":[{"taxonomy":"category","embeddable":true,"href":"https:\/\/linitiative.ca\/International\/wp-json\/wp\/v2\/categories?post=100916"},{"taxonomy":"post_tag","embeddable":true,"href":"https:\/\/linitiative.ca\/International\/wp-json\/wp\/v2\/tags?post=100916"}],"curies":[{"name":"wp","href":"https:\/\/api.w.org\/{rel}","templated":true}]}}