{"id":100918,"date":"2020-10-05T16:34:48","date_gmt":"2020-10-05T20:34:48","guid":{"rendered":"https:\/\/linitiative.ca\/International\/promotion-de-la-democratie-en-afrique-les-jeunes-pour-assurer-la-releve\/"},"modified":"2020-10-05T16:34:48","modified_gmt":"2020-10-05T20:34:48","slug":"promotion-de-la-democratie-en-afrique-les-jeunes-pour-assurer-la-releve","status":"publish","type":"post","link":"https:\/\/linitiative.ca\/International\/promotion-de-la-democratie-en-afrique-les-jeunes-pour-assurer-la-releve\/","title":{"rendered":"Promotion de la d\u00e9mocratie en Afrique : Les jeunes pour assurer la rel\u00e8ve"},"content":{"rendered":"<div class=\"td-post-featured-image\" readability=\"35\"><a href=\"https:\/\/www.sidwaya.info\/wp-content\/uploads\/2020\/10\/jeunes.jpg\" data-caption=\"Me B&#xE9;n&#xE9;wend&#xE9; Sankara, repr&#xE9;sentant le pr&#xE9;sident de l&#x2019;Assembl&#xE9;e nationale (milieu) : &#xAB; Ces universit&#xE9;s d&#xE9;mocratiques vont d&#xE9;velopper d&#x2019;autres paradigmes de d&#xE9;mocratie pour int&#xE9;grer ce que les partis politiques n&#x2019;ont pas pu apporter &#xBB;\"><img loading=\"lazy\" decoding=\"async\" width=\"696\" height=\"450\" class=\"entry-thumb td-modal-image\" src=\"https:\/\/www.sidwaya.info\/wp-content\/uploads\/2020\/10\/jeunes-696x450.jpg\" srcset=\"https:\/\/www.sidwaya.info\/wp-content\/uploads\/2020\/10\/jeunes-696x450.jpg 696w, https:\/\/www.sidwaya.info\/wp-content\/uploads\/2020\/10\/jeunes-300x194.jpg 300w, https:\/\/www.sidwaya.info\/wp-content\/uploads\/2020\/10\/jeunes-768x496.jpg 768w, https:\/\/www.sidwaya.info\/wp-content\/uploads\/2020\/10\/jeunes-650x420.jpg 650w, https:\/\/www.sidwaya.info\/wp-content\/uploads\/2020\/10\/jeunes.jpg 786w\" sizes=\"auto, (max-width: 696px) 100vw, 696px\" alt=\"\" title=\"jeunes\"\/><\/a>Me B\u00e9n\u00e9wend\u00e9 Sankara, repr\u00e9sentant le pr\u00e9sident de l\u2019Assembl\u00e9e nationale (milieu) : \u00ab Ces universit\u00e9s d\u00e9mocratiques vont d\u00e9velopper d\u2019autres paradigmes de d\u00e9mocratie pour int\u00e9grer ce que les partis politiques n\u2019ont pas pu apporter \u00bb<\/div>\n<p><strong>La premi\u00e8re \u00e9dition des Universit\u00e9s d\u00e9mocratiques a ouvert ses portes, le lundi 5 octobre 2020 \u00e0 Koudougou dans le Centre-Ouest. Plac\u00e9e sous le th\u00e8me : \u00ab Redonner foi dans la d\u00e9mocratie au Burkina Faso et au Sahel \u00bb, l\u2019activit\u00e9 a pour objectif de former des jeunes face aux enjeux politiques.<\/strong><\/p>\n<p>Face aux enjeux politiques et \u00e0 l\u2019ancrage de la d\u00e9mocratie sur le continent, l\u2019Ecole citoyenne de l\u2019Afrique de l\u2019Ouest (ECAO) entend mettre un accent sur la formation des jeunes afin d\u2019assurer la rel\u00e8ve. Pour ce faire, elle a initi\u00e9 les premi\u00e8res universit\u00e9s d\u00e9mocratiques dont les travaux ont d\u00e9but\u00e9, le lundi 5 octobre 2020 \u00e0 Koudougou. Pour le directeur ex\u00e9cutif de l\u2019ECAO, Dr Moumini Tiegnan, une cinquantaine de participants dont 50% de femmes issues des partis politiques et des Organisations de la soci\u00e9t\u00e9 civiles (OSC) ont pris part \u00e0 cette rencontre de Koudougou.<\/p>\n<p>Les bonnes pratiques d\u00e9mocratiques, les obstacles \u00e0 la participation des jeunes en politique, les comp\u00e9tences des jeunes et les enjeux de leur participation \u00e0 la vie politique des Etats sont, entre autres, les sujets sur lesquels les congressistes vont mener la r\u00e9flexion. Selon Dr Ti\u00e9gnan, l\u2019objectif majeur de l\u2019ECAO est de faire \u00e9merger, en Afrique de l\u2019Ouest, une nouvelle g\u00e9n\u00e9ration de leaders, dans les domaines politique, \u00e9conomique, social, environnemental et culturel, capables d\u2019instituer une gouvernance politique moderne et vertueuse.<\/p>\n<div class=\"td-a-rec td-a-rec-id-content_inline tdi_30_aaa td_block_template_1\"><img loading=\"lazy\" decoding=\"async\" class=\"aligncenter size-full wp-image-21314\" src=\"https:\/\/www.sidwaya.info\/wp-content\/uploads\/2020\/04\/Bandeau-Covid-19-Sidwaya-1.jpg\" alt=\"\" width=\"790\" height=\"98\"\/><\/div>\n<p>L\u2019\u00e9cole, a-t-il ajout\u00e9, se veut un cadre d\u2019\u00e9changes, de dialogue et de r\u00e9flexion pour faire \u00e9merger une nouvelle citoyennet\u00e9 qui sera le socle de toutes les nouvelles d\u00e9marches, les actions pour une nouvelle Afrique de l\u2019Ouest. L\u2019activit\u00e9 a \u00e9t\u00e9 parrain\u00e9e par le pr\u00e9sident de l\u2019Assembl\u00e9e nationale, repr\u00e9sent\u00e9 \u00e0 l\u2019occasion par le 1er vice-pr\u00e9sident, Me B\u00e9n\u00e9wend\u00e9 Stanislas Sankara, qui avait \u00e0 ses c\u00f4t\u00e9s, la gouverneure de la R\u00e9gion du Centre-Ouest, Ir\u00e8ne Coulibaly, le haut-commissaire du Boulkiemd\u00e9 et le maire de Koudougou. Pour le repr\u00e9sentant de l\u2019Assembl\u00e9e nationale, les universit\u00e9s d\u00e9mocratiques, premi\u00e8re du genre au Burkina Faso, est une initiative \u00e0 saluer au regard des nombreuses insuffisances.<\/p>\n<p><img decoding=\"async\" loading=\"lazy\" class=\"size-medium wp-image-27402\" src=\"https:\/\/www.sidwaya.info\/wp-content\/uploads\/2020\/10\/jeunes2-300x175.jpg\" alt=\"\" width=\"300\" height=\"175\" srcset=\"https:\/\/www.sidwaya.info\/wp-content\/uploads\/2020\/10\/jeunes2-300x175.jpg 300w, https:\/\/www.sidwaya.info\/wp-content\/uploads\/2020\/10\/jeunes2-768x449.jpg 768w, https:\/\/www.sidwaya.info\/wp-content\/uploads\/2020\/10\/jeunes2-696x407.jpg 696w, https:\/\/www.sidwaya.info\/wp-content\/uploads\/2020\/10\/jeunes2-719x420.jpg 719w, https:\/\/www.sidwaya.info\/wp-content\/uploads\/2020\/10\/jeunes2.jpg 787w\" sizes=\"auto, (max-width: 300px) 100vw, 300px\"\/>Les participants sont issus des partis politiques et des OSC<\/p>\n<p>\u00ab Les jeunes leaders, avec la philosophie qui sous-tend les universit\u00e9s d\u00e9mocratiques, vont d\u00e9velopper d\u2019autres paradigmes de d\u00e9mocratie pour int\u00e9grer ce que les partis politiques n\u2019ont pas pu apporter, depuis leur existence, \u00e0 la consolidation de l\u2019ancrage des d\u00e9mocraties particuli\u00e8rement en Afrique \u00bb a-t-il d\u00e9clar\u00e9. De l\u2019avis du d\u00e9put\u00e9, ces universit\u00e9s de Koudougou vont apporter une nouvelle dimension de la culture citoyenne et d\u00e9mocratique \u00e0 la jeunesse burkinab\u00e8. \u00ab C\u2019est aussi un tremplin du savoir qui va permettre aux jeunes de faire le plaidoyer et les r\u00e9sultats attendus vont permettre certainement \u00e0 nos Etats d\u2019avoir une meilleure gouvernance d\u00e9mocratique avec ces leaders de demain.<\/p>\n<p>La rel\u00e8ve passe par la formation des jeunes et les universit\u00e9s d\u00e9mocratiques offrent une opportunit\u00e9 aux jeunes de prendre leurs responsabilit\u00e9s et surtout de bien s\u2019assumer \u00bb, s\u2019est-il r\u00e9joui. L\u2019activit\u00e9 a b\u00e9n\u00e9fici\u00e9 du soutien de l\u2019Institut n\u00e9erlandais pour la d\u00e9mocratie multipartite. Selon le repr\u00e9sentant de la structure au Burkina Faso, Dr Abdoulaye Barro, cet accompagnement s\u2019explique par le fait que certains groupes et cibles sont marginalis\u00e9s politiquement n\u2019ayant pas voix au chapitre. \u00ab Nous avons donc d\u00e9cid\u00e9 d\u2019amplifier les voix des jeunes et des femmes dans nos syst\u00e8mes d\u00e9mocratiques en soutenant des initiatives telles que les universit\u00e9s d\u00e9mocratiques organis\u00e9es par l\u2019Ecole citoyenne de l\u2019Afrique de l\u2019Ouest \u00bb, a-t-il expliqu\u00e9.<\/p>\n<p>L\u2019Institut n\u00e9erlandais, a indiqu\u00e9 Dr Barro, est une organisation \u00e0 vocation politique mais nous travaillons aussi bien avec les jeunes engag\u00e9s dans les partis politiques que ceux qui militent au sein des OSC. \u00ab Nous voulons amener les jeunes \u00e0 renoncer \u00e0 la strat\u00e9gie de contournement permanent du politique qui les am\u00e8nent \u00e0 v\u00e9g\u00e9ter tout le temps dans la soci\u00e9t\u00e9 civile en pensant que celle-ci peut diriger un Etat. Les partis politiques malgr\u00e9 leurs limites organisent la vie de nos Etats et nous incitons les jeunes \u00e0 s\u2019engager dans les partis ou a en cr\u00e9er d\u2019autres s\u2019ils ne se reconnaissent dans ceux qui existent d\u00e9j\u00e0 \u00bb, a-t-il pr\u00e9cis\u00e9. A \u00e9couter M. Barro, il faut pr\u00e9parer les jeunes \u00e0 affronter les enjeux politiques \u00e0 travers la formation, plut\u00f4t que d\u2019entretenir une m\u00e9fiance vis-\u00e0-vis des cercles politiques.<\/p>\n<p class=\"c1\"><strong>Beyon Romain NEBIE<\/strong><br \/>beynebie@gmail.com<\/p>\n<div class=\"td-a-rec td-a-rec-id-content_bottom tdi_31_9ff td_block_template_1\"><img loading=\"lazy\" decoding=\"async\" class=\"aligncenter size-full wp-image-22415\" src=\"https:\/\/www.sidwaya.info\/wp-content\/uploads\/2020\/05\/Bandeau-paiement-mobile-site.png\" alt=\"\" width=\"728\" height=\"90\"\/><\/div>\n<p>Auteur: JK. Sidwaya<br \/>\n<a href=\"https:\/\/www.sidwaya.info\/blog\/2020\/10\/05\/promotion-de-la-democratie-en-afrique-les-jeunes-pour-assurer-la-releve\/\">Cliquez ici pour lire l&rsquo;article depuis sa source.<\/a><\/p>\n","protected":false},"excerpt":{"rendered":"<p>Me B\u00e9n\u00e9wend\u00e9 Sankara, repr\u00e9sentant le pr\u00e9sident de l\u2019Assembl\u00e9e nationale (milieu) : \u00ab Ces universit\u00e9s d\u00e9mocratiques vont d\u00e9velopper d\u2019autres paradigmes de d\u00e9mocratie pour int\u00e9grer ce que les partis politiques n\u2019ont pas pu apporter \u00bb La premi\u00e8re \u00e9dition des Universit\u00e9s d\u00e9mocratiques a ouvert ses portes, le lundi 5 octobre 2020 \u00e0 Koudougou dans le Centre-Ouest. Plac\u00e9e sous [&hellip;]<\/p>\n","protected":false},"author":1816,"featured_media":100919,"comment_status":"closed","ping_status":"closed","sticky":false,"template":"","format":"standard","meta":{"fifu_image_url":"","fifu_image_alt":"","footnotes":""},"categories":[73,81],"tags":[],"class_list":["post-100918","post","type-post","status-publish","format-standard","has-post-thumbnail","hentry","category-actualite","category-burkina-faso"],"_links":{"self":[{"href":"https:\/\/linitiative.ca\/International\/wp-json\/wp\/v2\/posts\/100918","targetHints":{"allow":["GET"]}}],"collection":[{"href":"https:\/\/linitiative.ca\/International\/wp-json\/wp\/v2\/posts"}],"about":[{"href":"https:\/\/linitiative.ca\/International\/wp-json\/wp\/v2\/types\/post"}],"author":[{"embeddable":true,"href":"https:\/\/linitiative.ca\/International\/wp-json\/wp\/v2\/users\/1816"}],"replies":[{"embeddable":true,"href":"https:\/\/linitiative.ca\/International\/wp-json\/wp\/v2\/comments?post=100918"}],"version-history":[{"count":0,"href":"https:\/\/linitiative.ca\/International\/wp-json\/wp\/v2\/posts\/100918\/revisions"}],"wp:featuredmedia":[{"embeddable":true,"href":"https:\/\/linitiative.ca\/International\/wp-json\/"}],"wp:attachment":[{"href":"https:\/\/linitiative.ca\/International\/wp-json\/wp\/v2\/media?parent=100918"}],"wp:term":[{"taxonomy":"category","embeddable":true,"href":"https:\/\/linitiative.ca\/International\/wp-json\/wp\/v2\/categories?post=100918"},{"taxonomy":"post_tag","embeddable":true,"href":"https:\/\/linitiative.ca\/International\/wp-json\/wp\/v2\/tags?post=100918"}],"curies":[{"name":"wp","href":"https:\/\/api.w.org\/{rel}","templated":true}]}}