{"id":100922,"date":"2020-10-05T14:18:09","date_gmt":"2020-10-05T18:18:09","guid":{"rendered":"https:\/\/linitiative.ca\/International\/amical-maroc-senegal-19-lions-en-regroupement-a-rabat\/"},"modified":"2020-10-05T14:18:09","modified_gmt":"2020-10-05T18:18:09","slug":"amical-maroc-senegal-19-lions-en-regroupement-a-rabat","status":"publish","type":"post","link":"https:\/\/linitiative.ca\/International\/amical-maroc-senegal-19-lions-en-regroupement-a-rabat\/","title":{"rendered":"Amical Maroc-S\u00e9n\u00e9gal: 19 Lions en regroupement \u00e0 Rabat"},"content":{"rendered":"<div readability=\"32\">\n<p>Publi\u00e9 le 05.10.2020 \u00e0 19h18 par APA News<\/p>\n<\/div>\n<div readability=\"84\">\n<p>Le regroupement des Lions du S\u00e9n\u00e9gal de football a d\u00e9but\u00e9 lundi \u00e0 Rabat o\u00f9 ils d\u00e9fieront vendredi, en amical, les Lions de l\u2019Atlas du Maroc.Apr\u00e8s les chaudes journ\u00e9es du week-end dans les championnats europ\u00e9ens, place \u00e0 la tr\u00eave internationale. Plusieurs internationaux s\u00e9n\u00e9galais n\u2019ont pas tard\u00e9 \u00e0 rejoindre la Tani\u00e8re. Ce lundi, dans la capitale marocaine, le s\u00e9lectionneur Aliou Ciss\u00e9 a accueilli 19 des 25 joueurs qu\u2019il a convoqu\u00e9s lundi dernier, \u00e0 l\u2019exception de Mamadou Loum Ndiaye venu remplacer Sadio Man\u00e9.\u00a0<\/p>\n<p>La star de Liverpool, test\u00e9 positif \u00e0 la Covid-19 et mis en quarantaine, n\u2019a pas assist\u00e9 \u00e0 la d\u00e9b\u00e2cle (7-2) de son club hier dimanche face \u00e0 Aston Villa.<\/p>\n<p>Devant la porte de l\u2019h\u00f4tel alors, ils ont tenu \u00e0 respecter les mesures barri\u00e8res, mettant leurs masques et se saluant par le revers de la main pli\u00e9e. Ils commenceront leurs s\u00e9ances d\u2019entrainement ce soir, \u00e0 19 heures locales, au terrain annexe du Complexe Moulay Abdellah de Rabat.<\/p>\n<p>Parmi les six nouveaux convoqu\u00e9s, Bingourou Kamara, Pape Cheikh Diop, Joseph Lopy et Mame Baba Thiam sont d\u00e9j\u00e0 pr\u00e9sents \u00e0 Rabat. Les vols de Boulaye Dia et Ousseynou B\u00e2 \u00a0devront pour leur part atterrir demain mardi \u00e0 l\u2019apr\u00e8s-midi. Cela en sera de m\u00eame pour Pape Abou Ciss\u00e9 et Habib Diallo, annonc\u00e9s au d\u00e9part de leurs clubs dans ces derniers jours du mercato estival.<\/p>\n<p>Tout comme Sadio Man\u00e9, le gardien Cl\u00e9ment Diop et le d\u00e9fenseur Kalidou Koulibaly sont \u00e9galement forfaits pour les deux prochaines rencontres des Lions. La f\u00e9d\u00e9ration s\u00e9n\u00e9galaise dit avoir pr\u00e9f\u00e9r\u00e9 laisser le premier \u00e0 la disposition de son club canadien \u00ab en raison de sa mise en quatorzaine \u00e0 son retour \u00bb de s\u00e9lection.\u00a0<\/p>\n<p>Pour le colosse de Naples, son absence s\u2019explique par la mise en quarantaine de son club qui s\u2019est d\u2019ailleurs vu refuser ce week-end, par les autorit\u00e9s de la ville, le voyage \u00e0 Turin pour disputer le match de championnat face \u00e0 la Juventus, qui a finalement remport\u00e9 la partie sur tapis vert.<\/p>\n<p>Ainsi apr\u00e8s le choc l\u00e9onin du 9 octobre, les prot\u00e9g\u00e9s d\u2019Aliou Ciss\u00e9 reviendront au bercail pour disputer le derby s\u00e9n\u00e9galo-mauritanien le 13 octobre au stade Lat Dior de Thi\u00e8s, \u00e0 70 km de Dakar<\/p>\n<\/div>\n<p>Auteur: APA News<br \/>\n<a href=\"https:\/\/www.journalducameroun.com\/amical-maroc-senegal-19-lions-en-regroupement-a-rabat\/\">Cliquez ici pour lire l&rsquo;article depuis sa source.<\/a><\/p>\n","protected":false},"excerpt":{"rendered":"<p>Publi\u00e9 le 05.10.2020 \u00e0 19h18 par APA News Le regroupement des Lions du S\u00e9n\u00e9gal de football a d\u00e9but\u00e9 lundi \u00e0 Rabat o\u00f9 ils d\u00e9fieront vendredi, en amical, les Lions de l\u2019Atlas du Maroc.Apr\u00e8s les chaudes journ\u00e9es du week-end dans les championnats europ\u00e9ens, place \u00e0 la tr\u00eave internationale. Plusieurs internationaux s\u00e9n\u00e9galais n\u2019ont pas tard\u00e9 \u00e0 rejoindre [&hellip;]<\/p>\n","protected":false},"author":1965,"featured_media":0,"comment_status":"closed","ping_status":"closed","sticky":false,"template":"","format":"standard","meta":{"fifu_image_url":"","fifu_image_alt":"","footnotes":""},"categories":[73,82],"tags":[],"class_list":["post-100922","post","type-post","status-publish","format-standard","hentry","category-actualite","category-cameroun"],"_links":{"self":[{"href":"https:\/\/linitiative.ca\/International\/wp-json\/wp\/v2\/posts\/100922","targetHints":{"allow":["GET"]}}],"collection":[{"href":"https:\/\/linitiative.ca\/International\/wp-json\/wp\/v2\/posts"}],"about":[{"href":"https:\/\/linitiative.ca\/International\/wp-json\/wp\/v2\/types\/post"}],"author":[{"embeddable":true,"href":"https:\/\/linitiative.ca\/International\/wp-json\/wp\/v2\/users\/1965"}],"replies":[{"embeddable":true,"href":"https:\/\/linitiative.ca\/International\/wp-json\/wp\/v2\/comments?post=100922"}],"version-history":[{"count":0,"href":"https:\/\/linitiative.ca\/International\/wp-json\/wp\/v2\/posts\/100922\/revisions"}],"wp:attachment":[{"href":"https:\/\/linitiative.ca\/International\/wp-json\/wp\/v2\/media?parent=100922"}],"wp:term":[{"taxonomy":"category","embeddable":true,"href":"https:\/\/linitiative.ca\/International\/wp-json\/wp\/v2\/categories?post=100922"},{"taxonomy":"post_tag","embeddable":true,"href":"https:\/\/linitiative.ca\/International\/wp-json\/wp\/v2\/tags?post=100922"}],"curies":[{"name":"wp","href":"https:\/\/api.w.org\/{rel}","templated":true}]}}