{"id":100924,"date":"2020-10-05T16:18:04","date_gmt":"2020-10-05T20:18:04","guid":{"rendered":"https:\/\/linitiative.ca\/International\/le-dialogue-inter-libyen-a-bouznika-un-precedent-positif-sur-lequel-on-peut-capitaliser-pour-parvenir-a-une-solution-a-la-crise-bourita\/"},"modified":"2020-10-05T16:18:04","modified_gmt":"2020-10-05T20:18:04","slug":"le-dialogue-inter-libyen-a-bouznika-un-precedent-positif-sur-lequel-on-peut-capitaliser-pour-parvenir-a-une-solution-a-la-crise-bourita","status":"publish","type":"post","link":"https:\/\/linitiative.ca\/International\/le-dialogue-inter-libyen-a-bouznika-un-precedent-positif-sur-lequel-on-peut-capitaliser-pour-parvenir-a-une-solution-a-la-crise-bourita\/","title":{"rendered":"Le Dialogue inter-libyen \u00e0 Bouznika, un pr\u00e9c\u00e9dent \u00ab positif \u00bb sur lequel on peut capitaliser pour parvenir \u00e0 une solution \u00e0 la crise (Bourita)"},"content":{"rendered":"<div readability=\"32\">\n<p>Publi\u00e9 le 05.10.2020 \u00e0 21h18 par APA News<\/p>\n<\/div>\n<div readability=\"118\">\n<p>Le dialogue inter-libyen, dont les s\u00e9ances du deuxi\u00e8me round se poursuivent \u00e0 Bouznika entre les d\u00e9l\u00e9gations du Haut Conseil d\u2019\u00c9tat et de la Chambre des Repr\u00e9sentants libyens, constitue un pr\u00e9c\u00e9dent \u00ab positif \u00bb sur lequel on peut capitaliser, en tant qu\u2019approche pour avancer vers une solution \u00e0 la crise dans ce pays, a affirm\u00e9, lundi, le ministre marocain des Affaires \u00e9trang\u00e8res, Nasser Bourita.Au d\u00e9but, personne ne misait sur le Dialogue inter-libyen alors que certains l\u2019ont d\u00e9j\u00e0 tax\u00e9 d\u2019\u00e9chec, a relev\u00e9 M. Bourita, lors d\u2019une s\u00e9ance de ces pourparlers, en pr\u00e9sence des membres des deux d\u00e9l\u00e9gations et du repr\u00e9sentant des Nations-Unies au Maroc, notant toutefois que gr\u00e2ce \u00e0 la volont\u00e9 des deux parties, \u00e0 leur esprit positif, ainsi qu\u2019au soutien des pr\u00e9sidents des deux d\u00e9l\u00e9gations, une avanc\u00e9e majeure a \u00e9t\u00e9 r\u00e9alis\u00e9e.<\/p>\n<p>Ces r\u00e9alisations inspirent \u00ab admiration et fiert\u00e9 \u00bb, en ce sens qu\u2019elles d\u00e9montrent que les membres des deux d\u00e9l\u00e9gations ont fait valoir l\u2019int\u00e9r\u00eat de leur pays et sont \u00e0 la recherche de solutions, a-t-il ajout\u00e9, notant que ces \u00e9l\u00e9ments ont jou\u00e9 un r\u00f4le d\u00e9cisif dans la r\u00e9alisation de ce progr\u00e8s.<\/p>\n<p>Le ministre a \u00e9galement soulign\u00e9 la n\u00e9cessit\u00e9 de soutenir et de pr\u00e9server cette dynamique positive instaur\u00e9e par le dialogue inter-libyen qui \u00ab est de bon augure \u00bb, mettant en avant le r\u00f4le du soutien international et de l\u2019encouragement dont ont eu droit ces pourparlers de la part de pays et d\u2019organisations r\u00e9gionales et internationales.<\/p>\n<p>M. Bourita a soulign\u00e9, dans ce sens, que le dialogue inter-libyen a suscit\u00e9 un \u00e9cho positif parmi les Libyens, qui y voyaient une \u00ab lueur d\u2019espoir et d\u2019optimisme\u00bb, mettant en exergue le r\u00f4le de toutes les parties qui ont accompagn\u00e9 le dialogue de mani\u00e8re constructive et positive depuis le d\u00e9but, y compris la Mission d\u2019appui des Nations Unies en Libye (MANUL) et sa cheffe Stephanie Williams qui assure un suivi permanent comme elle encourage ce Dialogue, qu\u2019elle consid\u00e8re comme un tournant important dans l\u2019immobilisme que connait le dossier libyen.<\/p>\n<p>Le ministre a rappel\u00e9 en outre la position du Maroc vis-\u00e0-vis du Dialogue inter-libyen, affirmant, dans ce sens, que les Hautes instructions royale ont toujours \u00e9t\u00e9 claires en ce qui concerne le dossier libyen, notamment par rapport \u00e0 ce Dialogue.<\/p>\n<p>S\u2019adressant aux membres des deux d\u00e9l\u00e9gations, M. Bourita a soulign\u00e9 que ces Hautes Instructions royales \u00ab consistent \u00e0 soutenir pleinement vos efforts, se tenir \u00e0 vos c\u00f4t\u00e9s et se mobiliser pour r\u00e9ussir votre Dialogue sans ing\u00e9rence, ni influence ou pression, mais plus encore en prot\u00e9geant ce Dialogue contre toute ing\u00e9rence n\u00e9gative portant atteinte \u00e0 son esprit positif \u00bb.<\/p>\n<p>\u00ab Le Maroc, qui \u0153uvre sous l\u2019\u00e9gide des Nations-Unies, pr\u00e9f\u00e8re soutenir les dialogues inter-libyens plut\u00f4t que ceux autour de la Libye, les premiers \u00e9tant fondamentaux et les seconds compl\u00e9mentaires \u00bb, a assur\u00e9 M. Bourita, estimant que le Dialogue inter-libyen de Bouznika fait partie int\u00e9grante de l\u2019action men\u00e9e sous la houlette onusienne pour avancer vers la solution de la crise.<\/p>\n<p>\u00c0 cet \u00e9gard, le ministre a d\u00e9clar\u00e9 \u00e0 l\u2019adresse des membres des deux d\u00e9l\u00e9gations libyennes que \u00ab la confiance en votre esprit patriotique permettra de surmonter toutes les difficult\u00e9s auxquelles vous pouvez faire face (\u2026) et vous \u00eates sur le point de finaliser un accord historique sur tous les d\u00e9tails de l\u2019article 15 de l\u2019accord de Skhirat, que nous souhaitons qu\u2019il sera sign\u00e9 tr\u00e8s prochainement et qui constituera une base fondamentale pour unifier les institutions libyennes \u00bb.<\/p>\n<p>L\u2019importante avanc\u00e9e r\u00e9alis\u00e9e a donn\u00e9 lieu \u00e0 des attentes chez les Libyens et la communaut\u00e9 internationale, surtout dans ce contexte difficile marqu\u00e9 par la crise de la Covid-19 et une situation socio-\u00e9conomique d\u00e9licate dont souffre particuli\u00e8rement le peuple libyen, a-t-il poursuivi, consid\u00e9rant que les r\u00e9alisations atteintes ouvrent des horizons prometteurs de r\u00e9ussite de ce processus, et balisent le chemin aux n\u00e9gociations sur d\u2019autres questions pour surmonter les \u00e9cueils se dressant devant la r\u00e9solution de la crise.<\/p>\n<\/div>\n<p>Auteur: APA News<br \/>\n<a href=\"https:\/\/www.journalducameroun.com\/le-dialogue-inter-libyen-a-bouznika-un-precedent-positif-sur-lequel-on-peut-capitaliser-pour-parvenir-a-une-solution-a-la-crise-bourita\/\">Cliquez ici pour lire l&rsquo;article depuis sa source.<\/a><\/p>\n","protected":false},"excerpt":{"rendered":"<p>Publi\u00e9 le 05.10.2020 \u00e0 21h18 par APA News Le dialogue inter-libyen, dont les s\u00e9ances du deuxi\u00e8me round se poursuivent \u00e0 Bouznika entre les d\u00e9l\u00e9gations du Haut Conseil d\u2019\u00c9tat et de la Chambre des Repr\u00e9sentants libyens, constitue un pr\u00e9c\u00e9dent \u00ab positif \u00bb sur lequel on peut capitaliser, en tant qu\u2019approche pour avancer vers une solution \u00e0 [&hellip;]<\/p>\n","protected":false},"author":1965,"featured_media":0,"comment_status":"closed","ping_status":"closed","sticky":false,"template":"","format":"standard","meta":{"fifu_image_url":"","fifu_image_alt":"","footnotes":""},"categories":[73,82],"tags":[],"class_list":["post-100924","post","type-post","status-publish","format-standard","hentry","category-actualite","category-cameroun"],"_links":{"self":[{"href":"https:\/\/linitiative.ca\/International\/wp-json\/wp\/v2\/posts\/100924","targetHints":{"allow":["GET"]}}],"collection":[{"href":"https:\/\/linitiative.ca\/International\/wp-json\/wp\/v2\/posts"}],"about":[{"href":"https:\/\/linitiative.ca\/International\/wp-json\/wp\/v2\/types\/post"}],"author":[{"embeddable":true,"href":"https:\/\/linitiative.ca\/International\/wp-json\/wp\/v2\/users\/1965"}],"replies":[{"embeddable":true,"href":"https:\/\/linitiative.ca\/International\/wp-json\/wp\/v2\/comments?post=100924"}],"version-history":[{"count":0,"href":"https:\/\/linitiative.ca\/International\/wp-json\/wp\/v2\/posts\/100924\/revisions"}],"wp:attachment":[{"href":"https:\/\/linitiative.ca\/International\/wp-json\/wp\/v2\/media?parent=100924"}],"wp:term":[{"taxonomy":"category","embeddable":true,"href":"https:\/\/linitiative.ca\/International\/wp-json\/wp\/v2\/categories?post=100924"},{"taxonomy":"post_tag","embeddable":true,"href":"https:\/\/linitiative.ca\/International\/wp-json\/wp\/v2\/tags?post=100924"}],"curies":[{"name":"wp","href":"https:\/\/api.w.org\/{rel}","templated":true}]}}