{"id":100925,"date":"2020-10-05T16:18:06","date_gmt":"2020-10-05T20:18:06","guid":{"rendered":"https:\/\/linitiative.ca\/International\/mali-formation-du-gouvernement-de-transition\/"},"modified":"2020-10-05T16:18:06","modified_gmt":"2020-10-05T20:18:06","slug":"mali-formation-du-gouvernement-de-transition","status":"publish","type":"post","link":"https:\/\/linitiative.ca\/International\/mali-formation-du-gouvernement-de-transition\/","title":{"rendered":"Mali : formation du gouvernement de transition"},"content":{"rendered":"<div readability=\"32\">\n<p>Publi\u00e9 le 05.10.2020 \u00e0 21h18 par APA News<\/p>\n<\/div>\n<div readability=\"117\">\n<p>Le pr\u00e9sident de la transition, Bah N\u2019daw et son Premier ministre, Moctar Ouane, ont cosign\u00e9, lundi 5 octobre, le d\u00e9cret portant nomination des membres du gouvernement de transition.Elles sont enfin connues ! Les personnalit\u00e9s charg\u00e9es de remettre le Mali sur les rails durant les 18 prochains mois. Un peu plus d\u2019une semaine apr\u00e8s la d\u00e9signation du Premier ministre, le Mali se dote d\u2019un gouvernement de 25 membres. Le pr\u00e9c\u00e9dent avait \u00e9t\u00e9 dissout, le 19 ao\u00fbt dernier, suite \u00e0 la d\u00e9mission d\u2019Ibrahim Boubacar Ke\u00efta (IBK).<\/p>\n<p>Les militaires, qui ont d\u00e9pos\u00e9 l\u2019ancien chef de l\u2019\u00c9tat la veille, ont ensuite constitu\u00e9 le Conseil National pour le Salut du Peuple (CNSP) pr\u00e9sid\u00e9 par le Colonel Assimi Go\u00efta, l\u2019actuel vice-pr\u00e9sident de la transition. Au total, quatre ministres sont issus des rangs de l\u2019arm\u00e9e. Parmi ceux-ci, il y a le Colonel-Major Isma\u00ebl Wagu\u00e9, ex-porte-parole de la junte.<\/p>\n<p>Voici la liste du gouvernement de transition<\/p>\n<p>Ministre de la D\u00e9fense et des anciens combattants : Colonel Sadio Camara<\/p>\n<p>Ministre de la Justice, garde des Sceaux : Mohamed Sida Dicko<\/p>\n<p>Ministre de l\u2019Administration territoriale et de la D\u00e9centralisation : Lieutenant Colonel Abdoulaye Ma\u00efga<\/p>\n<p>Ministre de la S\u00e9curit\u00e9 et de la Protection civile : Colonel Modibo Kon\u00e9<\/p>\n<p>Ministre la R\u00e9conciliation nationale : Colonel-Major Isma\u00ebl Wagu\u00e9<\/p>\n<p>Ministre de la refondation de l\u2019Etat charg\u00e9 des relations avec les institutions : Mohamed Coulibaly<\/p>\n<p>Ministre des Transports et des Infrastructures : Makan Fily Dabo<\/p>\n<p>Ministre des Affaires \u00e9trang\u00e8res et de la Coop\u00e9ration internationale : Zeyni Moulaye<\/p>\n<p>Ministre de l\u2019\u00c9conomie et des Finances : Alfousseyni Sanou<\/p>\n<p>Ministre des Affaires fonci\u00e8res, de l\u2019Urbanisme et de l\u2019Habitat : Dionk\u00e9 Diarra<\/p>\n<p>Ministre de l\u2019Industrie, du Commerce et de la promotion des investissements : Arouna Niang<\/p>\n<p>Ministre de la Communication et de l\u2019\u00c9conomie num\u00e9rique : Dr Hamadoun Tour\u00e9<\/p>\n<p>Ministre de la Culture, de l\u2019Artisanat et du Tourisme : Kadiatou Konar\u00e9<\/p>\n<p>Ministre de l\u2019\u00c9ducation nationale : Pr Doulaye Konat\u00e9<\/p>\n<p>Ministre de l\u2019Enseignement sup\u00e9rieur et de la Recherche scientifique : Pr Amadou Ke\u00efta<\/p>\n<p>Ministre de la Sant\u00e9 et du D\u00e9veloppement social : Dr Fanta Siby<\/p>\n<p>Ministre de l\u2019Agriculture, de l\u2019\u00c9levage et de la P\u00eache : Mahmoud Ould Mohamed<\/p>\n<p>Ministre des Maliens de l\u2019ext\u00e9rieur et de l\u2019Int\u00e9gration africaine : Al Hamdou Ag Il\u00e8ne<\/p>\n<p>Ministre du Travail et de la Fonction publique : Me Harouna Mahamadou Tour\u00e9h<\/p>\n<p>Ministre de l\u2019Emploi et de la Formation professionnelle : Mohamed Salia Tour\u00e9<\/p>\n<p>Ministre de l\u2019Environnement, de l\u2019Assainissement et du D\u00e9veloppement durable : Bernadette Ke\u00efta<\/p>\n<p>Ministre de la promotion de la femme, de l\u2019enfant et de la famille : Bintou Foun\u00e9 Samak\u00e9<\/p>\n<p>Ministre des Mines, de l\u2019Energie et de l\u2019Eau : Lamine Seydou Traor\u00e9<\/p>\n<p>Ministre de la Jeunesse et des Sports : Moussa Ag Attaher<\/p>\n<p>Ministre des Affaires religieuses et du Culte : Dr Mahamadou Kon\u00e9<\/p>\n<\/div>\n<p>Auteur: APA News<br \/>\n<a href=\"https:\/\/www.journalducameroun.com\/mali-formation-du-gouvernement-de-transition\/\">Cliquez ici pour lire l&rsquo;article depuis sa source.<\/a><\/p>\n","protected":false},"excerpt":{"rendered":"<p>Publi\u00e9 le 05.10.2020 \u00e0 21h18 par APA News Le pr\u00e9sident de la transition, Bah N\u2019daw et son Premier ministre, Moctar Ouane, ont cosign\u00e9, lundi 5 octobre, le d\u00e9cret portant nomination des membres du gouvernement de transition.Elles sont enfin connues ! Les personnalit\u00e9s charg\u00e9es de remettre le Mali sur les rails durant les 18 prochains mois. [&hellip;]<\/p>\n","protected":false},"author":1965,"featured_media":0,"comment_status":"closed","ping_status":"closed","sticky":false,"template":"","format":"standard","meta":{"fifu_image_url":"","fifu_image_alt":"","footnotes":""},"categories":[73,82],"tags":[],"class_list":["post-100925","post","type-post","status-publish","format-standard","hentry","category-actualite","category-cameroun"],"_links":{"self":[{"href":"https:\/\/linitiative.ca\/International\/wp-json\/wp\/v2\/posts\/100925","targetHints":{"allow":["GET"]}}],"collection":[{"href":"https:\/\/linitiative.ca\/International\/wp-json\/wp\/v2\/posts"}],"about":[{"href":"https:\/\/linitiative.ca\/International\/wp-json\/wp\/v2\/types\/post"}],"author":[{"embeddable":true,"href":"https:\/\/linitiative.ca\/International\/wp-json\/wp\/v2\/users\/1965"}],"replies":[{"embeddable":true,"href":"https:\/\/linitiative.ca\/International\/wp-json\/wp\/v2\/comments?post=100925"}],"version-history":[{"count":0,"href":"https:\/\/linitiative.ca\/International\/wp-json\/wp\/v2\/posts\/100925\/revisions"}],"wp:attachment":[{"href":"https:\/\/linitiative.ca\/International\/wp-json\/wp\/v2\/media?parent=100925"}],"wp:term":[{"taxonomy":"category","embeddable":true,"href":"https:\/\/linitiative.ca\/International\/wp-json\/wp\/v2\/categories?post=100925"},{"taxonomy":"post_tag","embeddable":true,"href":"https:\/\/linitiative.ca\/International\/wp-json\/wp\/v2\/tags?post=100925"}],"curies":[{"name":"wp","href":"https:\/\/api.w.org\/{rel}","templated":true}]}}