{"id":100929,"date":"2020-10-06T09:00:44","date_gmt":"2020-10-06T13:00:44","guid":{"rendered":"https:\/\/linitiative.ca\/International\/francophonie-universitaire-auf-nouvelle-equipe-nouvelle-strategie-sous-le-signe-de-la-parite\/"},"modified":"2020-10-06T09:00:44","modified_gmt":"2020-10-06T13:00:44","slug":"francophonie-universitaire-auf-nouvelle-equipe-nouvelle-strategie-sous-le-signe-de-la-parite","status":"publish","type":"post","link":"https:\/\/linitiative.ca\/International\/francophonie-universitaire-auf-nouvelle-equipe-nouvelle-strategie-sous-le-signe-de-la-parite\/","title":{"rendered":"Francophonie universitaire  \/ AUF : Nouvelle \u00e9quipe, nouvelle strat\u00e9gie sous le signe de la parit\u00e9 !"},"content":{"rendered":"<p><img decoding=\"async\" class=\"post_layout_5_img\" src=\"http:\/\/aujourdhui.ma\/wp-content\/uploads\/2020\/10\/agence-universitaire-francophonie.jpg\" alt=\"Francophonie universitaire \/ AUF : Nouvelle &#xE9;quipe, nouvelle strat&#xE9;gie sous le signe de la parit&#xE9; !\"\/><\/p>\n<p><span class=\"c5\"><strong>Pour la premi\u00e8re fois depuis sa cr\u00e9ation en 1961, l\u2019Association Universitaire pour la Francophonie vient d\u2019atteindre une parit\u00e9 dans ses postes de direction et ce, \u00e0 tous les niveaux. La nouvelle \u00e9quipe s\u2019attelle, par ailleurs, \u00e0 \u00e9laborer la nouvelle strat\u00e9gie 2021-2025.<\/strong><\/span><span id=\"more-356961\"\/><\/p>\n<p>La nouvelle \u00e9quipe fra\u00eechement nomm\u00e9e aura \u00e0 concocter tr\u00e8s rapidement la strat\u00e9gie des 5 prochaines ann\u00e9es et qui repose sur les r\u00e9sultats, lanc\u00e9e par l\u2019Association Universitaire pour la Francophonie (AUF), en juillet dernier aupr\u00e8s de ses 1.007 \u00e9tablissements-membres dans 119 pays. Cette enqu\u00eate a permis d\u2019identifier les besoins des diverses parties prenantes pour ne citer que les membres, les dirigeants, les \u00e9tudiants ainsi que les partenaires institutionnels, politiques et \u00e9conomiques. Le respect de la parit\u00e9 dans les nouvelles nominations vient, par ailleurs, conforter l\u2019engagement exprim\u00e9 par l\u2019AUF en r\u00e9f\u00e9rence aux instances de gouvernance qui r\u00e9clament la parit\u00e9 depuis d\u00e9j\u00e0 quelques ann\u00e9es. La politique \u00ab\u00e9galit\u00e9 femmes-hommes\u00bb, lanc\u00e9e en 2018, a \u00e9t\u00e9 concr\u00e9tis\u00e9e aujourd\u2019hui par le recteur Slim Khalbous, qui a d\u00e9clar\u00e9 lors de la prise de fonction des directrices et directeurs : \u00abJe suis particuli\u00e8rement fier que nous ayons pu, pour la premi\u00e8re fois \u00e0 l\u2019AUF, atteindre la parit\u00e9 parfaite femmes-hommes dans les diff\u00e9rents postes de direction aussi bien en central qu\u2019en r\u00e9gion, preuve que le progr\u00e8s soci\u00e9tal s\u2019accompagne toujours d\u2019une r\u00e9elle volont\u00e9 politique\u00bb. Pour rappel, cela fait 60 ans que l\u2019Agence Universitaire de la Francophonie existe. Cette association mondiale d\u2019\u00e9tablissements d\u2019enseignement sup\u00e9rieur et de recherche francophones regroupe 1.007 universit\u00e9s, r\u00e9parties sur les cinq continents dans 119 pays. Le Sommet de la Francophonie pour l\u2019enseignement sup\u00e9rieur et la recherche organis\u00e9 par l\u2019ONG illustre son engagement dans le d\u00e9veloppement \u00e9conomique, social et culturel des soci\u00e9t\u00e9s. Intervenant dans 10 r\u00e9gions dans le monde, elle intervient \u00e9galement au Maghreb. Et c\u2019est \u00e0 Rabat, depuis 2012, que la direction r\u00e9gionale Maghreb a \u00e9t\u00e9 install\u00e9e animant un r\u00e9seau de 118 membres dans quatre pays : l\u2019Alg\u00e9rie, la Libye, le Maroc et la Tunisie. Elle compte 4 implantations dans trois pays : trois campus num\u00e9riques francophones (CNF) \u00e0 Alger (Alg\u00e9rie), Rabat (Maroc) et \u00e0 Tunis (Tunisie) et l\u2019Institut de la Francophonie pour l\u2019ing\u00e9nierie de la connaissance et la formation \u00e0 distance (IFIC) \u00e0 Tunis.<br \/>L\u2019objectif dans cette r\u00e9gion pr\u00e9cis\u00e9ment est de valoriser le potentiel scientifique et de l\u00e0 des jeunes face \u00e0 la probl\u00e9matique de la massification et le niveau de langue fran\u00e7aise des \u00e9tudiants. Ces deux obstacles impactent en effet n\u00e9gativement la qualit\u00e9 de l\u2019enseignement, le taux d\u2019\u00e9chec et l\u2019insertion professionnelle. Et c\u2019est dans ce sens que l\u2019AUF Maghreb \u0153uvre pour la modernisation. Ses priorit\u00e9s tournent autour de la facilitation de l\u2019acc\u00e8s \u00e0 l\u2019emploi des jeunes dipl\u00f4m\u00e9s, de l\u2019am\u00e9lioration de la qualit\u00e9 de la gouvernance et de la promotion de la recherche en langue fran\u00e7aise.<\/p>\n<div class=\"base-box mom_box_sc_custom mom_box_sc clear c6\" readability=\"19\">\n<p><strong><span class=\"c5\">1 million d\u2019euros pour subventionner des projets de jeunes<\/span><\/strong><\/p>\n<p>Dans le cadre de son plan d\u2019action sp\u00e9cial Covid-19, l\u2019AUF avait lanc\u00e9, du 10 avril au 5 mai 2020, un appel \u00e0 projets international pour soutenir, au sein de ses \u00e9tablissements membres, des initiatives d\u2019\u00e9tudiant\u00b7e\u00b7s, d\u2019\u00e9l\u00e8ves-ing\u00e9nieur\u00b7e\u00b7s et de jeunes chercheur\u00b7e\u00b7s li\u00e9es \u00e0 la pand\u00e9mie. Un fonds exceptionnel de 500.000 euros y a \u00e9t\u00e9 initialement consacr\u00e9 pour l\u2019\u00e9valuation de pr\u00e8s de 2.000 projets de 76 pays. Suite \u00e0 l\u2019engouement enregistr\u00e9, l\u2019AUF a doubl\u00e9 sa subvention qui atteint d\u00e9sormais un million d\u2019euros. Cette manne permettra de financer 92 projets issus de 87 \u00e9tablissements membres dans 44 pays.<\/p>\n<\/div>\n<div class=\"base-box mom_box_sc_custom mom_box_sc clear c7\" readability=\"10\">\n<p><span class=\"c5\"><strong>Composition de la direction g\u00e9n\u00e9rale, du cabinet, des directions centrales et des directions r\u00e9gionales<\/strong><\/span><\/p>\n<ul>\n<li><strong>Les Vice-recteurs<\/strong><br \/>Alain Charbonneau, charg\u00e9 du r\u00e9seautage et des zones<br \/>Am\u00e9riques et Asie-Pacifique<br \/>Pierre-Jean Loiret, Charg\u00e9 des partenariats et des zones<br \/>Afrique et Europe<\/li>\n<li><strong>Le Secr\u00e9taire g\u00e9n\u00e9ral<\/strong><br \/>Abderrahmane Rida<\/li>\n<li><strong>La Cheffe de cabinet, les conseillers et la charg\u00e9e de mission<\/strong><br \/>Marielle Payaud, cheffe de cabinet<br \/>Georges Malamoud, conseiller Strat\u00e9gie et Num\u00e9rique<br \/>Aicha Moutaoukil, conseill\u00e8re Politique et Relations publiques<br \/>Driss Sayah, conseiller Innovation et Partenariats<br \/>Annick Suzor-Weiner, charg\u00e9e de mission<\/li>\n<li><strong>Les directrices et directeurs des services centraux<\/strong><br \/>Pascale Blanc, Direction du Num\u00e9rique<br \/>Brigitte Chotel, Direction de la Communication<br \/>Christophe Dernbach, Direction des Finances<br \/>Jean-Fran\u00e7ois Lancelot, Direction des R\u00e9seaux<br \/>Sabine Lopez, Direction des Projets<br \/>Cynthia Mvi\u00e9-L\u00e9pine, Direction des Ressources humaines<br \/>Ivana Radic, Direction du Juridique<\/li>\n<li><strong>Les directrices et directeurs r\u00e9gionaux de l\u2019AUF<\/strong><br \/>A\u00efssatou Sy-Wonyu, AUF Afrique centrale et Grands Lacs<br \/>Ouidad Tebbaa, AUF Afrique de l\u2019Ouest<br \/>Linda Cardinal, AUF Am\u00e9riques<br \/>Jean-Marc Lavest, AUF Asie-Pacifique<br \/>Saulo Neiva, AUF Cara\u00efbe<br \/>Mohamed Ketata, AUF Europe centrale et orientale<br \/>Olfa Z\u00e9ribi, AUF Europe de l\u2019Ouest<br \/>Danielle Pailler, AUF Maghreb<br \/>Jean-No\u00ebl Bal\u00e9o, AUF Moyen-Orient<br \/>Cl\u00e9ment Ramiarinjaona, AUF Oc\u00e9an Indien<\/li>\n<\/ul>\n<\/div>\n<p>Auteur: Dounia Essabban<br \/>\n<a href=\"https:\/\/aujourdhui.ma\/societe\/francophonie-universitaire-auf-nouvelle-equipe-nouvelle-strategie-sous-le-signe-de-la-parite\">Cliquez ici pour lire l&rsquo;article depuis sa source.<\/a><\/p>\n","protected":false},"excerpt":{"rendered":"<p>Pour la premi\u00e8re fois depuis sa cr\u00e9ation en 1961, l\u2019Association Universitaire pour la Francophonie vient d\u2019atteindre une parit\u00e9 dans ses postes de direction et ce, \u00e0 tous les niveaux. La nouvelle \u00e9quipe s\u2019attelle, par ailleurs, \u00e0 \u00e9laborer la nouvelle strat\u00e9gie 2021-2025. La nouvelle \u00e9quipe fra\u00eechement nomm\u00e9e aura \u00e0 concocter tr\u00e8s rapidement la strat\u00e9gie des 5 [&hellip;]<\/p>\n","protected":false},"author":1759,"featured_media":100930,"comment_status":"closed","ping_status":"closed","sticky":false,"template":"","format":"standard","meta":{"fifu_image_url":"","fifu_image_alt":"","footnotes":""},"categories":[73,54],"tags":[],"class_list":["post-100929","post","type-post","status-publish","format-standard","has-post-thumbnail","hentry","category-actualite","category-maroc"],"_links":{"self":[{"href":"https:\/\/linitiative.ca\/International\/wp-json\/wp\/v2\/posts\/100929","targetHints":{"allow":["GET"]}}],"collection":[{"href":"https:\/\/linitiative.ca\/International\/wp-json\/wp\/v2\/posts"}],"about":[{"href":"https:\/\/linitiative.ca\/International\/wp-json\/wp\/v2\/types\/post"}],"author":[{"embeddable":true,"href":"https:\/\/linitiative.ca\/International\/wp-json\/wp\/v2\/users\/1759"}],"replies":[{"embeddable":true,"href":"https:\/\/linitiative.ca\/International\/wp-json\/wp\/v2\/comments?post=100929"}],"version-history":[{"count":0,"href":"https:\/\/linitiative.ca\/International\/wp-json\/wp\/v2\/posts\/100929\/revisions"}],"wp:featuredmedia":[{"embeddable":true,"href":"https:\/\/linitiative.ca\/International\/wp-json\/"}],"wp:attachment":[{"href":"https:\/\/linitiative.ca\/International\/wp-json\/wp\/v2\/media?parent=100929"}],"wp:term":[{"taxonomy":"category","embeddable":true,"href":"https:\/\/linitiative.ca\/International\/wp-json\/wp\/v2\/categories?post=100929"},{"taxonomy":"post_tag","embeddable":true,"href":"https:\/\/linitiative.ca\/International\/wp-json\/wp\/v2\/tags?post=100929"}],"curies":[{"name":"wp","href":"https:\/\/api.w.org\/{rel}","templated":true}]}}