{"id":100939,"date":"2020-10-06T10:02:05","date_gmt":"2020-10-06T14:02:05","guid":{"rendered":"https:\/\/linitiative.ca\/International\/mercato-lions-de-latlas%ef%bb%bf\/"},"modified":"2020-10-06T10:02:05","modified_gmt":"2020-10-06T14:02:05","slug":"mercato-lions-de-latlas%ef%bb%bf","status":"publish","type":"post","link":"https:\/\/linitiative.ca\/International\/mercato-lions-de-latlas%ef%bb%bf\/","title":{"rendered":"Mercato : Lions de l\u2019Atlas\ufeff"},"content":{"rendered":"<p class=\"has-text-color has-vivid-red-color c2\"><strong>Oussama Idrissi: \u00abJe suis tr\u00e8s heureux d\u2019arriver au FC S\u00e9ville\u00bb<\/strong><\/p>\n<p class=\"has-text-color has-vivid-cyan-blue-color\"><strong>Auteur de 17 buts et 10 passes d\u00e9cisives, l\u2019international marocain Oussama Idrissi a rejoint le FC S\u00e9ville de Julen Lopetegui en provenance de l\u2019AZ Alkamaar\u00a0: \u00a0\u00abLe FC S\u00e9ville et l\u2019AZ Alkmaar ont conclu un accord pour le transfert de l\u2019ailier Oussama Idrissi au club andalou jusqu\u2019en 2025\u00bb, a annonc\u00e9, lundi, le club espagnol dans un communiqu\u00e9.<\/strong><\/p>\n<div class=\"wp-block-image\"><img loading=\"lazy\" decoding=\"async\" src=\"http:\/\/albayane.press.ma\/wp-content\/uploads\/Ventre-Bouta\u00efb-file-au-Havre-15.jpg\" alt=\"\" class=\"wp-image-96697\" width=\"563\" height=\"332\"\/><\/div>\n<p>\u00c0 en croire les m\u00e9dias sportifs espagnols, le montant du transfert oscillerait entre 12 et 15 millions d\u2019euros bonus inclus. Il rejoint le trio marocain Yassine Bounou, Munir El Haddadi et Youssef En Nesyri.<\/p>\n<p>Le Lion de l\u2019Atlas a assur\u00e9, lors de la conf\u00e9rence de presse suivant sa pr\u00e9sentation officielle, que son transfert au FC S\u00e9ville est \u00abune \u00e9tape importante\u00bb dans sa carri\u00e8re\u00a0:<\/p>\n<p>\u00abJe suis tr\u00e8s heureux d\u2019arriver au FC S\u00e9ville, un club avec une grande histoire, actuel vainqueur de la derni\u00e8re UEFA Europa League. C\u2019est une \u00e9tape importante dans ma carri\u00e8re, un saut important. La possibilit\u00e9 de m\u2019entra\u00eener tous les jours aux c\u00f4t\u00e9s de ces joueurs de haut niveau m\u2019aidera \u00e0 grandir et \u00e0 devenir un meilleur joueur\u00bb, a confi\u00e9 l\u2019ailier de 24 ans.<\/p>\n<p>L\u2019international marocain a m\u00eame avou\u00e9 qu\u2019il avait d\u2019autres offres mais qu\u2019il ne les a pas prises en compte, selon lui, entre S\u00e9ville et d\u2019autres clubs, le choix n\u2019a pas \u00e9t\u00e9 difficile puisque \u00abc\u2019est l\u00e0 qu\u2019il voulait \u00eatre\u00bb.<\/p>\n<p>Par ailleurs, Idrissi s\u2019est dit heureux de rejoindre ses compatriotes\u00a0: \u00abC\u2019est important d\u2019avoir ces joueurs ici, parce qu\u2019ils vont beaucoup m\u2019aider pour mon adaptation\u00bb.<\/p>\n<p class=\"has-text-color has-vivid-red-color\"><strong>Ligue 1: Boufal de retour \u00e0 Angers<\/strong><\/p>\n<p>L\u2019international marocain Sofiane Boufal a fait son retour dans son club formateur, le SCO d\u2019Angers, en provenance de Southampton, a annonc\u00e9 lundi soir le club fran\u00e7ais.<\/p>\n<p>En manque de rep\u00e8res \u00e0 Southampton, l\u2019attaquant marocain en qu\u00eate de temps de jeu, est revenu se relancer dans son club formateur Angers, o\u00f9 il a fait ses d\u00e9buts professionnels avant de filer \u00e0 Lille (janvier 2015).<\/p>\n<p>Bien que Boufal ait sign\u00e9 quelques bonnes prestations en Premier League r\u00e9v\u00e9lant l\u2019\u00e9tendue de son talent de dribbleur, l\u2019ailier marocain n\u2019a jamais r\u00e9ussi \u00e0 s\u2019imposer comme un titulaire indiscutable chez les Saints.<\/p>\n<p>Pr\u00eat\u00e9 au Celta Vigo pour la saison 2018-2019, le Lion de l\u2019Atlas a disput\u00e9 35 matches de Liga avant de revenir en Premier League.<\/p>\n<p>D\u2019autres clubs \u00e9taient int\u00e9ress\u00e9s par le profil du Marocain \u00e0 l\u2019instar de l\u2019Olympiakos ou encore de l\u2019Istanbul Basaksehir qui avaient tent\u00e9 de recruter le milieu de terrain cet \u00e9t\u00e9.<\/p>\n<p class=\"has-text-color has-vivid-red-color\"><strong>Officiel: Bouta\u00efb file au Havre<\/strong><\/p>\n<p>Khalid Boutaib est de retour en France. L\u2019attaquant marocain s\u2019est engag\u00e9 avec le Havre, club pensionnaire de Ligue 2.<\/p>\n<p>En effet, Boutaib connait tr\u00e8s bien la Ligue 2 pour y avoir inscrit 21 buts lors de son passage au Racing Club de Strasbourg (2016\/2017), devenant par la m\u00eame occasion l\u2019un des acteurs majeurs du sacre du club, synonyme de remont\u00e9e dans l\u2019\u00e9lite.<\/p>\n<p>Ayant \u00e9t\u00e9 l\u2019un des meilleurs \u00e9l\u00e9ments \u00e0 Strasbourg, le 7 juin 2017, le joueur \u00e2g\u00e9 de 30 ans finit par quitter la France pour s\u2019engager gratuitement avec le Yeni Malatyaspor, promu en premi\u00e8re division, pour une dur\u00e9e de deux saisons. Il finit la saison 2017-18 sur une statistique remarquable avec 17 buts marqu\u00e9s en 42 matchs. Il est r\u00e9compens\u00e9 par le s\u00e9lectionneur fran\u00e7ais Herv\u00e9 Renard en prenant part \u00e0 la Coupe du monde 2018.<\/p>\n<p>Apr\u00e8s le \u00e2ssage remarqu\u00e9 de la s\u00e9lection marocaine lors de la Coupe du monde, Boutaib signe un contrat de trois ans au sein du club \u00e9gyptien du Zamalek SC. \u00c0 la fin de 2019, le club r\u00e9silie le contrat avec l\u2019international marocain.<\/p>\n<p>Libre depuis sa r\u00e9siliation de contrat au sein du club du Zamalek SC, Boutaib s\u2019engage le 5 octobre 2020 pour 2 saison + option au Havre AC. Il portera le num\u00e9ro 13. Il apportera son exp\u00e9rience au groupe de Paul Le Guen.<\/p>\n<p>Auteur: M&rsquo;hammed rahal<br \/>\n<a href=\"http:\/\/albayane.press.ma\/mercato-lions-de-latlas%EF%BB%BF.html\">Cliquez ici pour lire l&rsquo;article depuis sa source.<\/a><\/p>\n","protected":false},"excerpt":{"rendered":"<p>Oussama Idrissi: \u00abJe suis tr\u00e8s heureux d\u2019arriver au FC S\u00e9ville\u00bb Auteur de 17 buts et 10 passes d\u00e9cisives, l\u2019international marocain Oussama Idrissi a rejoint le FC S\u00e9ville de Julen Lopetegui en provenance de l\u2019AZ Alkamaar\u00a0: \u00a0\u00abLe FC S\u00e9ville et l\u2019AZ Alkmaar ont conclu un accord pour le transfert de l\u2019ailier Oussama Idrissi au club andalou [&hellip;]<\/p>\n","protected":false},"author":1760,"featured_media":100940,"comment_status":"closed","ping_status":"closed","sticky":false,"template":"","format":"standard","meta":{"fifu_image_url":"","fifu_image_alt":"","footnotes":""},"categories":[73,54],"tags":[],"class_list":["post-100939","post","type-post","status-publish","format-standard","has-post-thumbnail","hentry","category-actualite","category-maroc"],"_links":{"self":[{"href":"https:\/\/linitiative.ca\/International\/wp-json\/wp\/v2\/posts\/100939","targetHints":{"allow":["GET"]}}],"collection":[{"href":"https:\/\/linitiative.ca\/International\/wp-json\/wp\/v2\/posts"}],"about":[{"href":"https:\/\/linitiative.ca\/International\/wp-json\/wp\/v2\/types\/post"}],"author":[{"embeddable":true,"href":"https:\/\/linitiative.ca\/International\/wp-json\/wp\/v2\/users\/1760"}],"replies":[{"embeddable":true,"href":"https:\/\/linitiative.ca\/International\/wp-json\/wp\/v2\/comments?post=100939"}],"version-history":[{"count":0,"href":"https:\/\/linitiative.ca\/International\/wp-json\/wp\/v2\/posts\/100939\/revisions"}],"wp:featuredmedia":[{"embeddable":true,"href":"https:\/\/linitiative.ca\/International\/wp-json\/"}],"wp:attachment":[{"href":"https:\/\/linitiative.ca\/International\/wp-json\/wp\/v2\/media?parent=100939"}],"wp:term":[{"taxonomy":"category","embeddable":true,"href":"https:\/\/linitiative.ca\/International\/wp-json\/wp\/v2\/categories?post=100939"},{"taxonomy":"post_tag","embeddable":true,"href":"https:\/\/linitiative.ca\/International\/wp-json\/wp\/v2\/tags?post=100939"}],"curies":[{"name":"wp","href":"https:\/\/api.w.org\/{rel}","templated":true}]}}