{"id":100941,"date":"2020-10-06T10:04:47","date_gmt":"2020-10-06T14:04:47","guid":{"rendered":"https:\/\/linitiative.ca\/International\/transferts-des-mre-une-resilience-a-toute-epreuve\/"},"modified":"2020-10-06T10:04:47","modified_gmt":"2020-10-06T14:04:47","slug":"transferts-des-mre-une-resilience-a-toute-epreuve","status":"publish","type":"post","link":"https:\/\/linitiative.ca\/International\/transferts-des-mre-une-resilience-a-toute-epreuve\/","title":{"rendered":"Transferts des MRE, une r\u00e9silience \u00e0 toute \u00e9preuve"},"content":{"rendered":"<p class=\"has-text-color c2\"><strong>Les transferts des MRE font une nouvelle fois preuve de leur r\u00e9silience. En pleine crise li\u00e9e \u00e0 la pand\u00e9mie de la Covid-19, ils ont pu limiter leur baisse \u00e0 3%. Et au-del\u00e0 des pr\u00e9visions les plus optimistes, les envois MRE corrig\u00e9s des variations saisonni\u00e8res affichent d\u00e8s le mois de juillet, loin de toute attente, des hausses tr\u00e8s surprenantes.<\/strong><\/p>\n<p>Cette \u00e9volution pour le moins impr\u00e9visible, d\u00e9fie la logique et les calculs de probabilit\u00e9, car les transferts des MRE d\u00e9pendent de deux principaux facteurs structurels \u00e0 savoir la croissance \u00e9conomique mondiale et l\u2019\u00e9volution de la population des MRE. Dans ce cas de figure, ces deux facteurs ne peuvent expliquer les derni\u00e8res \u00e9volutions des transferts des MRE, ce qui laisse place \u00e0 plusieurs hypoth\u00e8ses.<\/p>\n<p>Ainsi, les baisses enregistr\u00e9es par les envois de la diaspora marocaine durant la p\u00e9riode allant de mars \u00e0 mai, pourraient \u00eatre dues \u00e0 des comportements sp\u00e9culatifs des banques \u00e9trang\u00e8res contre le dirham.<\/p>\n<p>Pour l\u2019\u00e9conomiste et sp\u00e9cialiste de politique de change, Omar Bakkou, ces banques, qui disposent de comptes en dirhams convertibles, peuvent en effet ne pas transf\u00e9rer les devises collect\u00e9es aupr\u00e8s des MRE en utilisant les dirhams \u00e0 leur disposition, cela en anticipant une d\u00e9pr\u00e9ciation du dirham contre l\u2019euro ou un autre \u00e9largissement de la bande de fluctuation. Elles auraient ainsi proc\u00e9d\u00e9 \u00e0 la cession de ces devises au mois de juin, confie-t-il \u00e0 la MAP.<\/p>\n<p>D\u2019autre part, M. Bakkou explique la reprise des transferts des MRE \u00e0 partir du mois de juillet par la solidarit\u00e9 sans faille que les MRE ont toujours manifest\u00e9e \u00e0 l\u2019\u00e9gard de leurs familles au Maroc, surtout dans le monde rural et par temps de s\u00e9cheresse. Ce qui laisse entendre que les filets sociaux en Europe auraient permis, malgr\u00e9 la crise, aux MRE de maintenir leurs revenus.<\/p>\n<p>L\u2019\u00e9volution observ\u00e9e par les transferts des MRE en pleine crise de Covid-19 rassure Bank Al-Maghrib. Celui-ci s\u2019attend en effet \u00e0 une baisse des envois des MRE limit\u00e9e \u00e0 5% en 2020 avant une reprise de 2,4% \u00e0 63 milliards de dirhams en 2021.<\/p>\n<p>Sur ce point, M. Bakkou note que l\u2019optimisme de la banque centrale du Maroc se fonde sur deux principaux facteurs, en l\u2019occurrence la r\u00e9silience constat\u00e9e dans le pass\u00e9 des transferts des MRE, et les perspectives d\u2019\u00e9volution de l\u2019\u00e9conomie mondiale qui laisse entrevoir une croissance importante apr\u00e8s la disparition ou l\u2019att\u00e9nuation de la gravit\u00e9 de la crise sanitaire.<br \/>Abordant les d\u00e9terminants macro\u00e9conomiques et micro\u00e9conomiques des transferts des MRE, M. Bakkou a cit\u00e9 l\u2019\u00e9volution de l\u2019effectif de la communaut\u00e9 marocaine \u00e9tablie \u00e0 l\u2019\u00e9tranger, la conjoncture \u00e9conomique mondiale, particuli\u00e8rement en Europe, continent o\u00f9 se concentre une grande partie de la diaspora marocaine, la bancarisation des MRE, et le co\u00fbt des transferts (commissions bancaires) qui peut \u00eatre un levier important pour drainer les transferts de fonds notamment en p\u00e9riode de crise.<\/p>\n<p>Le Maroc compte parmi les pays qui b\u00e9n\u00e9ficient le plus des transferts de la diaspora. Bon nombre de raisons sous-tendent cela, notamment l\u2019importance de la communaut\u00e9 marocaine \u00e9tablie \u00e0 l\u2019\u00e9tranger, la proximit\u00e9 g\u00e9ographique entre le Maroc et les principaux pays d\u2019accueil, ainsi que les politiques mises en place par les autorit\u00e9s et qui participent au renforcement de l\u2019attachement des Marocains du monde \u00e0 leur pays d\u2019origine.<\/p>\n<p>Auteur: M&rsquo;hammed rahal<br \/>\n<a href=\"http:\/\/albayane.press.ma\/transferts-des-mre-une-resilience-a-toute-epreuve.html\">Cliquez ici pour lire l&rsquo;article depuis sa source.<\/a><\/p>\n","protected":false},"excerpt":{"rendered":"<p>Les transferts des MRE font une nouvelle fois preuve de leur r\u00e9silience. En pleine crise li\u00e9e \u00e0 la pand\u00e9mie de la Covid-19, ils ont pu limiter leur baisse \u00e0 3%. Et au-del\u00e0 des pr\u00e9visions les plus optimistes, les envois MRE corrig\u00e9s des variations saisonni\u00e8res affichent d\u00e8s le mois de juillet, loin de toute attente, des [&hellip;]<\/p>\n","protected":false},"author":1760,"featured_media":0,"comment_status":"closed","ping_status":"closed","sticky":false,"template":"","format":"standard","meta":{"fifu_image_url":"","fifu_image_alt":"","footnotes":""},"categories":[73,54],"tags":[],"class_list":["post-100941","post","type-post","status-publish","format-standard","hentry","category-actualite","category-maroc"],"_links":{"self":[{"href":"https:\/\/linitiative.ca\/International\/wp-json\/wp\/v2\/posts\/100941","targetHints":{"allow":["GET"]}}],"collection":[{"href":"https:\/\/linitiative.ca\/International\/wp-json\/wp\/v2\/posts"}],"about":[{"href":"https:\/\/linitiative.ca\/International\/wp-json\/wp\/v2\/types\/post"}],"author":[{"embeddable":true,"href":"https:\/\/linitiative.ca\/International\/wp-json\/wp\/v2\/users\/1760"}],"replies":[{"embeddable":true,"href":"https:\/\/linitiative.ca\/International\/wp-json\/wp\/v2\/comments?post=100941"}],"version-history":[{"count":0,"href":"https:\/\/linitiative.ca\/International\/wp-json\/wp\/v2\/posts\/100941\/revisions"}],"wp:attachment":[{"href":"https:\/\/linitiative.ca\/International\/wp-json\/wp\/v2\/media?parent=100941"}],"wp:term":[{"taxonomy":"category","embeddable":true,"href":"https:\/\/linitiative.ca\/International\/wp-json\/wp\/v2\/categories?post=100941"},{"taxonomy":"post_tag","embeddable":true,"href":"https:\/\/linitiative.ca\/International\/wp-json\/wp\/v2\/tags?post=100941"}],"curies":[{"name":"wp","href":"https:\/\/api.w.org\/{rel}","templated":true}]}}