{"id":100942,"date":"2020-10-06T10:07:53","date_gmt":"2020-10-06T14:07:53","guid":{"rendered":"https:\/\/linitiative.ca\/International\/%ef%bb%bflarabie-saoudite-exprime-son-soutien-aux-mesures-prises-par-le-maroc\/"},"modified":"2020-10-06T10:07:53","modified_gmt":"2020-10-06T14:07:53","slug":"%ef%bb%bflarabie-saoudite-exprime-son-soutien-aux-mesures-prises-par-le-maroc","status":"publish","type":"post","link":"https:\/\/linitiative.ca\/International\/%ef%bb%bflarabie-saoudite-exprime-son-soutien-aux-mesures-prises-par-le-maroc\/","title":{"rendered":"\ufeffL\u2019Arabie saoudite exprime son soutien aux mesures prises par le Maroc\u2026"},"content":{"rendered":"<p class=\"has-text-color has-vivid-red-color c2\"><strong>Lutte contre l\u2019extr\u00e9misme et le terrorisme<\/strong><\/p>\n<p class=\"has-text-color c3\"><strong>L\u2019Arabie Saoudite a exprim\u00e9 son soutien aux mesures prises par le Royaume du Maroc pour assurer la s\u00e9curit\u00e9 et la stabilit\u00e9 et lutter contre l\u2019extr\u00e9misme et le terrorisme sous toutes ses formes.<\/strong><\/p>\n<p>Dans un communiqu\u00e9 publi\u00e9 lundi, le minist\u00e8re saoudien des Affaires \u00e9trang\u00e8res a salu\u00e9 la capacit\u00e9 des services de s\u00e9curit\u00e9 marocains qui ont r\u00e9ussi \u00e0 avorter des complots terroristes dangereux et imminents, et \u00e0 d\u00e9manteler une cellule terroriste visant \u00e0 d\u00e9stabiliser la s\u00e9curit\u00e9 et la stabilit\u00e9 du Royaume du Maroc.<\/p>\n<p>Le Bureau central d\u2019investigation judiciaire (BCIJ) avait annonc\u00e9 ce lundi le d\u00e9mant\u00e8lement d\u2019une cellule terroriste affili\u00e9e \u00e0 l\u2019organisation \u00ab\u00a0Daech\u00a0\u00bb active dans la ville de Tanger et compos\u00e9e de quatre individus.<\/p>\n<p>D\u2019apr\u00e8s les premiers \u00e9l\u00e9ments de l\u2019enqu\u00eate, les membres de cette cellule terroriste ont d\u00e9cid\u00e9 d\u2019adh\u00e9rer \u00e0 des projets terroristes dangereux et imminents qui visent \u00e0 d\u00e9stabiliser la s\u00e9curit\u00e9 et la stabilit\u00e9 du Royaume \u00e0 travers des m\u00e9thodes terroristes inspir\u00e9es des op\u00e9rations que l\u2019organisation menait sur la sc\u00e8ne syro-irakienne.<\/p>\n<p class=\"has-text-color has-vivid-red-color\"><strong>\u2026 et l\u2019OCI salue la vigilance des services de s\u00e9curit\u00e9 marocains<\/strong><\/p>\n<p>L\u2019Organisation de la coop\u00e9ration islamique (OCI) a salu\u00e9 la vigilance des services de s\u00e9curit\u00e9 marocains face \u00e0 la menace du terrorisme, apr\u00e8s le d\u00e9mant\u00e8lement d\u2019une cellule terroriste active dans la ville de Tanger.<\/p>\n<p>Dans un communiqu\u00e9 publi\u00e9 lundi, l\u2019OCI a r\u00e9affirm\u00e9 son soutien au Maroc et \u00e0 toutes les mesures que le Royaume entreprend pour lutter contre l\u2019extr\u00e9misme et le terrorisme afin de pr\u00e9server la paix, la stabilit\u00e9 du Royaume et la s\u00e9curit\u00e9 de son territoire.<\/p>\n<p>Le Bureau central d\u2019investigation judiciaire (BCIJ) avait annonc\u00e9 ce lundi le d\u00e9mant\u00e8lement d\u2019une cellule terroriste affili\u00e9e \u00e0 l\u2019organisation \u00ab\u00a0Daech\u00a0\u00bb active dans la ville de Tanger et compos\u00e9e de quatre individus.<\/p>\n<p>D\u2019apr\u00e8s les premiers \u00e9l\u00e9ments de l\u2019enqu\u00eate, les membres de cette cellule terroriste ont d\u00e9cid\u00e9 d\u2019adh\u00e9rer \u00e0 des projets terroristes dangereux et imminents qui visent \u00e0 d\u00e9stabiliser la s\u00e9curit\u00e9 et la stabilit\u00e9 du Royaume \u00e0 travers des m\u00e9thodes terroristes inspir\u00e9es des op\u00e9rations que l\u2019organisation menait sur la sc\u00e8ne syro-irakienne.<\/p>\n<p>Auteur: M&rsquo;hammed rahal<br \/>\n<a href=\"http:\/\/albayane.press.ma\/%EF%BB%BFlarabie-saoudite-exprime-son-soutien-aux-mesures-prises-par-le-maroc.html\">Cliquez ici pour lire l&rsquo;article depuis sa source.<\/a><\/p>\n","protected":false},"excerpt":{"rendered":"<p>Lutte contre l\u2019extr\u00e9misme et le terrorisme L\u2019Arabie Saoudite a exprim\u00e9 son soutien aux mesures prises par le Royaume du Maroc pour assurer la s\u00e9curit\u00e9 et la stabilit\u00e9 et lutter contre l\u2019extr\u00e9misme et le terrorisme sous toutes ses formes. Dans un communiqu\u00e9 publi\u00e9 lundi, le minist\u00e8re saoudien des Affaires \u00e9trang\u00e8res a salu\u00e9 la capacit\u00e9 des services [&hellip;]<\/p>\n","protected":false},"author":1760,"featured_media":0,"comment_status":"closed","ping_status":"closed","sticky":false,"template":"","format":"standard","meta":{"fifu_image_url":"","fifu_image_alt":"","footnotes":""},"categories":[73,54],"tags":[],"class_list":["post-100942","post","type-post","status-publish","format-standard","hentry","category-actualite","category-maroc"],"_links":{"self":[{"href":"https:\/\/linitiative.ca\/International\/wp-json\/wp\/v2\/posts\/100942","targetHints":{"allow":["GET"]}}],"collection":[{"href":"https:\/\/linitiative.ca\/International\/wp-json\/wp\/v2\/posts"}],"about":[{"href":"https:\/\/linitiative.ca\/International\/wp-json\/wp\/v2\/types\/post"}],"author":[{"embeddable":true,"href":"https:\/\/linitiative.ca\/International\/wp-json\/wp\/v2\/users\/1760"}],"replies":[{"embeddable":true,"href":"https:\/\/linitiative.ca\/International\/wp-json\/wp\/v2\/comments?post=100942"}],"version-history":[{"count":0,"href":"https:\/\/linitiative.ca\/International\/wp-json\/wp\/v2\/posts\/100942\/revisions"}],"wp:attachment":[{"href":"https:\/\/linitiative.ca\/International\/wp-json\/wp\/v2\/media?parent=100942"}],"wp:term":[{"taxonomy":"category","embeddable":true,"href":"https:\/\/linitiative.ca\/International\/wp-json\/wp\/v2\/categories?post=100942"},{"taxonomy":"post_tag","embeddable":true,"href":"https:\/\/linitiative.ca\/International\/wp-json\/wp\/v2\/tags?post=100942"}],"curies":[{"name":"wp","href":"https:\/\/api.w.org\/{rel}","templated":true}]}}