{"id":100944,"date":"2020-10-06T10:16:29","date_gmt":"2020-10-06T14:16:29","guid":{"rendered":"https:\/\/linitiative.ca\/International\/%ef%bb%bfrepli-de-leconomie-de-87-au-3e-trimestre-2020\/"},"modified":"2020-10-06T10:16:29","modified_gmt":"2020-10-06T14:16:29","slug":"%ef%bb%bfrepli-de-leconomie-de-87-au-3e-trimestre-2020","status":"publish","type":"post","link":"https:\/\/linitiative.ca\/International\/%ef%bb%bfrepli-de-leconomie-de-87-au-3e-trimestre-2020\/","title":{"rendered":"\ufeffRepli de l\u2019\u00e9conomie de 8,7% au 3e trimestre 2020"},"content":{"rendered":"<p class=\"has-text-color has-vivid-red-color c2\"><strong>Selon le Haut-Commissariat au Plan<\/strong><\/p>\n<p class=\"has-text-color c3\"><em>L\u2019\u00e9conomie nationale aurait r\u00e9gress\u00e9 de 8,7% au 3\u00e8me trimestre 2020, soit une baisse moins prononc\u00e9e qu\u2019au T2 (-14,9%), selon le Haut-Commissariat au Plan (HCP).<\/em><\/p>\n<p>\u00ab\u00a0Au troisi\u00e8me trimestre 2020, l\u2019all\u00e8gement des mesures de confinement aurait permis un l\u00e9ger redressement de l\u2019activit\u00e9 et la baisse de la croissance aurait \u00e9t\u00e9 moins prononc\u00e9e qu\u2019au trimestre pr\u00e9c\u00e9dent. Cette \u00e9volution serait attribuable au repli de 9% de la valeur ajout\u00e9e non-agricole, au lieu de -15,5% un trimestre plus t\u00f4t\u00a0\u00bb, indique le HCP qui vient de publier sa note de conjoncture du T3 et perspectives pour le T4.<\/p>\n<p>Dans le secteur secondaire, le repli de l\u2019activit\u00e9 se serait att\u00e9nu\u00e9e, s\u2019\u00e9tablissant \u00e0 -8,5%, au lieu de -17,3%, poursuit la m\u00eame source, pr\u00e9cisant que dans un contexte de baisse des prix \u00e0 la production pour le deuxi\u00e8me trimestre successif, l\u2019industrie manufacturi\u00e8re aurait continu\u00e9 de p\u00e2tir de la faible dynamique de la demande int\u00e9rieure et de la poursuite du repli des exportations.<\/p>\n<p>A l\u2019exception des industries de la chimie et, dans une moindre mesure, celle de l\u2019agroalimentaire, les carnets de commandes notamment \u00e9trangers, auraient \u00e9t\u00e9 peu garnis, en particulier pour l\u2019a\u00e9ronautique et l\u2019\u00e9lectronique. Le secteur du b\u00e2timent et travaux publics (BTP) aurait, \u00e9galement, continu\u00e9 de p\u00e2tir de la baisse des mises en chantier et de la faible demande adress\u00e9e \u00e0 l\u2019immobilier r\u00e9sidentiel.<\/p>\n<p>Auteur: M&rsquo;hammed rahal<br \/>\n<a href=\"http:\/\/albayane.press.ma\/%EF%BB%BFrepli-de-leconomie-de-87-au-3e-trimestre-2020.html\">Cliquez ici pour lire l&rsquo;article depuis sa source.<\/a><\/p>\n","protected":false},"excerpt":{"rendered":"<p>Selon le Haut-Commissariat au Plan L\u2019\u00e9conomie nationale aurait r\u00e9gress\u00e9 de 8,7% au 3\u00e8me trimestre 2020, soit une baisse moins prononc\u00e9e qu\u2019au T2 (-14,9%), selon le Haut-Commissariat au Plan (HCP). \u00ab\u00a0Au troisi\u00e8me trimestre 2020, l\u2019all\u00e8gement des mesures de confinement aurait permis un l\u00e9ger redressement de l\u2019activit\u00e9 et la baisse de la croissance aurait \u00e9t\u00e9 moins prononc\u00e9e [&hellip;]<\/p>\n","protected":false},"author":1760,"featured_media":0,"comment_status":"closed","ping_status":"closed","sticky":false,"template":"","format":"standard","meta":{"fifu_image_url":"","fifu_image_alt":"","footnotes":""},"categories":[73,54],"tags":[],"class_list":["post-100944","post","type-post","status-publish","format-standard","hentry","category-actualite","category-maroc"],"_links":{"self":[{"href":"https:\/\/linitiative.ca\/International\/wp-json\/wp\/v2\/posts\/100944","targetHints":{"allow":["GET"]}}],"collection":[{"href":"https:\/\/linitiative.ca\/International\/wp-json\/wp\/v2\/posts"}],"about":[{"href":"https:\/\/linitiative.ca\/International\/wp-json\/wp\/v2\/types\/post"}],"author":[{"embeddable":true,"href":"https:\/\/linitiative.ca\/International\/wp-json\/wp\/v2\/users\/1760"}],"replies":[{"embeddable":true,"href":"https:\/\/linitiative.ca\/International\/wp-json\/wp\/v2\/comments?post=100944"}],"version-history":[{"count":0,"href":"https:\/\/linitiative.ca\/International\/wp-json\/wp\/v2\/posts\/100944\/revisions"}],"wp:attachment":[{"href":"https:\/\/linitiative.ca\/International\/wp-json\/wp\/v2\/media?parent=100944"}],"wp:term":[{"taxonomy":"category","embeddable":true,"href":"https:\/\/linitiative.ca\/International\/wp-json\/wp\/v2\/categories?post=100944"},{"taxonomy":"post_tag","embeddable":true,"href":"https:\/\/linitiative.ca\/International\/wp-json\/wp\/v2\/tags?post=100944"}],"curies":[{"name":"wp","href":"https:\/\/api.w.org\/{rel}","templated":true}]}}