{"id":100945,"date":"2020-10-06T07:02:58","date_gmt":"2020-10-06T11:02:58","guid":{"rendered":"https:\/\/linitiative.ca\/International\/lg-engage-une-strategie-dexpansion-au-moyen-orient-et-en-afrique\/"},"modified":"2020-10-06T07:02:58","modified_gmt":"2020-10-06T11:02:58","slug":"lg-engage-une-strategie-dexpansion-au-moyen-orient-et-en-afrique","status":"publish","type":"post","link":"https:\/\/linitiative.ca\/International\/lg-engage-une-strategie-dexpansion-au-moyen-orient-et-en-afrique\/","title":{"rendered":"LG engage une strat\u00e9gie d\u2019expansion au moyen orient et en afrique"},"content":{"rendered":"<p><em>\u00a0<\/em><\/p>\n<p>Un cadre sup\u00e9rieur de LG Electronics a fait part de l\u2019intention de la soci\u00e9t\u00e9 d\u2019\u00e9tendre sa pr\u00e9sence dans le secteur de l\u2019industrie CVC (chauffage, ventilation et climatisation) au Moyen Orient et en Afrique. Lors d\u2019une conf\u00e9rence virtuelle, le responsable des solutions a\u00e9riennes au d\u00e9partement commercial de LG a expliqu\u00e9 la philosophie de la marque de devenir un partenaire fiable dans la r\u00e9gion sur la base des valeurs d\u2019int\u00e9gration, d\u2019expertise et d\u2019engagement ainsi que d\u2019une nouvelle gamme de solutions de purification d\u2019air pour les espaces commerciaux, r\u00e9sidentiels et de bureaux.<\/p>\n<p>\u201c La plupart des gens consid\u00e8rent LG comme une marque de machines \u00e0 laver et de r\u00e9frig\u00e9rateurs mais nous offrons des solutions dans plusieurs secteurs que les consommateurs ne voient pas\u201d a indiqu\u00e9 Dr. Lee Kam-gyu, directeur de l\u2019unit\u00e9 commerciale Air Solution de LG.<\/p>\n<p>Depuis le d\u00e9clenchement de la pand\u00e9mie et l\u2019augmentation du temps pass\u00e9 \u00e0 l\u2019int\u00e9rieur de la maison, l\u2019inqui\u00e9tude au sujet de la qualit\u00e9 de l\u2019air a grandi. Les besoins de solutions de haute qualit\u00e9 de CVC et de gestion de l\u2019air ont augment\u00e9 \u00e0 cause de la pand\u00e9mie et les produits LG \u2013 qui non seulement r\u00e9pondent mais d\u00e9passent les directives sur la qualit\u00e9 de l\u2019air dans la r\u00e9gion\u2013 ont connu une demande inattendue.<\/p>\n<p>Pour augmenter davantage la valeur pour les clients du Moyen Orient et de l\u2019Afrique et accroitre le niveau de confiance dans la marque, LG se concentre sur ses trois valeurs fondamentales d\u2019int\u00e9gration, d\u2019expertise et d\u2019engagement. En tant qu\u2019int\u00e9grateur, LG offrira encore plus de solutions optimis\u00e9es CVC et de gestion d\u2019\u00e9nergie pour chaque projet pour atteindre le cout total d\u2019acquisition minimum pour ses clients.<\/p>\n<p>James Lee, pr\u00e9sident de LG Moyen Orient et Afrique, a renforc\u00e9 l\u2019exp\u00e9rience et l\u2019engagement de LG au Moyen Orient et en Afrique.\u201cLa principale raison de notre succ\u00e8s dans cette r\u00e9gion jusque-l\u00e0 r\u00e9side dans notre engagement \u00e0 comprendre et r\u00e9pondre aux besoins r\u00e9els du march\u00e9 du Moyen Orient et d\u2019Afrique,\u201d a d\u00e9clar\u00e9 Lee. \u201cPour aller au-del\u00e0 de cela, il faudra significativement plus de technologie, d\u2019innovation et surtout plus de service client.\u201d<\/p>\n<p>Conform\u00e9ment \u00e0 cette strat\u00e9gie, LG a introduit dans la r\u00e9gion des produits et des solutions con\u00e7us pour offrir la meilleure technologie que l\u2019entreprise puisse fournir. Par exemple, une nouvelle gamme de cassette DUAL Vane mont\u00e9e au plafond pr\u00e9sente un puissant processus de purification d\u2019air en cinq \u00e9tapes parfaitement con\u00e7ues dans l\u2019unit\u00e9 elle-m\u00eame. Grace \u00e0 sa nouvelle conception inclusive de purification d\u2019air, ce produit de pointe offre divers modes de flux d\u2019air qui sont personnalis\u00e9s de mani\u00e8re optimale pour tous les espaces, fournissant un air propre et filtr\u00e9 \u00e0 l\u2019int\u00e9rieur.<\/p>\n<p>\u201cEn tant que fournisseur mondial de solution CVC, nous cherchons \u00e0 enrichir \u00e0 la fois la vie humaine et la nature au Moyen Orient et en Afrique,\u201d a indiqu\u00e9 Lee.<\/p>\n<p><img loading=\"lazy\" decoding=\"async\" class=\" wp-image-16885 alignleft\" src=\"http:\/\/lexpertjournal.net\/fr\/wp-content\/uploads\/sites\/2\/2020\/10\/01-LG-Air-Solution-MEA-Digital-Press-Conference_Overview-300x132.jpg\" alt=\"\" width=\"498\" height=\"219\" srcset=\"http:\/\/lexpertjournal.net\/fr\/wp-content\/uploads\/sites\/2\/2020\/10\/01-LG-Air-Solution-MEA-Digital-Press-Conference_Overview-300x132.jpg 300w, http:\/\/lexpertjournal.net\/fr\/wp-content\/uploads\/sites\/2\/2020\/10\/01-LG-Air-Solution-MEA-Digital-Press-Conference_Overview-1024x451.jpg 1024w, http:\/\/lexpertjournal.net\/fr\/wp-content\/uploads\/sites\/2\/2020\/10\/01-LG-Air-Solution-MEA-Digital-Press-Conference_Overview-768x338.jpg 768w, http:\/\/lexpertjournal.net\/fr\/wp-content\/uploads\/sites\/2\/2020\/10\/01-LG-Air-Solution-MEA-Digital-Press-Conference_Overview-1536x677.jpg 1536w, http:\/\/lexpertjournal.net\/fr\/wp-content\/uploads\/sites\/2\/2020\/10\/01-LG-Air-Solution-MEA-Digital-Press-Conference_Overview-2048x902.jpg 2048w\" sizes=\"auto, (max-width: 498px) 100vw, 498px\"\/><img loading=\"lazy\" decoding=\"async\" class=\"alignnone size-medium wp-image-16886\" src=\"http:\/\/lexpertjournal.net\/fr\/wp-content\/uploads\/sites\/2\/2020\/10\/03-LG-Air-Solution-MEA-Digital-Press-Conference_DUAL-Vane-300x226.jpg\" alt=\"\" width=\"300\" height=\"226\" srcset=\"http:\/\/lexpertjournal.net\/fr\/wp-content\/uploads\/sites\/2\/2020\/10\/03-LG-Air-Solution-MEA-Digital-Press-Conference_DUAL-Vane-300x226.jpg 300w, http:\/\/lexpertjournal.net\/fr\/wp-content\/uploads\/sites\/2\/2020\/10\/03-LG-Air-Solution-MEA-Digital-Press-Conference_DUAL-Vane-768x577.jpg 768w, http:\/\/lexpertjournal.net\/fr\/wp-content\/uploads\/sites\/2\/2020\/10\/03-LG-Air-Solution-MEA-Digital-Press-Conference_DUAL-Vane.jpg 907w\" sizes=\"auto, (max-width: 300px) 100vw, 300px\"\/><\/p>\n<div class=\"wp-post-author-wrap wp-post-author-shortcode left\">\n<h3 class=\"awpa-title\"\/>\n<div class=\"wp-post-author\">\n<div class=\"awpa-img awpa-author-block square\"><a href=\"http:\/\/lexpertjournal.net\/fr\/?author=5\"><img loading=\"lazy\" decoding=\"async\" alt=\"\" src=\"http:\/\/0.gravatar.com\/avatar\/97f8e10a1c1125ba104a76514ee07b16?s=150&amp;d=mm&amp;r=g\" srcset=\"http:\/\/0.gravatar.com\/avatar\/97f8e10a1c1125ba104a76514ee07b16?s=300&amp;d=mm&amp;r=g 2x\" class=\"avatar avatar-150 photo\" height=\"150\" width=\"150\"\/><\/a><\/div>\n<\/div>\n<\/div>\n<aside class=\"mashsb-container mashsb-main mashsb-stretched\">\n<\/aside>\n<p>Auteur: L&rsquo;expert<br \/>\n<a href=\"http:\/\/lexpertjournal.net\/fr\/?p=16883\">Cliquez ici pour lire l&rsquo;article depuis sa source.<\/a><\/p>\n","protected":false},"excerpt":{"rendered":"<p>\u00a0 Un cadre sup\u00e9rieur de LG Electronics a fait part de l\u2019intention de la soci\u00e9t\u00e9 d\u2019\u00e9tendre sa pr\u00e9sence dans le secteur de l\u2019industrie CVC (chauffage, ventilation et climatisation) au Moyen Orient et en Afrique. Lors d\u2019une conf\u00e9rence virtuelle, le responsable des solutions a\u00e9riennes au d\u00e9partement commercial de LG a expliqu\u00e9 la philosophie de la marque [&hellip;]<\/p>\n","protected":false},"author":1775,"featured_media":100946,"comment_status":"closed","ping_status":"closed","sticky":false,"template":"","format":"standard","meta":{"fifu_image_url":"","fifu_image_alt":"","footnotes":""},"categories":[78,55],"tags":[],"class_list":["post-100945","post","type-post","status-publish","format-standard","has-post-thumbnail","hentry","category-economie","category-tunisie"],"_links":{"self":[{"href":"https:\/\/linitiative.ca\/International\/wp-json\/wp\/v2\/posts\/100945","targetHints":{"allow":["GET"]}}],"collection":[{"href":"https:\/\/linitiative.ca\/International\/wp-json\/wp\/v2\/posts"}],"about":[{"href":"https:\/\/linitiative.ca\/International\/wp-json\/wp\/v2\/types\/post"}],"author":[{"embeddable":true,"href":"https:\/\/linitiative.ca\/International\/wp-json\/wp\/v2\/users\/1775"}],"replies":[{"embeddable":true,"href":"https:\/\/linitiative.ca\/International\/wp-json\/wp\/v2\/comments?post=100945"}],"version-history":[{"count":0,"href":"https:\/\/linitiative.ca\/International\/wp-json\/wp\/v2\/posts\/100945\/revisions"}],"wp:featuredmedia":[{"embeddable":true,"href":"https:\/\/linitiative.ca\/International\/wp-json\/"}],"wp:attachment":[{"href":"https:\/\/linitiative.ca\/International\/wp-json\/wp\/v2\/media?parent=100945"}],"wp:term":[{"taxonomy":"category","embeddable":true,"href":"https:\/\/linitiative.ca\/International\/wp-json\/wp\/v2\/categories?post=100945"},{"taxonomy":"post_tag","embeddable":true,"href":"https:\/\/linitiative.ca\/International\/wp-json\/wp\/v2\/tags?post=100945"}],"curies":[{"name":"wp","href":"https:\/\/api.w.org\/{rel}","templated":true}]}}