{"id":100954,"date":"2020-10-06T08:41:00","date_gmt":"2020-10-06T12:41:00","guid":{"rendered":"https:\/\/linitiative.ca\/International\/une-quarantaine-de-personnes-maintenues-en-garde-a-vue\/"},"modified":"2020-10-06T08:41:00","modified_gmt":"2020-10-06T12:41:00","slug":"une-quarantaine-de-personnes-maintenues-en-garde-a-vue","status":"publish","type":"post","link":"https:\/\/linitiative.ca\/International\/une-quarantaine-de-personnes-maintenues-en-garde-a-vue\/","title":{"rendered":"Une quarantaine de personnes maintenues en garde \u00e0 vue"},"content":{"rendered":"<div id=\"originalText\" readability=\"55\">\n<p>Une quarantaine de personnes dont six femmes arr\u00eat\u00e9es, hier, \u00e0 Alger, lors de la manifestation improvis\u00e9e pour comm\u00e9morer les \u00e9v\u00e9nements du 5 octobre 1988, ont \u00e9t\u00e9 maintenues en garde \u00e0 vue. Ils devront passer demain devant le procureur de la r\u00e9publique, a-t-on appris de Me Hafid Tamert.<\/p>\n<p>Par ailleurs, toutes les personnes arr\u00eat\u00e9es lors de la marche \u00e0 Annaba, ont \u00e9t\u00e9 rel\u00e2ch\u00e9es tard dans la soir\u00e9e d\u2019hier, tandis que cinq manifestants seront pr\u00e9sent\u00e9s aujourd\u2019hui devant le procureur du tribunal de Cit\u00e9 Djamel, \u00e0\u00a0Oran,\u00a0a rapport\u00e9 le Comit\u00e9 National pour la Lib\u00e9ration des d\u00e9tenus (CNLD).<\/p>\n<p>\u00c0 Jijel, trois manifestants ont \u00e9t\u00e9 \u00e9galement plac\u00e9s en garde \u00e0 vue et seront pr\u00e9sent\u00e9s devant le procureur du tribunal, ce Mardi 6 Octobre, a indiqu\u00e9 la m\u00eame source.<\/p>\n<p class=\"c6\"><strong>Kenza SIFI<\/strong><\/p>\n<\/div>\n<div id=\"text_core\" readability=\"55\">\n<p>Une quarantaine de personnes dont six femmes arr\u00eat\u00e9es, hier, \u00e0 Alger, lors de la manifestation improvis\u00e9e pour comm\u00e9morer les \u00e9v\u00e9nements du 5 octobre 1988, ont \u00e9t\u00e9 maintenues en garde \u00e0 vue. Ils devront passer demain devant le procureur de la r\u00e9publique, a-t-on appris de Me Hafid Tamert.<\/p>\n<p>Par ailleurs, toutes les personnes arr\u00eat\u00e9es lors de la marche \u00e0 Annaba, ont \u00e9t\u00e9 rel\u00e2ch\u00e9es tard dans la soir\u00e9e d\u2019hier, tandis que cinq manifestants seront pr\u00e9sent\u00e9s aujourd\u2019hui devant le procureur du tribunal de Cit\u00e9 Djamel, \u00e0\u00a0Oran,\u00a0a rapport\u00e9 le Comit\u00e9 National pour la Lib\u00e9ration des d\u00e9tenus (CNLD).<\/p>\n<p>\u00c0 Jijel, trois manifestants ont \u00e9t\u00e9 \u00e9galement plac\u00e9s en garde \u00e0 vue et seront pr\u00e9sent\u00e9s devant le procureur du tribunal, ce Mardi 6 Octobre, a indiqu\u00e9 la m\u00eame source.<\/p>\n<p class=\"c6\"><strong>Kenza SIFI<\/strong><\/p>\n<\/div>\n<p>Auteur:<br \/>\n<a href=\"https:\/\/www.liberte-algerie.com\/actualite\/une-quarantaine-de-personnes-maintenues-en-garde-a-vue-346821\">Cliquez ici pour lire l&rsquo;article depuis sa source.<\/a><\/p>\n","protected":false},"excerpt":{"rendered":"<p>Une quarantaine de personnes dont six femmes arr\u00eat\u00e9es, hier, \u00e0 Alger, lors de la manifestation improvis\u00e9e pour comm\u00e9morer les \u00e9v\u00e9nements du 5 octobre 1988, ont \u00e9t\u00e9 maintenues en garde \u00e0 vue. Ils devront passer demain devant le procureur de la r\u00e9publique, a-t-on appris de Me Hafid Tamert. Par ailleurs, toutes les personnes arr\u00eat\u00e9es lors de [&hellip;]<\/p>\n","protected":false},"author":1742,"featured_media":0,"comment_status":"closed","ping_status":"closed","sticky":false,"template":"","format":"standard","meta":{"fifu_image_url":"","fifu_image_alt":"","footnotes":""},"categories":[73,53],"tags":[],"class_list":["post-100954","post","type-post","status-publish","format-standard","hentry","category-actualite","category-algerie"],"_links":{"self":[{"href":"https:\/\/linitiative.ca\/International\/wp-json\/wp\/v2\/posts\/100954","targetHints":{"allow":["GET"]}}],"collection":[{"href":"https:\/\/linitiative.ca\/International\/wp-json\/wp\/v2\/posts"}],"about":[{"href":"https:\/\/linitiative.ca\/International\/wp-json\/wp\/v2\/types\/post"}],"author":[{"embeddable":true,"href":"https:\/\/linitiative.ca\/International\/wp-json\/wp\/v2\/users\/1742"}],"replies":[{"embeddable":true,"href":"https:\/\/linitiative.ca\/International\/wp-json\/wp\/v2\/comments?post=100954"}],"version-history":[{"count":0,"href":"https:\/\/linitiative.ca\/International\/wp-json\/wp\/v2\/posts\/100954\/revisions"}],"wp:attachment":[{"href":"https:\/\/linitiative.ca\/International\/wp-json\/wp\/v2\/media?parent=100954"}],"wp:term":[{"taxonomy":"category","embeddable":true,"href":"https:\/\/linitiative.ca\/International\/wp-json\/wp\/v2\/categories?post=100954"},{"taxonomy":"post_tag","embeddable":true,"href":"https:\/\/linitiative.ca\/International\/wp-json\/wp\/v2\/tags?post=100954"}],"curies":[{"name":"wp","href":"https:\/\/api.w.org\/{rel}","templated":true}]}}