{"id":100959,"date":"2020-10-06T09:47:59","date_gmt":"2020-10-06T13:47:59","guid":{"rendered":"https:\/\/linitiative.ca\/International\/trafic-de-drogue-interpellation-dun-francais\/"},"modified":"2020-10-06T09:47:59","modified_gmt":"2020-10-06T13:47:59","slug":"trafic-de-drogue-interpellation-dun-francais","status":"publish","type":"post","link":"https:\/\/linitiative.ca\/International\/trafic-de-drogue-interpellation-dun-francais\/","title":{"rendered":"Trafic de drogue: Interpellation d\u2019un Fran\u00e7ais"},"content":{"rendered":"<div class=\"single-featured\"><img alt=\"\" data-src=\"http:\/\/www.mapmarrakech.ma\/map\/uploads\/2020\/08\/dgsn-.jpg\"\/><\/div>\n<div class=\"single-post-excerpt post-excerpt-bc\" readability=\"38\">\n<p>Les \u00e9l\u00e9ments du service de pr\u00e9fectoral de la police judiciaire de Marrakech ont interpel\u00e9 lundi, sur la base d\u2019informations pr\u00e9cises fournies par les services de la Direction g\u00e9n\u00e9rale de la surveillance du territoire, un citoyen fran\u00e7ais d\u2019origine alg\u00e9rienne, qui fait l\u2019objet d\u2019un mandat d\u2019arr\u00eat international \u00e9mis par les autorit\u00e9s judiciaires fran\u00e7aises pour ses liens pr\u00e9sum\u00e9s avec un r\u00e9seau criminel actif dans le trafic international de drogue et de psychotropes.<\/p>\n<\/div>\n<div class=\"entry-content clearfix single-post-content\" readability=\"50\">\n<p>La Direction g\u00e9n\u00e9rale de la s\u00fbret\u00e9 nationale (DGSN) a indiqu\u00e9 mardi, dans un communiqu\u00e9, que l\u2019op\u00e9ration de pointage dans la base de donn\u00e9es de l\u2019organisation internationale de police criminelle \u00ab\u00a0Interpol\u00a0\u00bb a r\u00e9v\u00e9l\u00e8 que le ressortissant \u00e9tranger fait l\u2019objet d\u2019une notice rouge \u00e9mise par les autorit\u00e9s judiciaires fran\u00e7aises, et ce pour son implication pr\u00e9sum\u00e9e dans des op\u00e9rations internationales de trafic de drogues.<\/p>\n<p>Le mis en cause a \u00e9t\u00e9 plac\u00e9 en garde \u00e0 vue conform\u00e9ment \u00e0 la proc\u00e9dure de son extradition, a ajout\u00e9 la DGSN, faisant savoir que les autorit\u00e9s fran\u00e7aises ont \u00e9t\u00e9 avis\u00e9es de cette interpellation pour envoyer le dossier d\u2019extradition.<\/p>\n<p>Cette interpellation intervient dans le cadre des relations de coop\u00e9ration s\u00e9curitaire internationale et des efforts d\u00e9ploy\u00e9s par les services de la s\u00fbret\u00e9 marocaine afin de poursuivre les individus recherch\u00e9s au niveau international pour des affaires de criminalit\u00e9 transnationale, conclut le communiqu\u00e9.<\/p>\n<\/div>\n<p>Auteur: Meriem IGASS<br \/>\n<a href=\"http:\/\/www.mapmarrakech.ma\/fr\/interpellation-dun-francais-pour-ses-liens-avec-un-reseau-de-trafic-de-drogue\/\">Cliquez ici pour lire l&rsquo;article depuis sa source.<\/a><\/p>\n","protected":false},"excerpt":{"rendered":"<p>Les \u00e9l\u00e9ments du service de pr\u00e9fectoral de la police judiciaire de Marrakech ont interpel\u00e9 lundi, sur la base d\u2019informations pr\u00e9cises fournies par les services de la Direction g\u00e9n\u00e9rale de la surveillance du territoire, un citoyen fran\u00e7ais d\u2019origine alg\u00e9rienne, qui fait l\u2019objet d\u2019un mandat d\u2019arr\u00eat international \u00e9mis par les autorit\u00e9s judiciaires fran\u00e7aises pour ses liens pr\u00e9sum\u00e9s [&hellip;]<\/p>\n","protected":false},"author":1788,"featured_media":100960,"comment_status":"closed","ping_status":"closed","sticky":false,"template":"","format":"standard","meta":{"fifu_image_url":"","fifu_image_alt":"","footnotes":""},"categories":[54,76],"tags":[],"class_list":["post-100959","post","type-post","status-publish","format-standard","has-post-thumbnail","hentry","category-maroc","category-regions"],"_links":{"self":[{"href":"https:\/\/linitiative.ca\/International\/wp-json\/wp\/v2\/posts\/100959","targetHints":{"allow":["GET"]}}],"collection":[{"href":"https:\/\/linitiative.ca\/International\/wp-json\/wp\/v2\/posts"}],"about":[{"href":"https:\/\/linitiative.ca\/International\/wp-json\/wp\/v2\/types\/post"}],"author":[{"embeddable":true,"href":"https:\/\/linitiative.ca\/International\/wp-json\/wp\/v2\/users\/1788"}],"replies":[{"embeddable":true,"href":"https:\/\/linitiative.ca\/International\/wp-json\/wp\/v2\/comments?post=100959"}],"version-history":[{"count":0,"href":"https:\/\/linitiative.ca\/International\/wp-json\/wp\/v2\/posts\/100959\/revisions"}],"wp:featuredmedia":[{"embeddable":true,"href":"https:\/\/linitiative.ca\/International\/wp-json\/"}],"wp:attachment":[{"href":"https:\/\/linitiative.ca\/International\/wp-json\/wp\/v2\/media?parent=100959"}],"wp:term":[{"taxonomy":"category","embeddable":true,"href":"https:\/\/linitiative.ca\/International\/wp-json\/wp\/v2\/categories?post=100959"},{"taxonomy":"post_tag","embeddable":true,"href":"https:\/\/linitiative.ca\/International\/wp-json\/wp\/v2\/tags?post=100959"}],"curies":[{"name":"wp","href":"https:\/\/api.w.org\/{rel}","templated":true}]}}