{"id":100961,"date":"2020-10-06T11:53:14","date_gmt":"2020-10-06T15:53:14","guid":{"rendered":"https:\/\/linitiative.ca\/International\/educatec-un-engagement-citoyen-en-faveur-de-la-formation-a-distance\/"},"modified":"2020-10-06T11:53:14","modified_gmt":"2020-10-06T15:53:14","slug":"educatec-un-engagement-citoyen-en-faveur-de-la-formation-a-distance","status":"publish","type":"post","link":"https:\/\/linitiative.ca\/International\/educatec-un-engagement-citoyen-en-faveur-de-la-formation-a-distance\/","title":{"rendered":"Educatec, un engagement citoyen en faveur de la formation \u00e0 distance"},"content":{"rendered":"<div readability=\"38\">\n<p>Benguerir \u2013 Le projet \u00ab\u00a0Educatec\u00a0\u00bb r\u00e9alis\u00e9 dans le cadre de l\u2019Initiative Nationale pour le D\u00e9veloppement Humain (INDH), avec pour finalit\u00e9 de promouvoir et encourager l\u2019enseignement \u00e0 distance, se veut une illustration \u00e9loquente de l\u2019engagement citoyen et responsable au niveau de la province de Rehamna, en faveur de ce type d\u2019\u00e9ducation.<\/p>\n<\/div>\n<div readability=\"163\">\n<p>Ce chantier, une \u00ab\u00a0avant-premi\u00e8re\u00a0\u00bb \u00e0 l\u2019\u00e9chelle nationale, est le fruit d\u2019un partenariat avec la province de Rehamna, la Direction provinciale de l\u2019Education Nationale, et \u00ab\u00a0l\u2019Association Educatic Rehamna\u00a0\u00bb, en coordination avec l\u2019association \u00ab\u00a0Kawkab des apprenants\u00a0\u00bb.<\/p>\n<p>Il vient conforter la position de la ville de Benguerir dans ses choix de faire de l\u2019\u00e9ducation et de la formation de l\u2019\u00e9l\u00e9ment humain, un pilier majeur du d\u00e9veloppement durable escompt\u00e9 et ce, conform\u00e9ment \u00e0 la Vision \u00e9clair\u00e9e de Sa Majest\u00e9 le Roi Mohammed VI et \u00e0 la Haute Sollicitude dont le Souverain ne cesse d\u2019entourer le secteur de l\u2019\u00e9ducation et de la formation.<\/p>\n<p>Inscrit dans le sillage de la d\u00e9marche de l\u2019INDH visant \u00e0 promouvoir les g\u00e9n\u00e9rations montantes et \u00e0 leur permettre une formation de qualit\u00e9 et une parfaite maitrise des outils num\u00e9riques de communication et d\u2019information, \u00ab\u00a0Educatec\u00a0\u00bb est, sans nul conteste, au diapason des derni\u00e8res technologies en mati\u00e8re de digitalisation des contenus p\u00e9dagogiques.<\/p>\n<p>Consid\u00e9r\u00e9 comme \u00e9tant l\u2019un des chantiers phares de d\u00e9veloppement humain ouverts au niveau de cette partie du territoire national en vue de la promotion de la scolarisation des jeunes et d\u2019une formation solide des apprenants, Educatec se propose ainsi de permettre aux jeunes scolaris\u00e9s, tous cycles confondus, notamment ceux issus du monde rural et ne disposant pas d\u2019une connexion Internet, de disposer de cours enregistr\u00e9s.<\/p>\n<p>Au rang des finalit\u00e9s de ce projet pilote figurent \u00e9galement sa grande particularit\u00e9, \u00e0 savoir celle de faciliter le recours aux technologies les plus avanc\u00e9es en mati\u00e8re d\u2019appui scolaire via la formation \u00e0 distance, outre l\u2019att\u00e9nuation des effets n\u00e9fastes de la propagation de la pand\u00e9mie du nouveau coronavirus (Covid-19).<\/p>\n<p>En d\u2019autres termes, Educatec est con\u00e7u de mani\u00e8re \u00e0 cibler les \u00e9coliers du primaire et les \u00e9l\u00e8ves des cycles du coll\u00e9gial et du secondaire \u00e9tablis dans des zones d\u00e9pourvues de connexion Internet.<\/p>\n<p>Le projet est scind\u00e9 en plusieurs composantes, \u00e0 savoir l\u2019enregistrement (num\u00e9risation) de cours concernant l\u2019ensemble des niveaux scolaires (primaire, coll\u00e9gial et secondaire), et l\u2019acquisition d\u2019\u00e9quipements et mat\u00e9riels ad\u00e9quats pour la production de contenus num\u00e9riques, tout en incitant les participants \u00e0 s\u2019associer pleinement \u00e0 cette op\u00e9ration de production de ces contenus.<\/p>\n<p>Et ce n\u2019est pas un hasard de voir ce projet \u00e9merger depuis la ville de Benguerir qui a eu tout r\u00e9cemment le grand m\u00e9rite et le privil\u00e8ge d\u2019\u00eatre admise au sein du R\u00e9seau mondial de l\u2019Organisation des Nations Unies pour l\u2019Education, la Science et la Culture (UNESCO) aux c\u00f4t\u00e9s de plus de 174 villes apprenantes (GNLC) dans 55 pays, cr\u00e9\u00e9 conform\u00e9ment \u00e0 la \u00ab\u00a0D\u00e9claration de P\u00e9kin sur les villes apprenantes\u00a0\u00bb adopt\u00e9e par la Conf\u00e9rence mondiale sur les villes apprenantes, tenue dans la ville chinoise en 2013.<\/p>\n<p>Une cons\u00e9cration qui s\u2019explique par l\u2019engagement de la ville, ces derni\u00e8res ann\u00e9es, non seulement en faveur de l\u2019enseignement et de l\u2019\u00e9ducation, mais aussi de la formation des jeunes en faisant de l\u2019excellence un choix irr\u00e9versible et une d\u00e9marche soutenue et exig\u00e9e.<\/p>\n<p>Approch\u00e9 par la MAP \u00e0 cette occasion, M. Elmohaddeb El Mustapha, pr\u00e9sident de l\u2019Association Educatic Rehamna, a fait savoir que le projet Educatec, r\u00e9alis\u00e9 en partenariat avec l\u2019INDH, a pour objectif de venir en aide aux \u00e9l\u00e8ves et \u00e9tudiants souffrant de probl\u00e8mes scolaires et ce, \u00e0 travers leur appui p\u00e9dagogique \u00e0 distance.<\/p>\n<p>Dans ce sens, M. Elmohaddeb, \u00e9galement pr\u00e9sident du Centre provincial des examens \u00e0 la direction provinciale de l\u2019Education Nationale de Rehamna, a indiqu\u00e9 qu\u2019un Studio dot\u00e9 d\u2019un \u00e9metteur et d\u2019\u00e9quipements ultramodernes, dont un tableau interactif, a \u00e9t\u00e9 am\u00e9nag\u00e9 au sein de la direction provinciale de l\u2019Education Nationale de Rehamna \u00e0 partir duquel, l\u2019enseignant peut venir donner ses cours \u00e0 distance et \u00eatre suivi \u00ab\u00a0directement\u00a0\u00bb par les apprenants souffrant de probl\u00e8mes scolaires, inscrits dans une trentaine d\u2019\u00e9tablissements \u00e9quip\u00e9s de salles multim\u00e9dia et de relais de r\u00e9ception, \u00e0 l\u2019\u00e9chelle de la province.<\/p>\n<p>Le second volet de ce projet, a-t-il encha\u00een\u00e9, consiste en l\u2019enregistrement dans le Studio d\u2019une s\u00e9rie de contenus num\u00e9riques, avant leur insertion dans des cl\u00e9s USB \u00e0 distribuer par la suite au profit des apprenants, notant que ce programme en cours d\u2019ex\u00e9cution est intervenu dans un contexte marqu\u00e9 par la propagation de la pand\u00e9mie du nouveau coronavirus<\/p>\n<p>Le chef de la Division des Affaires Sociales (DAS) \u00e0 la pr\u00e9fecture de la province de Rehamna, M. Mohamed Liaaychi, a rappel\u00e9 l\u2019esprit de l\u2019INDH, notamment dans sa phase III qui met l\u2019accent sur le d\u00e9veloppement de l\u2019\u00e9l\u00e9ment humain, notant que partant de ce constat, le Comit\u00e9 Provincial de D\u00e9veloppement Humain (CPDH), pr\u00e9sid\u00e9 par le gouverneur, M. Aziz Bouignane, a veill\u00e9 \u00e0 la mise en application sur le terrain de l\u2019ensemble de ces orientations.<\/p>\n<p>C\u2019est dans ce sens qu\u2019il a \u00e9t\u00e9 proc\u00e9d\u00e9 \u00e0 la programmation du projet Educatec Rehamna, qui vise \u00e0 favoriser et \u00e0 promouvoir l\u2019\u00e9ducation \u00e0 distance, a-t-il soulign\u00e9, relevant qu\u2019en ces temps de la Covid-19, il \u00e9tait donc possible d\u2019offrir des cours aux \u00e9l\u00e8ves et \u00e9tudiants issus du monde rural.<\/p>\n<p>\u00ab\u00a0Toujours dans le cadre des efforts d\u00e9ploy\u00e9s en vue de la promotion de l\u2019\u00e9ducation et la formation au niveau provincial, il a \u00e9t\u00e9 proc\u00e9d\u00e9 au lancement d\u2019un projet exemplaire baptis\u00e9 \u00ab\u00a0le cartable \u00e9lectronique\u00a0\u00bb \u00e0 travers lequel, l\u2019accent sera mis sur l\u2019enregistrement de l\u2019ensemble des cours pour tous les niveaux scolaires, afin de les mettre \u00e0 la disposition des apprenants m\u00eame ceux ne disposant pas de connexion Internet\u00a0\u00bb, a-t-il expliqu\u00e9 en guise de conclusion.<\/p>\n<\/div>\n<p>Auteur: Meriem IGASS<br \/>\n<a href=\"http:\/\/www.mapmarrakech.ma\/fr\/educatec-un-engagement-citoyen-en-faveur-de-lenseignement-a-distance\/\">Cliquez ici pour lire l&rsquo;article depuis sa source.<\/a><\/p>\n","protected":false},"excerpt":{"rendered":"<p>Benguerir \u2013 Le projet \u00ab\u00a0Educatec\u00a0\u00bb r\u00e9alis\u00e9 dans le cadre de l\u2019Initiative Nationale pour le D\u00e9veloppement Humain (INDH), avec pour finalit\u00e9 de promouvoir et encourager l\u2019enseignement \u00e0 distance, se veut une illustration \u00e9loquente de l\u2019engagement citoyen et responsable au niveau de la province de Rehamna, en faveur de ce type d\u2019\u00e9ducation. Ce chantier, une \u00ab\u00a0avant-premi\u00e8re\u00a0\u00bb \u00e0 [&hellip;]<\/p>\n","protected":false},"author":1788,"featured_media":0,"comment_status":"closed","ping_status":"closed","sticky":false,"template":"","format":"standard","meta":{"fifu_image_url":"","fifu_image_alt":"","footnotes":""},"categories":[54,76],"tags":[],"class_list":["post-100961","post","type-post","status-publish","format-standard","hentry","category-maroc","category-regions"],"_links":{"self":[{"href":"https:\/\/linitiative.ca\/International\/wp-json\/wp\/v2\/posts\/100961","targetHints":{"allow":["GET"]}}],"collection":[{"href":"https:\/\/linitiative.ca\/International\/wp-json\/wp\/v2\/posts"}],"about":[{"href":"https:\/\/linitiative.ca\/International\/wp-json\/wp\/v2\/types\/post"}],"author":[{"embeddable":true,"href":"https:\/\/linitiative.ca\/International\/wp-json\/wp\/v2\/users\/1788"}],"replies":[{"embeddable":true,"href":"https:\/\/linitiative.ca\/International\/wp-json\/wp\/v2\/comments?post=100961"}],"version-history":[{"count":0,"href":"https:\/\/linitiative.ca\/International\/wp-json\/wp\/v2\/posts\/100961\/revisions"}],"wp:attachment":[{"href":"https:\/\/linitiative.ca\/International\/wp-json\/wp\/v2\/media?parent=100961"}],"wp:term":[{"taxonomy":"category","embeddable":true,"href":"https:\/\/linitiative.ca\/International\/wp-json\/wp\/v2\/categories?post=100961"},{"taxonomy":"post_tag","embeddable":true,"href":"https:\/\/linitiative.ca\/International\/wp-json\/wp\/v2\/tags?post=100961"}],"curies":[{"name":"wp","href":"https:\/\/api.w.org\/{rel}","templated":true}]}}